{"id":93574,"date":"2019-11-07T11:34:15","date_gmt":"2019-11-07T08:34:15","guid":{"rendered":"http:\/\/arantv.az\/?p=93574"},"modified":"2019-11-07T11:34:15","modified_gmt":"2019-11-07T08:34:15","slug":"mudafi%c9%99-naziri-erm%c9%99nistanin-tutdugu-movqe-regional-t%c9%99hluk%c9%99sizliy%c9%99-ciddi-t%c9%99hdiddir","status":"publish","type":"post","link":"https:\/\/arantv.az\/?p=93574","title":{"rendered":"M\u00fcdafi\u0259 naziri: Erm\u0259nistan\u0131n tutdu\u011fu m\u00f6vqe regional t\u0259hl\u00fck\u0259sizliy\u0259 ciddi t\u0259hdiddir"},"content":{"rendered":"<p>Az\u0259rbaycan Respublikas\u0131n\u0131n M\u00fcdafi\u0259 naziri, general-polkovnik Zakir H\u0259s\u0259nov Fransa Respublikas\u0131n\u0131n \u00f6lk\u0259mizd\u0259 yeni t\u0259yin olunmu\u015f f\u00f6vq\u0259lad\u0259 v\u0259 s\u0259lahiyy\u0259tli s\u0259firi Zakari Qrosla g\u00f6r\u00fc\u015f\u00fcb.<\/p>\n<p>Bu bar\u0259d\u0259 Daxili \u0130\u015fl\u0259r Nazirliyind\u0259n m\u0259lumat verilib.<\/p>\n<p>M\u00fcdafi\u0259 naziri s\u0259firi \u00f6lk\u0259mizd\u0259 diplomatik f\u0259aliyy\u0259t\u0259 ba\u015flamas\u0131 m\u00fcnasib\u0259til\u0259 t\u0259brik edib v\u0259 ona Az\u0259rbaycan il\u0259 Fransa aras\u0131nda \u0259m\u0259kda\u015fl\u0131\u011f\u0131n geni\u015fl\u0259ndirilm\u0259si istiqam\u0259tind\u0259 u\u011furlar arzulay\u0131b.<\/p>\n<div id=\"AdviadNativeVideo0\" class=\"AdviadNativeVideo\"><\/div>\n<p>Az\u0259rbaycan il\u0259 Fransa aras\u0131nda h\u0259rbi \u0259laq\u0259l\u0259rin geni\u015fl\u0259ndirilm\u0259si m\u0259s\u0259l\u0259l\u0259rinin m\u00fczakir\u0259 olundu\u011fu g\u00f6r\u00fc\u015fd\u0259 regiondak\u0131 h\u0259rbi-siyasi v\u0259ziyy\u0259t, beyn\u0259lxalq v\u0259 regional t\u0259hl\u00fck\u0259sizlik probleml\u0259ri, el\u0259c\u0259 d\u0259 \u0259m\u0259kda\u015fl\u0131\u011f\u0131n inki\u015faf perspektivl\u0259rin\u0259 dair fikir m\u00fcbadil\u0259si apar\u0131l\u0131b.<\/p>\n<p>Qo\u015funlar\u0131n t\u0259mas x\u0259ttind\u0259ki haz\u0131rk\u0131 v\u0259ziyy\u0259t bar\u0259d\u0259 diplomata m\u0259lumat ver\u0259n M\u00fcdafi\u0259 naziri vur\u011fulay\u0131b ki, Da\u011fl\u0131q Qaraba\u011f m\u00fcnaqi\u015f\u0259sinin nizamlanmas\u0131 il\u0259 ba\u011fl\u0131 Erm\u0259nistan\u0131n tutdu\u011fu qeyri-konstruktiv m\u00f6vqe regional t\u0259hl\u00fck\u0259sizliy\u0259 ciddi t\u0259hdiddir.<\/p>\n<p>Nazir x\u00fcsusi qeyd edib ki, m\u0259s\u0259l\u0259nin h\u0259lli yolu beyn\u0259lxalq h\u00fcququn norma v\u0259 prinsipl\u0259ri \u0259sas\u0131nda Erm\u0259nistan\u0131n BMT-nin T\u0259hl\u00fck\u0259sizlik \u015euras\u0131n\u0131n m\u00fcvafiq q\u0259tnam\u0259l\u0259rinin t\u0259l\u0259bl\u0259rini yerin\u0259 yetirm\u0259y\u0259 m\u0259cbur edilm\u0259sidir.<\/p>\n<p>Fransan\u0131n b\u0259zi \u015f\u0259h\u0259rl\u0259ri il\u0259 Az\u0259rbaycan\u0131n i\u015f\u011fal olunmu\u015f \u0259razil\u0259rind\u0259ki qondarma rejim t\u0259r\u0259find\u0259n yarad\u0131lan \u201cyerli hakimiyy\u0259t orqanlar\u0131\u201d aras\u0131nda imzalanan bir ne\u00e7\u0259 qanunsuz \u201cm\u00fcqavil\u0259\u201dnin Fransan\u0131n m\u00fcvafiq m\u0259hk\u0259m\u0259l\u0259rinin q\u0259rarlar\u0131 il\u0259 l\u0259\u011fv olunmas\u0131n\u0131 y\u00fcks\u0259k d\u0259y\u0259rl\u0259ndir\u0259n M\u00fcdafi\u0259 naziri Fransan\u0131n AT\u018fT-in Minsk qrupunun h\u0259ms\u0259dr \u00f6lk\u0259si olaraq Da\u011fl\u0131q Qaraba\u011f m\u00fcnaqi\u015f\u0259sinin nizamlanmas\u0131nda s\u0259yl\u0259rinin daha da art\u0131raca\u011f\u0131na \u00fcmidvar oldu\u011funu bildirib.<\/p>\n<p>M\u00fcdafi\u0259 sah\u0259sind\u0259 ikit\u0259r\u0259fli m\u00fcnasib\u0259tl\u0259rin \u0259h\u0259miyy\u0259tini qeyd ed\u0259n general-polkovnik Z.H\u0259s\u0259nov Az\u0259rbaycan il\u0259 Fransa aras\u0131nda h\u0259rbi, h\u0259rbi-texniki v\u0259 h\u0259rbi t\u0259hsil sah\u0259l\u0259rind\u0259 \u0259m\u0259kda\u015fl\u0131\u011f\u0131n m\u00f6vcud v\u0259ziyy\u0259tini y\u00fcks\u0259k qiym\u0259tl\u0259ndirib.<\/p>\n<p>\u00d6z n\u00f6vb\u0259sind\u0259 \u00f6lk\u0259l\u0259rimiz aras\u0131nda \u0259m\u0259kda\u015fl\u0131\u011f\u0131n v\u0259 dost m\u00fcnasib\u0259tl\u0259rin oldu\u011funu qeyd ed\u0259n diplomat Fransan\u0131n Az\u0259rbaycan\u0131n suverenliyini, \u0259razi b\u00fct\u00f6vl\u00fcy\u00fcn\u00fc d\u0259st\u0259kl\u0259diyini vur\u011fulay\u0131b.<\/p>\n<p>S\u0259fir Z.Qros Fransan\u0131n Az\u0259rbaycan il\u0259 m\u00fcdafi\u0259 sah\u0259sind\u0259, x\u00fcsusil\u0259 h\u0259rbi-texniki, h\u0259rbi t\u0259hsil, h\u0259rbi tibb sah\u0259l\u0259rind\u0259 birg\u0259 layih\u0259l\u0259rin h\u0259yata ke\u00e7irildiyini v\u0259 bu proqramlar\u0131n inki\u015faf etdirilm\u0259sinin vacibliyini qeyd edib.<\/p>\n<p>G\u00f6r\u00fc\u015fd\u0259 t\u0259r\u0259fl\u0259r Fransan\u0131n m\u00fcdafi\u0259 m\u0259hsullar\u0131 istehsal ed\u0259n bir s\u0131ra \u015firk\u0259tl\u0259ri t\u0259r\u0259find\u0259n Az\u0259rbaycanda h\u0259yata ke\u00e7iril\u0259n m\u00fcxt\u0259lif layih\u0259l\u0259rin haz\u0131rk\u0131 v\u0259ziyy\u0259tini, el\u0259c\u0259 d\u0259 m\u00fcdafi\u0259 v\u0259 t\u0259hl\u00fck\u0259sizlik sah\u0259l\u0259rind\u0259 qar\u015f\u0131l\u0131ql\u0131 maraq do\u011furan dig\u0259r m\u0259s\u0259l\u0259l\u0259ri m\u00fczakir\u0259 edibl\u0259r.<\/p>\n<div class=\"gallery\">\n<div class=\"gallery-i\"><img src=\"https:\/\/assets.oxu.az\/uploads\/W1siZiIsIjIwMTkvMTEvMDcvMTEvMTcvNTQvZjMyNmIxYjEtN2QyYy00Nzg4LTgwN2MtNGVhMjdlOWNkMDRmLzU1MmRmMDJlYmFmOGYyNmUzYWU5YTYxNmRkYTk3OTQxICgxKS5qcGciXSxbInAiLCJlbmNvZGUiLCJqcGciLCItcXVhbGl0eSA4MCJdLFsicCIsInRodW1iIiwiNTkweDU5MFx1MDAzZSJdXQ?sha=5ea65b15b5961e44\" alt=\"\" \/><\/div>\n<\/div>\n","protected":false},"excerpt":{"rendered":"<p>Az\u0259rbaycan Respublikas\u0131n\u0131n M\u00fcdafi\u0259 naziri, general-polkovnik Zakir H\u0259s\u0259nov Fransa Respublikas\u0131n\u0131n \u00f6lk\u0259mizd\u0259 yeni t\u0259yin olunmu\u015f f\u00f6vq\u0259lad\u0259 v\u0259 s\u0259lahiyy\u0259tli s\u0259firi Zakari Qrosla g\u00f6r\u00fc\u015f\u00fcb. Bu bar\u0259d\u0259 Daxili \u0130\u015fl\u0259r Nazirliyind\u0259n m\u0259lumat verilib. M\u00fcdafi\u0259 naziri s\u0259firi \u00f6lk\u0259mizd\u0259 diplomatik f\u0259aliyy\u0259t\u0259 ba\u015flamas\u0131 m\u00fcnasib\u0259til\u0259 t\u0259brik edib v\u0259 ona Az\u0259rbaycan il\u0259 Fransa aras\u0131nda \u0259m\u0259kda\u015fl\u0131\u011f\u0131n geni\u015fl\u0259ndirilm\u0259si istiqam\u0259tind\u0259 u\u011furlar arzulay\u0131b. Az\u0259rbaycan il\u0259 Fransa aras\u0131nda h\u0259rbi \u0259laq\u0259l\u0259rin geni\u015fl\u0259ndirilm\u0259si m\u0259s\u0259l\u0259l\u0259rinin m\u00fczakir\u0259 olundu\u011fu g\u00f6r\u00fc\u015fd\u0259 regiondak\u0131 h\u0259rbi-siyasi v\u0259ziyy\u0259t, beyn\u0259lxalq v\u0259 regional t\u0259hl\u00fck\u0259sizlik probleml\u0259ri, el\u0259c\u0259 d\u0259 \u0259m\u0259kda\u015fl\u0131\u011f\u0131n inki\u015faf perspektivl\u0259rin\u0259 dair fikir m\u00fcbadil\u0259si apar\u0131l\u0131b. Qo\u015funlar\u0131n t\u0259mas x\u0259ttind\u0259ki haz\u0131rk\u0131 v\u0259ziyy\u0259t bar\u0259d\u0259 diplomata m\u0259lumat ver\u0259n M\u00fcdafi\u0259 naziri vur\u011fulay\u0131b ki, Da\u011fl\u0131q&hellip;<\/p>\n","protected":false},"author":2,"featured_media":93575,"comment_status":"closed","ping_status":"closed","sticky":false,"template":"","format":"standard","meta":{"om_disable_all_campaigns":false,"_monsterinsights_skip_tracking":false,"_monsterinsights_sitenote_active":false,"_monsterinsights_sitenote_note":"","_monsterinsights_sitenote_category":0},"categories":[1],"tags":[],"aioseo_notices":[],"gutentor_comment":0,"rttpg_featured_image_url":{"full":["https:\/\/arantv.az\/wp-content\/uploads\/2019\/11\/ROM_3596.jpg",620,413,false],"landscape":["https:\/\/arantv.az\/wp-content\/uploads\/2019\/11\/ROM_3596.jpg",620,413,false],"portraits":["https:\/\/arantv.az\/wp-content\/uploads\/2019\/11\/ROM_3596.jpg",620,413,false],"thumbnail":["https:\/\/arantv.az\/wp-content\/uploads\/2019\/11\/ROM_3596-150x150.jpg",150,150,true],"medium":["https:\/\/arantv.az\/wp-content\/uploads\/2019\/11\/ROM_3596-300x200.jpg",300,200,true],"large":["https:\/\/arantv.az\/wp-content\/uploads\/2019\/11\/ROM_3596.jpg",620,413,false],"1536x1536":["https:\/\/arantv.az\/wp-content\/uploads\/2019\/11\/ROM_3596.jpg",620,413,false],"2048x2048":["https:\/\/arantv.az\/wp-content\/uploads\/2019\/11\/ROM_3596.jpg",620,413,false],"post-thumbnail":["https:\/\/arantv.az\/wp-content\/uploads\/2019\/11\/ROM_3596-240x172.jpg",240,172,true],"advps-thumb-one":["https:\/\/arantv.az\/wp-content\/uploads\/2019\/11\/ROM_3596.jpg",620,413,false]},"rttpg_author":{"display_name":"V\u00fcsal Rafiqo\u011flu","author_link":"https:\/\/arantv.az\/?author=2"},"rttpg_comment":0,"rttpg_category":"<a href=\"https:\/\/arantv.az\/?cat=1\" rel=\"category\">C\u0259miyy\u0259t<\/a>","rttpg_excerpt":"Az\u0259rbaycan Respublikas\u0131n\u0131n M\u00fcdafi\u0259 naziri, general-polkovnik Zakir H\u0259s\u0259nov Fransa Respublikas\u0131n\u0131n \u00f6lk\u0259mizd\u0259 yeni t\u0259yin olunmu\u015f f\u00f6vq\u0259lad\u0259 v\u0259 s\u0259lahiyy\u0259tli s\u0259firi Zakari Qrosla g\u00f6r\u00fc\u015f\u00fcb. Bu bar\u0259d\u0259 Daxili \u0130\u015fl\u0259r Nazirliyind\u0259n m\u0259lumat verilib. M\u00fcdafi\u0259 naziri s\u0259firi \u00f6lk\u0259mizd\u0259 diplomatik f\u0259aliyy\u0259t\u0259 ba\u015flamas\u0131 m\u00fcnasib\u0259til\u0259 t\u0259brik edib v\u0259 ona Az\u0259rbaycan il\u0259 Fransa aras\u0131nda \u0259m\u0259kda\u015fl\u0131\u011f\u0131n geni\u015fl\u0259ndirilm\u0259si istiqam\u0259tind\u0259 u\u011furlar arzulay\u0131b. Az\u0259rbaycan il\u0259 Fransa aras\u0131nda h\u0259rbi \u0259laq\u0259l\u0259rin geni\u015fl\u0259ndirilm\u0259si&hellip;","_links":{"self":[{"href":"https:\/\/arantv.az\/index.php?rest_route=\/wp\/v2\/posts\/93574"}],"collection":[{"href":"https:\/\/arantv.az\/index.php?rest_route=\/wp\/v2\/posts"}],"about":[{"href":"https:\/\/arantv.az\/index.php?rest_route=\/wp\/v2\/types\/post"}],"author":[{"embeddable":true,"href":"https:\/\/arantv.az\/index.php?rest_route=\/wp\/v2\/users\/2"}],"replies":[{"embeddable":true,"href":"https:\/\/arantv.az\/index.php?rest_route=%2Fwp%2Fv2%2Fcomments&post=93574"}],"version-history":[{"count":0,"href":"https:\/\/arantv.az\/index.php?rest_route=\/wp\/v2\/posts\/93574\/revisions"}],"wp:featuredmedia":[{"embeddable":true,"href":"https:\/\/arantv.az\/index.php?rest_route=\/wp\/v2\/media\/93575"}],"wp:attachment":[{"href":"https:\/\/arantv.az\/index.php?rest_route=%2Fwp%2Fv2%2Fmedia&parent=93574"}],"wp:term":[{"taxonomy":"category","embeddable":true,"href":"https:\/\/arantv.az\/index.php?rest_route=%2Fwp%2Fv2%2Fcategories&post=93574"},{"taxonomy":"post_tag","embeddable":true,"href":"https:\/\/arantv.az\/index.php?rest_route=%2Fwp%2Fv2%2Ftags&post=93574"}],"curies":[{"name":"wp","href":"https:\/\/api.w.org\/{rel}","templated":true}]}}