{"id":93578,"date":"2019-11-07T11:39:33","date_gmt":"2019-11-07T08:39:33","guid":{"rendered":"http:\/\/arantv.az\/?p=93578"},"modified":"2019-11-07T11:39:33","modified_gmt":"2019-11-07T08:39:33","slug":"az%c9%99rsu-s%c9%99dri-aciqladi-regionlarda-alternativ-su-m%c9%99nb%c9%99l%c9%99ri-yaradildi","status":"publish","type":"post","link":"https:\/\/arantv.az\/?p=93578","title":{"rendered":"\u201cAz\u0259rsu\u201d s\u0259dri a\u00e7\u0131qlad\u0131 &#8211; Regionlarda alternativ su m\u0259nb\u0259l\u0259ri yarad\u0131ld\u0131"},"content":{"rendered":"<p>Az\u0259rbaycanda son vaxtlar ya\u011f\u0131nt\u0131lar\u0131n az olmas\u0131 il\u0259 \u0259laq\u0259dar bir ne\u00e7\u0259 rayonda su m\u0259nb\u0259l\u0259ri il\u0259 ba\u011fl\u0131 \u00e7\u0259tinlk olub.\u00a0Bu \u00e7\u0259tinlik x\u00fcsus\u0259n yay aylar\u0131nda qeyd\u0259 al\u0131n\u0131b.<\/p>\n<p><strong>ARANTV.AZ<\/strong>-\u0131n m\u0259lumat\u0131na g\u00f6r\u0259, bunu \u201cAz\u0259rsu\u201d ASC-nin s\u0259dri Qorxmaz H\u00fcseynov YAP-\u0131n \u0130cra Katibliyind\u0259 ke\u00e7iril\u0259n m\u0259tbuat konfrans\u0131nda bildirib.<\/p>\n<p>Onun s\u00f6zl\u0259rin\u0259 g\u00f6r\u0259, Prezident \u0130lham \u018fliyevin s\u0259r\u0259ncam\u0131 il\u0259 h\u0259min rayonlarda alternativ su m\u0259nb\u0259l\u0259rinin yarad\u0131lmas\u0131na ba\u015flan\u0131l\u0131b:<\/p>\n<div id=\"AdviadNativeVideo0\" class=\"AdviadNativeVideo\"><\/div>\n<p>\u201cArt\u0131q G\u0259d\u0259b\u0259y v\u0259 Lerikd\u0259 bu i\u015fl\u0259r ba\u015fa \u00e7at\u0131b, \u015e\u0259ki, \u015eamax\u0131, Tovuz rayonlar\u0131nda is\u0259 bu i\u015fl\u0259r g\u0259l\u0259n il ba\u015fa \u00e7atacaq\u201d.<\/p>\n<p>Q.H\u00fcseynov regionlarda suyun keyfiyy\u0259tind\u0259n d\u0259 dan\u0131\u015f\u0131b:<\/p>\n<p>\u201cStrateji yol x\u0259rit\u0259sin\u0259 uy\u011fun olaraq regionlarda su-kanal idar\u0259l\u0259ri v\u0259 regional laboratoriyalar yarad\u0131l\u0131b. \u0130lkin m\u0259rh\u0259l\u0259d\u0259 laboratoriyalar\u0131 avadanl\u0131qlar, kadrlarla, ma\u015f\u0131n mexanizml\u0259ri il\u0259 t\u0259min etmi\u015fik ki, \u201cAz\u0259rsu\u201dun balans\u0131nda olan b\u00fct\u00fcn su infrastrukturunun n\u0259zar\u0259td\u0259 saxlan\u0131lmas\u0131 t\u0259min olunsun. H\u0259d\u0259fimiz g\u0259l\u0259c\u0259kd\u0259 b\u00fct\u00fcn b\u00f6lg\u0259l\u0259rd\u0259 v\u0259t\u0259nda\u015flar\u0131n istifad\u0259 etdiyi sular\u0131n n\u0259zar\u0259t\u0259 g\u00f6t\u00fcr\u00fclm\u0259sidir\u201d.oxu.az<\/p>\n","protected":false},"excerpt":{"rendered":"<p>Az\u0259rbaycanda son vaxtlar ya\u011f\u0131nt\u0131lar\u0131n az olmas\u0131 il\u0259 \u0259laq\u0259dar bir ne\u00e7\u0259 rayonda su m\u0259nb\u0259l\u0259ri il\u0259 ba\u011fl\u0131 \u00e7\u0259tinlk olub.\u00a0Bu \u00e7\u0259tinlik x\u00fcsus\u0259n yay aylar\u0131nda qeyd\u0259 al\u0131n\u0131b. ARANTV.AZ-\u0131n m\u0259lumat\u0131na g\u00f6r\u0259, bunu \u201cAz\u0259rsu\u201d ASC-nin s\u0259dri Qorxmaz H\u00fcseynov YAP-\u0131n \u0130cra Katibliyind\u0259 ke\u00e7iril\u0259n m\u0259tbuat konfrans\u0131nda bildirib. Onun s\u00f6zl\u0259rin\u0259 g\u00f6r\u0259, Prezident \u0130lham \u018fliyevin s\u0259r\u0259ncam\u0131 il\u0259 h\u0259min rayonlarda alternativ su m\u0259nb\u0259l\u0259rinin yarad\u0131lmas\u0131na ba\u015flan\u0131l\u0131b: \u201cArt\u0131q G\u0259d\u0259b\u0259y v\u0259 Lerikd\u0259 bu i\u015fl\u0259r ba\u015fa \u00e7at\u0131b, \u015e\u0259ki, \u015eamax\u0131, Tovuz rayonlar\u0131nda is\u0259 bu i\u015fl\u0259r g\u0259l\u0259n il ba\u015fa \u00e7atacaq\u201d. Q.H\u00fcseynov regionlarda suyun keyfiyy\u0259tind\u0259n d\u0259 dan\u0131\u015f\u0131b: \u201cStrateji yol x\u0259rit\u0259sin\u0259 uy\u011fun olaraq regionlarda su-kanal idar\u0259l\u0259ri v\u0259 regional laboratoriyalar&hellip;<\/p>\n","protected":false},"author":2,"featured_media":93579,"comment_status":"closed","ping_status":"closed","sticky":false,"template":"","format":"standard","meta":{"om_disable_all_campaigns":false,"_monsterinsights_skip_tracking":false,"_monsterinsights_sitenote_active":false,"_monsterinsights_sitenote_note":"","_monsterinsights_sitenote_category":0},"categories":[1],"tags":[],"aioseo_notices":[],"gutentor_comment":0,"rttpg_featured_image_url":{"full":["https:\/\/arantv.az\/wp-content\/uploads\/2019\/11\/nazirlik-azrbaycanin-yeralti-su-mnblri-muyynlsdirilir-5196.jpg",620,393,false],"landscape":["https:\/\/arantv.az\/wp-content\/uploads\/2019\/11\/nazirlik-azrbaycanin-yeralti-su-mnblri-muyynlsdirilir-5196.jpg",620,393,false],"portraits":["https:\/\/arantv.az\/wp-content\/uploads\/2019\/11\/nazirlik-azrbaycanin-yeralti-su-mnblri-muyynlsdirilir-5196.jpg",620,393,false],"thumbnail":["https:\/\/arantv.az\/wp-content\/uploads\/2019\/11\/nazirlik-azrbaycanin-yeralti-su-mnblri-muyynlsdirilir-5196-150x150.jpg",150,150,true],"medium":["https:\/\/arantv.az\/wp-content\/uploads\/2019\/11\/nazirlik-azrbaycanin-yeralti-su-mnblri-muyynlsdirilir-5196-300x190.jpg",300,190,true],"large":["https:\/\/arantv.az\/wp-content\/uploads\/2019\/11\/nazirlik-azrbaycanin-yeralti-su-mnblri-muyynlsdirilir-5196.jpg",620,393,false],"1536x1536":["https:\/\/arantv.az\/wp-content\/uploads\/2019\/11\/nazirlik-azrbaycanin-yeralti-su-mnblri-muyynlsdirilir-5196.jpg",620,393,false],"2048x2048":["https:\/\/arantv.az\/wp-content\/uploads\/2019\/11\/nazirlik-azrbaycanin-yeralti-su-mnblri-muyynlsdirilir-5196.jpg",620,393,false],"post-thumbnail":["https:\/\/arantv.az\/wp-content\/uploads\/2019\/11\/nazirlik-azrbaycanin-yeralti-su-mnblri-muyynlsdirilir-5196-240x172.jpg",240,172,true],"advps-thumb-one":["https:\/\/arantv.az\/wp-content\/uploads\/2019\/11\/nazirlik-azrbaycanin-yeralti-su-mnblri-muyynlsdirilir-5196.jpg",620,393,false]},"rttpg_author":{"display_name":"V\u00fcsal Rafiqo\u011flu","author_link":"https:\/\/arantv.az\/?author=2"},"rttpg_comment":0,"rttpg_category":"<a href=\"https:\/\/arantv.az\/?cat=1\" rel=\"category\">C\u0259miyy\u0259t<\/a>","rttpg_excerpt":"Az\u0259rbaycanda son vaxtlar ya\u011f\u0131nt\u0131lar\u0131n az olmas\u0131 il\u0259 \u0259laq\u0259dar bir ne\u00e7\u0259 rayonda su m\u0259nb\u0259l\u0259ri il\u0259 ba\u011fl\u0131 \u00e7\u0259tinlk olub.\u00a0Bu \u00e7\u0259tinlik x\u00fcsus\u0259n yay aylar\u0131nda qeyd\u0259 al\u0131n\u0131b. ARANTV.AZ-\u0131n m\u0259lumat\u0131na g\u00f6r\u0259, bunu \u201cAz\u0259rsu\u201d ASC-nin s\u0259dri Qorxmaz H\u00fcseynov YAP-\u0131n \u0130cra Katibliyind\u0259 ke\u00e7iril\u0259n m\u0259tbuat konfrans\u0131nda bildirib. Onun s\u00f6zl\u0259rin\u0259 g\u00f6r\u0259, Prezident \u0130lham \u018fliyevin s\u0259r\u0259ncam\u0131 il\u0259 h\u0259min rayonlarda alternativ su m\u0259nb\u0259l\u0259rinin yarad\u0131lmas\u0131na ba\u015flan\u0131l\u0131b: \u201cArt\u0131q&hellip;","_links":{"self":[{"href":"https:\/\/arantv.az\/index.php?rest_route=\/wp\/v2\/posts\/93578"}],"collection":[{"href":"https:\/\/arantv.az\/index.php?rest_route=\/wp\/v2\/posts"}],"about":[{"href":"https:\/\/arantv.az\/index.php?rest_route=\/wp\/v2\/types\/post"}],"author":[{"embeddable":true,"href":"https:\/\/arantv.az\/index.php?rest_route=\/wp\/v2\/users\/2"}],"replies":[{"embeddable":true,"href":"https:\/\/arantv.az\/index.php?rest_route=%2Fwp%2Fv2%2Fcomments&post=93578"}],"version-history":[{"count":0,"href":"https:\/\/arantv.az\/index.php?rest_route=\/wp\/v2\/posts\/93578\/revisions"}],"wp:featuredmedia":[{"embeddable":true,"href":"https:\/\/arantv.az\/index.php?rest_route=\/wp\/v2\/media\/93579"}],"wp:attachment":[{"href":"https:\/\/arantv.az\/index.php?rest_route=%2Fwp%2Fv2%2Fmedia&parent=93578"}],"wp:term":[{"taxonomy":"category","embeddable":true,"href":"https:\/\/arantv.az\/index.php?rest_route=%2Fwp%2Fv2%2Fcategories&post=93578"},{"taxonomy":"post_tag","embeddable":true,"href":"https:\/\/arantv.az\/index.php?rest_route=%2Fwp%2Fv2%2Ftags&post=93578"}],"curies":[{"name":"wp","href":"https:\/\/api.w.org\/{rel}","templated":true}]}}