{"id":93582,"date":"2019-11-07T11:40:21","date_gmt":"2019-11-07T08:40:21","guid":{"rendered":"http:\/\/arantv.az\/?p=93582"},"modified":"2019-11-07T11:40:21","modified_gmt":"2019-11-07T08:40:21","slug":"az%c9%99rbaycanda-su-pasportlari-hazirlanir-yenilik","status":"publish","type":"post","link":"https:\/\/arantv.az\/?p=93582","title":{"rendered":"Az\u0259rbaycanda su pasportlar\u0131 haz\u0131rlan\u0131r &#8211; YEN\u0130L\u0130K"},"content":{"rendered":"<p>Az\u0259rbaycan\u0131n rayonlar\u0131nda su pasportlar\u0131 haz\u0131rlan\u0131r.<\/p>\n<p><strong>ARANTV.AZ<\/strong>-\u0131n m\u0259lumat\u0131na g\u00f6r\u0259, bunu \u201cAz\u0259rsu\u201d ASC-nin s\u0259dri Qorxmaz H\u00fcseynov YAP-\u0131n \u0130cra Katibliyind\u0259 ke\u00e7iril\u0259n m\u0259tbuat konfrans\u0131nda bildirib.<\/p>\n<div id=\"AdviadNativeVideo0\" class=\"AdviadNativeVideo\"><\/div>\n<p>Onun s\u00f6zl\u0259rin\u0259 g\u00f6r\u0259, suyun keyfiyy\u0259ti, \u0259halinin say\u0131, su t\u0259chizat\u0131, suyun kim t\u0259r\u0259find\u0259n t\u0259chiz edilm\u0259si\u00a0kimi parametrl\u0259r pasportda \u00f6z \u0259ksini tapacaq. S\u0259dr qeyd edib ki, regionlarda b\u00fct\u00fcn su m\u0259nb\u0259l\u0259rinin yax\u015f\u0131la\u015fd\u0131r\u0131lmas\u0131 m\u0259s\u0259l\u0259si daim\u00a0diqq\u0259td\u0259 saxlan\u0131l\u0131r:<\/p>\n<p>\u201c\u00d6lk\u0259nin 50-d\u0259n \u00e7ox regionunda su t\u0259minat\u0131n\u0131n yax\u015f\u0131la\u015fd\u0131r\u0131lmas\u0131 il\u0259 ba\u011fl\u0131 i\u015fl\u0259r h\u0259yata ke\u00e7ilir\u201d.oxu.az<\/p>\n","protected":false},"excerpt":{"rendered":"<p>Az\u0259rbaycan\u0131n rayonlar\u0131nda su pasportlar\u0131 haz\u0131rlan\u0131r. ARANTV.AZ-\u0131n m\u0259lumat\u0131na g\u00f6r\u0259, bunu \u201cAz\u0259rsu\u201d ASC-nin s\u0259dri Qorxmaz H\u00fcseynov YAP-\u0131n \u0130cra Katibliyind\u0259 ke\u00e7iril\u0259n m\u0259tbuat konfrans\u0131nda bildirib. Onun s\u00f6zl\u0259rin\u0259 g\u00f6r\u0259, suyun keyfiyy\u0259ti, \u0259halinin say\u0131, su t\u0259chizat\u0131, suyun kim t\u0259r\u0259find\u0259n t\u0259chiz edilm\u0259si\u00a0kimi parametrl\u0259r pasportda \u00f6z \u0259ksini tapacaq. S\u0259dr qeyd edib ki, regionlarda b\u00fct\u00fcn su m\u0259nb\u0259l\u0259rinin yax\u015f\u0131la\u015fd\u0131r\u0131lmas\u0131 m\u0259s\u0259l\u0259si daim\u00a0diqq\u0259td\u0259 saxlan\u0131l\u0131r: \u201c\u00d6lk\u0259nin 50-d\u0259n \u00e7ox regionunda su t\u0259minat\u0131n\u0131n yax\u015f\u0131la\u015fd\u0131r\u0131lmas\u0131 il\u0259 ba\u011fl\u0131 i\u015fl\u0259r h\u0259yata ke\u00e7ilir\u201d.oxu.az<\/p>\n","protected":false},"author":2,"featured_media":93583,"comment_status":"closed","ping_status":"closed","sticky":false,"template":"","format":"standard","meta":{"om_disable_all_campaigns":false,"_monsterinsights_skip_tracking":false,"_monsterinsights_sitenote_active":false,"_monsterinsights_sitenote_note":"","_monsterinsights_sitenote_category":0},"categories":[1],"tags":[],"aioseo_notices":[],"gutentor_comment":0,"rttpg_featured_image_url":{"full":["https:\/\/arantv.az\/wp-content\/uploads\/2019\/11\/405736603.jpg",620,384,false],"landscape":["https:\/\/arantv.az\/wp-content\/uploads\/2019\/11\/405736603.jpg",620,384,false],"portraits":["https:\/\/arantv.az\/wp-content\/uploads\/2019\/11\/405736603.jpg",620,384,false],"thumbnail":["https:\/\/arantv.az\/wp-content\/uploads\/2019\/11\/405736603-150x150.jpg",150,150,true],"medium":["https:\/\/arantv.az\/wp-content\/uploads\/2019\/11\/405736603-300x186.jpg",300,186,true],"large":["https:\/\/arantv.az\/wp-content\/uploads\/2019\/11\/405736603.jpg",620,384,false],"1536x1536":["https:\/\/arantv.az\/wp-content\/uploads\/2019\/11\/405736603.jpg",620,384,false],"2048x2048":["https:\/\/arantv.az\/wp-content\/uploads\/2019\/11\/405736603.jpg",620,384,false],"post-thumbnail":["https:\/\/arantv.az\/wp-content\/uploads\/2019\/11\/405736603-240x172.jpg",240,172,true],"advps-thumb-one":["https:\/\/arantv.az\/wp-content\/uploads\/2019\/11\/405736603.jpg",620,384,false]},"rttpg_author":{"display_name":"V\u00fcsal Rafiqo\u011flu","author_link":"https:\/\/arantv.az\/?author=2"},"rttpg_comment":0,"rttpg_category":"<a href=\"https:\/\/arantv.az\/?cat=1\" rel=\"category\">C\u0259miyy\u0259t<\/a>","rttpg_excerpt":"Az\u0259rbaycan\u0131n rayonlar\u0131nda su pasportlar\u0131 haz\u0131rlan\u0131r. ARANTV.AZ-\u0131n m\u0259lumat\u0131na g\u00f6r\u0259, bunu \u201cAz\u0259rsu\u201d ASC-nin s\u0259dri Qorxmaz H\u00fcseynov YAP-\u0131n \u0130cra Katibliyind\u0259 ke\u00e7iril\u0259n m\u0259tbuat konfrans\u0131nda bildirib. Onun s\u00f6zl\u0259rin\u0259 g\u00f6r\u0259, suyun keyfiyy\u0259ti, \u0259halinin say\u0131, su t\u0259chizat\u0131, suyun kim t\u0259r\u0259find\u0259n t\u0259chiz edilm\u0259si\u00a0kimi parametrl\u0259r pasportda \u00f6z \u0259ksini tapacaq. S\u0259dr qeyd edib ki, regionlarda b\u00fct\u00fcn su m\u0259nb\u0259l\u0259rinin yax\u015f\u0131la\u015fd\u0131r\u0131lmas\u0131 m\u0259s\u0259l\u0259si daim\u00a0diqq\u0259td\u0259 saxlan\u0131l\u0131r: \u201c\u00d6lk\u0259nin 50-d\u0259n \u00e7ox&hellip;","_links":{"self":[{"href":"https:\/\/arantv.az\/index.php?rest_route=\/wp\/v2\/posts\/93582"}],"collection":[{"href":"https:\/\/arantv.az\/index.php?rest_route=\/wp\/v2\/posts"}],"about":[{"href":"https:\/\/arantv.az\/index.php?rest_route=\/wp\/v2\/types\/post"}],"author":[{"embeddable":true,"href":"https:\/\/arantv.az\/index.php?rest_route=\/wp\/v2\/users\/2"}],"replies":[{"embeddable":true,"href":"https:\/\/arantv.az\/index.php?rest_route=%2Fwp%2Fv2%2Fcomments&post=93582"}],"version-history":[{"count":0,"href":"https:\/\/arantv.az\/index.php?rest_route=\/wp\/v2\/posts\/93582\/revisions"}],"wp:featuredmedia":[{"embeddable":true,"href":"https:\/\/arantv.az\/index.php?rest_route=\/wp\/v2\/media\/93583"}],"wp:attachment":[{"href":"https:\/\/arantv.az\/index.php?rest_route=%2Fwp%2Fv2%2Fmedia&parent=93582"}],"wp:term":[{"taxonomy":"category","embeddable":true,"href":"https:\/\/arantv.az\/index.php?rest_route=%2Fwp%2Fv2%2Fcategories&post=93582"},{"taxonomy":"post_tag","embeddable":true,"href":"https:\/\/arantv.az\/index.php?rest_route=%2Fwp%2Fv2%2Ftags&post=93582"}],"curies":[{"name":"wp","href":"https:\/\/api.w.org\/{rel}","templated":true}]}}