{"id":93590,"date":"2019-11-07T11:42:52","date_gmt":"2019-11-07T08:42:52","guid":{"rendered":"http:\/\/arantv.az\/?p=93590"},"modified":"2019-11-07T11:42:52","modified_gmt":"2019-11-07T08:42:52","slug":"cind%c9%99n-g%c9%99lib-baki-tbilisi-qars-d%c9%99miryolundan-kec%c9%99n-yuk-qatari-avropaya-getdi-video","status":"publish","type":"post","link":"https:\/\/arantv.az\/?p=93590","title":{"rendered":"\u00c7ind\u0259n g\u0259lib Bak\u0131-Tbilisi-Qars d\u0259miryolundan ke\u00e7\u0259n y\u00fck qatar\u0131 Avropaya getdi &#8211; V\u0130DEO"},"content":{"rendered":"<article class=\"news\">\n<div class=\"news-inner\">\n<p>\u201cBir k\u0259m\u0259r \u2013 bir yol\u201d layih\u0259si \u00e7\u0259r\u00e7iv\u0259sind\u0259 \u00c7ind\u0259n yola \u00e7\u0131x\u0131b Bak\u0131-Tbilisi-Qars d\u0259miryolu x\u0259tti il\u0259 T\u00fcrkiy\u0259y\u0259, oradan is\u0259 fasil\u0259siz olaraq Marmaray x\u0259tti il\u0259 Avropaya ged\u0259c\u0259k ilk y\u00fck qatar\u0131 Marmaraydan ke\u00e7ib.<\/p>\n<p><a href=\"https:\/\/haberglobal.com.tr\/gundem\/cin-den-gelen-850-metrelik-yuk-treni-marmaray-hattiyla-avrupa-ya-gecis-yapti-12813?fbclid=IwAR1csPtDn-LZfbo8zC5OQwTQy4dip7x74jCLSYr9xTLwoZrGT3w03rEfI6o\" target=\"_blank\" rel=\"noopener\">\u201cHaber Global\u201d<\/a>\u0131n m\u0259lumat\u0131na g\u00f6r\u0259, \u00c7inin \u015eian \u015f\u0259h\u0259rind\u0259n yola \u00e7\u0131xan \u201cChina Railway Express\u201d (\u00c7in D\u0259miryolu Ekspresi) Ankarada r\u0259smil\u0259r t\u0259r\u0259find\u0259n yola sal\u0131nandan sonra Marmaray x\u0259ttind\u0259n ke\u00e7ib.<\/p>\n<p>\u201cAyr\u0131l\u0131q \u00c7e\u015fm\u0259si\u201d dayanca\u011f\u0131na g\u0259l\u0259n qatar \u00dcsk\u00fcdar, Sirk\u0259ci, Yenikap\u0131 v\u0259 Kazl\u0131\u00e7e\u015fm\u0259 dayanacaqlar\u0131ndan ke\u00e7\u0259r\u0259k Zeytunburnuna \u00e7at\u0131b. Uzunlu\u011fu 820 metr olan 42 konteynerd\u0259n ibar\u0259t y\u00fckl\u0259 dolu vaqonla h\u0259r\u0259k\u0259t ed\u0259n qatar Avropaya \u00e7ataraq, tarix\u0259 ke\u00e7ib.<\/p>\n<div id=\"AdviadNativeVideo0\" class=\"AdviadNativeVideo\"><\/div>\n<p>Bundan ba\u015fqa, konteynerl\u0259rin Avropa qit\u0259sin\u0259 ke\u00e7idi iki hiss\u0259 hal\u0131nda h\u0259yata ke\u00e7irilib. Konteynerl\u0259rl\u0259 y\u00fckl\u0259n\u0259n 21 vaqonu T\u00fcrkiy\u0259 Cmhuriyy\u0259ti D\u00f6vl\u0259t D\u0259miryollar\u0131na aid bir lokomotiv, qalan qismi is\u0259 \u00c7ind\u0259n g\u0259l\u0259n lokomotiv t\u0259r\u0259find\u0259n dan\u0131\u015f\u0131b.<\/p>\n<p>\u00c7ind\u0259n Avropaya fasil\u0259siz ged\u0259n ilk y\u00fck qatar\u0131 iki qit\u0259, 10 \u00f6lk\u0259, iki d\u0259nizi ke\u00e7\u0259r\u0259k, 11483 kilometrlik yolu 12 g\u00fcnd\u0259 q\u0259t ed\u0259c\u0259k v\u0259 son dayanaca\u011f\u0131 Praqa olacaq.<\/p>\n<p>Y\u00fck\u00fcn Bak\u0131-Tbilisi-Qarsx\u0259tti v\u0259 Marmaraydan istifad\u0259 il\u0259 da\u015f\u0131nmas\u0131 dig\u0259r koridorlara g\u00f6r\u0259 zaman v\u0259 enerji bax\u0131ndan daha s\u0259rf\u0259lidir.<\/p>\n<p>T\u00fcrkiy\u0259d\u0259 Ah\u0131lkelek, Qars, \u018frzurum, \u018frzincan, Sivas, Kayseri, K\u0131r\u0131kkale, Ankara, Eski\u015fehir, Kocaeli v\u0259 istanbuldan ke\u00e7\u0259n qatar \u018fdirn\u0259nin \u201cKap\u0131kule\u201d b\u00f6lg\u0259sind\u0259n \u00e7\u0131x\u0131\u015f ed\u0259r\u0259k, Bolqar\u0131stan \u00fcz\u0259rind\u0259n yoluna davam ed\u0259c\u0259k.<\/p>\n<div><iframe loading=\"lazy\" src=\"https:\/\/www.dailymotion.com\/embed\/video\/x7no40q\" width=\"480\" height=\"270\" frameborder=\"0\" allowfullscreen=\"allowfullscreen\" data-mce-fragment=\"1\"><\/iframe><\/div>\n<\/div>\n<\/article>\n<h2 class=\"news-share-title\"><\/h2>\n","protected":false},"excerpt":{"rendered":"<p>\u201cBir k\u0259m\u0259r \u2013 bir yol\u201d layih\u0259si \u00e7\u0259r\u00e7iv\u0259sind\u0259 \u00c7ind\u0259n yola \u00e7\u0131x\u0131b Bak\u0131-Tbilisi-Qars d\u0259miryolu x\u0259tti il\u0259 T\u00fcrkiy\u0259y\u0259, oradan is\u0259 fasil\u0259siz olaraq Marmaray x\u0259tti il\u0259 Avropaya ged\u0259c\u0259k ilk y\u00fck qatar\u0131 Marmaraydan ke\u00e7ib. \u201cHaber Global\u201d\u0131n m\u0259lumat\u0131na g\u00f6r\u0259, \u00c7inin \u015eian \u015f\u0259h\u0259rind\u0259n yola \u00e7\u0131xan \u201cChina Railway Express\u201d (\u00c7in D\u0259miryolu Ekspresi) Ankarada r\u0259smil\u0259r t\u0259r\u0259find\u0259n yola sal\u0131nandan sonra Marmaray x\u0259ttind\u0259n ke\u00e7ib. \u201cAyr\u0131l\u0131q \u00c7e\u015fm\u0259si\u201d dayanca\u011f\u0131na g\u0259l\u0259n qatar \u00dcsk\u00fcdar, Sirk\u0259ci, Yenikap\u0131 v\u0259 Kazl\u0131\u00e7e\u015fm\u0259 dayanacaqlar\u0131ndan ke\u00e7\u0259r\u0259k Zeytunburnuna \u00e7at\u0131b. Uzunlu\u011fu 820 metr olan 42 konteynerd\u0259n ibar\u0259t y\u00fckl\u0259 dolu vaqonla h\u0259r\u0259k\u0259t ed\u0259n qatar Avropaya \u00e7ataraq, tarix\u0259 ke\u00e7ib. Bundan ba\u015fqa, konteynerl\u0259rin Avropa qit\u0259sin\u0259 ke\u00e7idi&hellip;<\/p>\n","protected":false},"author":2,"featured_media":93591,"comment_status":"closed","ping_status":"closed","sticky":false,"template":"","format":"standard","meta":{"om_disable_all_campaigns":false,"_monsterinsights_skip_tracking":false,"_monsterinsights_sitenote_active":false,"_monsterinsights_sitenote_note":"","_monsterinsights_sitenote_category":0},"categories":[19],"tags":[],"aioseo_notices":[],"gutentor_comment":0,"rttpg_featured_image_url":{"full":["https:\/\/arantv.az\/wp-content\/uploads\/2019\/11\/timthumb.jpg",620,348,false],"landscape":["https:\/\/arantv.az\/wp-content\/uploads\/2019\/11\/timthumb.jpg",620,348,false],"portraits":["https:\/\/arantv.az\/wp-content\/uploads\/2019\/11\/timthumb.jpg",620,348,false],"thumbnail":["https:\/\/arantv.az\/wp-content\/uploads\/2019\/11\/timthumb-150x150.jpg",150,150,true],"medium":["https:\/\/arantv.az\/wp-content\/uploads\/2019\/11\/timthumb-300x168.jpg",300,168,true],"large":["https:\/\/arantv.az\/wp-content\/uploads\/2019\/11\/timthumb.jpg",620,348,false],"1536x1536":["https:\/\/arantv.az\/wp-content\/uploads\/2019\/11\/timthumb.jpg",620,348,false],"2048x2048":["https:\/\/arantv.az\/wp-content\/uploads\/2019\/11\/timthumb.jpg",620,348,false],"post-thumbnail":["https:\/\/arantv.az\/wp-content\/uploads\/2019\/11\/timthumb-240x172.jpg",240,172,true],"advps-thumb-one":["https:\/\/arantv.az\/wp-content\/uploads\/2019\/11\/timthumb.jpg",620,348,false]},"rttpg_author":{"display_name":"V\u00fcsal Rafiqo\u011flu","author_link":"https:\/\/arantv.az\/?author=2"},"rttpg_comment":0,"rttpg_category":"<a href=\"https:\/\/arantv.az\/?cat=19\" rel=\"category\">G\u00fcnd\u0259m<\/a>","rttpg_excerpt":"\u201cBir k\u0259m\u0259r \u2013 bir yol\u201d layih\u0259si \u00e7\u0259r\u00e7iv\u0259sind\u0259 \u00c7ind\u0259n yola \u00e7\u0131x\u0131b Bak\u0131-Tbilisi-Qars d\u0259miryolu x\u0259tti il\u0259 T\u00fcrkiy\u0259y\u0259, oradan is\u0259 fasil\u0259siz olaraq Marmaray x\u0259tti il\u0259 Avropaya ged\u0259c\u0259k ilk y\u00fck qatar\u0131 Marmaraydan ke\u00e7ib. \u201cHaber Global\u201d\u0131n m\u0259lumat\u0131na g\u00f6r\u0259, \u00c7inin \u015eian \u015f\u0259h\u0259rind\u0259n yola \u00e7\u0131xan \u201cChina Railway Express\u201d (\u00c7in D\u0259miryolu Ekspresi) Ankarada r\u0259smil\u0259r t\u0259r\u0259find\u0259n yola sal\u0131nandan sonra Marmaray x\u0259ttind\u0259n ke\u00e7ib. \u201cAyr\u0131l\u0131q \u00c7e\u015fm\u0259si\u201d&hellip;","_links":{"self":[{"href":"https:\/\/arantv.az\/index.php?rest_route=\/wp\/v2\/posts\/93590"}],"collection":[{"href":"https:\/\/arantv.az\/index.php?rest_route=\/wp\/v2\/posts"}],"about":[{"href":"https:\/\/arantv.az\/index.php?rest_route=\/wp\/v2\/types\/post"}],"author":[{"embeddable":true,"href":"https:\/\/arantv.az\/index.php?rest_route=\/wp\/v2\/users\/2"}],"replies":[{"embeddable":true,"href":"https:\/\/arantv.az\/index.php?rest_route=%2Fwp%2Fv2%2Fcomments&post=93590"}],"version-history":[{"count":0,"href":"https:\/\/arantv.az\/index.php?rest_route=\/wp\/v2\/posts\/93590\/revisions"}],"wp:featuredmedia":[{"embeddable":true,"href":"https:\/\/arantv.az\/index.php?rest_route=\/wp\/v2\/media\/93591"}],"wp:attachment":[{"href":"https:\/\/arantv.az\/index.php?rest_route=%2Fwp%2Fv2%2Fmedia&parent=93590"}],"wp:term":[{"taxonomy":"category","embeddable":true,"href":"https:\/\/arantv.az\/index.php?rest_route=%2Fwp%2Fv2%2Fcategories&post=93590"},{"taxonomy":"post_tag","embeddable":true,"href":"https:\/\/arantv.az\/index.php?rest_route=%2Fwp%2Fv2%2Ftags&post=93590"}],"curies":[{"name":"wp","href":"https:\/\/api.w.org\/{rel}","templated":true}]}}