{"id":93598,"date":"2019-11-07T11:44:49","date_gmt":"2019-11-07T08:44:49","guid":{"rendered":"http:\/\/arantv.az\/?p=93598"},"modified":"2019-11-07T11:44:49","modified_gmt":"2019-11-07T08:44:49","slug":"qorxmaz-huseynov-bizim-bab%c9%99k-prospektind%c9%99-hec-bir-isimiz-qalmayib","status":"publish","type":"post","link":"https:\/\/arantv.az\/?p=93598","title":{"rendered":"Qorxmaz H\u00fcseynov: Bizim Bab\u0259k prospektind\u0259 he\u00e7 bir i\u015fimiz qalmay\u0131b"},"content":{"rendered":"<p>Bab\u0259k prospektind\u0259 kanalizasiya x\u0259tl\u0259rinin yenid\u0259n \u00e7\u0259kil\u0259c\u0259yi il\u0259 ba\u011fl\u0131 x\u0259b\u0259r yanl\u0131\u015fd\u0131r.<\/p>\n<p><strong>ARANTV.AZ<\/strong>-\u0131n m\u0259lumat\u0131na g\u00f6r\u0259, bunu \u201cAz\u0259rsu\u201d ASC-nin s\u0259dri Qorxmaz H\u00fcseynov YAP-\u0131n \u0130cra Katibliyind\u0259 ke\u00e7iril\u0259n m\u0259tbuat konfrans\u0131nda bildirib.<\/p>\n<div id=\"AdviadNativeVideo0\" class=\"AdviadNativeVideo\"><\/div>\n<p>Onun s\u00f6zl\u0259rin\u0259 g\u00f6r\u0259, yay\u0131lm\u0131\u015f informasiya tamamil\u0259 s\u0259hvdir v\u0259 bu m\u0259lumatla ba\u011fl\u0131 texniki x\u0259ta olub:<\/p>\n<p>\u201cH\u0259min prospektd\u0259 i\u015fl\u0259r \u00e7oxdan ba\u015fa \u00e7at\u0131b. Bu, sad\u0259c\u0259, saytda yaranm\u0131\u015f texniki bir s\u0259hv olub. Orada bizim he\u00e7 bir i\u015fimiz qalmay\u0131b. Saytda tarix s\u0259hv qeyd olunub\u201d.oxu.az<\/p>\n","protected":false},"excerpt":{"rendered":"<p>Bab\u0259k prospektind\u0259 kanalizasiya x\u0259tl\u0259rinin yenid\u0259n \u00e7\u0259kil\u0259c\u0259yi il\u0259 ba\u011fl\u0131 x\u0259b\u0259r yanl\u0131\u015fd\u0131r. ARANTV.AZ-\u0131n m\u0259lumat\u0131na g\u00f6r\u0259, bunu \u201cAz\u0259rsu\u201d ASC-nin s\u0259dri Qorxmaz H\u00fcseynov YAP-\u0131n \u0130cra Katibliyind\u0259 ke\u00e7iril\u0259n m\u0259tbuat konfrans\u0131nda bildirib. Onun s\u00f6zl\u0259rin\u0259 g\u00f6r\u0259, yay\u0131lm\u0131\u015f informasiya tamamil\u0259 s\u0259hvdir v\u0259 bu m\u0259lumatla ba\u011fl\u0131 texniki x\u0259ta olub: \u201cH\u0259min prospektd\u0259 i\u015fl\u0259r \u00e7oxdan ba\u015fa \u00e7at\u0131b. Bu, sad\u0259c\u0259, saytda yaranm\u0131\u015f texniki bir s\u0259hv olub. Orada bizim he\u00e7 bir i\u015fimiz qalmay\u0131b. Saytda tarix s\u0259hv qeyd olunub\u201d.oxu.az<\/p>\n","protected":false},"author":2,"featured_media":93599,"comment_status":"closed","ping_status":"closed","sticky":false,"template":"","format":"standard","meta":{"om_disable_all_campaigns":false,"_monsterinsights_skip_tracking":false,"_monsterinsights_sitenote_active":false,"_monsterinsights_sitenote_note":"","_monsterinsights_sitenote_category":0},"categories":[1],"tags":[],"aioseo_notices":[],"gutentor_comment":0,"rttpg_featured_image_url":{"full":["https:\/\/arantv.az\/wp-content\/uploads\/2019\/11\/photo_105735.jpg",620,350,false],"landscape":["https:\/\/arantv.az\/wp-content\/uploads\/2019\/11\/photo_105735.jpg",620,350,false],"portraits":["https:\/\/arantv.az\/wp-content\/uploads\/2019\/11\/photo_105735.jpg",620,350,false],"thumbnail":["https:\/\/arantv.az\/wp-content\/uploads\/2019\/11\/photo_105735-150x150.jpg",150,150,true],"medium":["https:\/\/arantv.az\/wp-content\/uploads\/2019\/11\/photo_105735-300x169.jpg",300,169,true],"large":["https:\/\/arantv.az\/wp-content\/uploads\/2019\/11\/photo_105735.jpg",620,350,false],"1536x1536":["https:\/\/arantv.az\/wp-content\/uploads\/2019\/11\/photo_105735.jpg",620,350,false],"2048x2048":["https:\/\/arantv.az\/wp-content\/uploads\/2019\/11\/photo_105735.jpg",620,350,false],"post-thumbnail":["https:\/\/arantv.az\/wp-content\/uploads\/2019\/11\/photo_105735-240x172.jpg",240,172,true],"advps-thumb-one":["https:\/\/arantv.az\/wp-content\/uploads\/2019\/11\/photo_105735.jpg",620,350,false]},"rttpg_author":{"display_name":"V\u00fcsal Rafiqo\u011flu","author_link":"https:\/\/arantv.az\/?author=2"},"rttpg_comment":0,"rttpg_category":"<a href=\"https:\/\/arantv.az\/?cat=1\" rel=\"category\">C\u0259miyy\u0259t<\/a>","rttpg_excerpt":"Bab\u0259k prospektind\u0259 kanalizasiya x\u0259tl\u0259rinin yenid\u0259n \u00e7\u0259kil\u0259c\u0259yi il\u0259 ba\u011fl\u0131 x\u0259b\u0259r yanl\u0131\u015fd\u0131r. ARANTV.AZ-\u0131n m\u0259lumat\u0131na g\u00f6r\u0259, bunu \u201cAz\u0259rsu\u201d ASC-nin s\u0259dri Qorxmaz H\u00fcseynov YAP-\u0131n \u0130cra Katibliyind\u0259 ke\u00e7iril\u0259n m\u0259tbuat konfrans\u0131nda bildirib. Onun s\u00f6zl\u0259rin\u0259 g\u00f6r\u0259, yay\u0131lm\u0131\u015f informasiya tamamil\u0259 s\u0259hvdir v\u0259 bu m\u0259lumatla ba\u011fl\u0131 texniki x\u0259ta olub: \u201cH\u0259min prospektd\u0259 i\u015fl\u0259r \u00e7oxdan ba\u015fa \u00e7at\u0131b. Bu, sad\u0259c\u0259, saytda yaranm\u0131\u015f texniki bir s\u0259hv olub. Orada&hellip;","_links":{"self":[{"href":"https:\/\/arantv.az\/index.php?rest_route=\/wp\/v2\/posts\/93598"}],"collection":[{"href":"https:\/\/arantv.az\/index.php?rest_route=\/wp\/v2\/posts"}],"about":[{"href":"https:\/\/arantv.az\/index.php?rest_route=\/wp\/v2\/types\/post"}],"author":[{"embeddable":true,"href":"https:\/\/arantv.az\/index.php?rest_route=\/wp\/v2\/users\/2"}],"replies":[{"embeddable":true,"href":"https:\/\/arantv.az\/index.php?rest_route=%2Fwp%2Fv2%2Fcomments&post=93598"}],"version-history":[{"count":0,"href":"https:\/\/arantv.az\/index.php?rest_route=\/wp\/v2\/posts\/93598\/revisions"}],"wp:featuredmedia":[{"embeddable":true,"href":"https:\/\/arantv.az\/index.php?rest_route=\/wp\/v2\/media\/93599"}],"wp:attachment":[{"href":"https:\/\/arantv.az\/index.php?rest_route=%2Fwp%2Fv2%2Fmedia&parent=93598"}],"wp:term":[{"taxonomy":"category","embeddable":true,"href":"https:\/\/arantv.az\/index.php?rest_route=%2Fwp%2Fv2%2Fcategories&post=93598"},{"taxonomy":"post_tag","embeddable":true,"href":"https:\/\/arantv.az\/index.php?rest_route=%2Fwp%2Fv2%2Ftags&post=93598"}],"curies":[{"name":"wp","href":"https:\/\/api.w.org\/{rel}","templated":true}]}}