{"id":93603,"date":"2019-11-07T11:49:23","date_gmt":"2019-11-07T08:49:23","guid":{"rendered":"http:\/\/arantv.az\/?p=93603"},"modified":"2019-11-07T11:49:23","modified_gmt":"2019-11-07T08:49:23","slug":"az%c9%99rbaycanda-yagintilarin-az-olmasi-bir-nec%c9%99-rayonda-su-m%c9%99nb%c9%99l%c9%99ri-il%c9%99-bagli-c%c9%99tinlik-yaradib-az%c9%99rsu","status":"publish","type":"post","link":"https:\/\/arantv.az\/?p=93603","title":{"rendered":"&#8220;Az\u0259rbaycanda ya\u011f\u0131nt\u0131lar\u0131n az olmas\u0131 bir ne\u00e7\u0259 rayonda su m\u0259nb\u0259l\u0259ri il\u0259 ba\u011fl\u0131 \u00e7\u0259tinlik yarad\u0131b&#8221; &#8211; Az\u0259rsu"},"content":{"rendered":"<blockquote><p><em><strong>Az\u0259rbaycanda, x\u00fcsus\u0259n yay aylar\u0131nda ya\u011f\u0131nt\u0131lar\u0131n az olmas\u0131 il\u0259 ba\u011fl\u0131 bir ne\u00e7\u0259 rayonda su m\u0259nb\u0259l\u0259ri il\u0259 ba\u011fl\u0131 \u00e7\u0259tinlik olub.<\/strong><\/em><\/p><\/blockquote>\n<p><strong>ARANTV.AZ<\/strong>\u00a0<a href=\"https:\/\/az.trend.az\/\" target=\"_blank\" rel=\"noopener\">Trend<\/a>-\u0259 istinad\u0259n x\u0259b\u0259r verir ki, bunu &#8220;Az\u0259rsu&#8221; A\u00e7\u0131q S\u0259hmdar C\u0259miyy\u0259tinin s\u0259dri Qorxmaz H\u00fcseynov Yeni Az\u0259rbaycan Partiyas\u0131n\u0131n q\u0259rargah\u0131nda ke\u00e7iril\u0259n m\u0259tbuat konfrans\u0131nda deyib.<\/p>\n<p>Q.H\u00fcseynov bildirib ki, Prezident \u0130lham \u018fliyevin tap\u015f\u0131r\u0131\u011f\u0131 il\u0259 h\u0259min rayonlarda alternativ su m\u0259nb\u0259l\u0259rinin yarad\u0131lmas\u0131na ba\u015fland\u0131.<\/p>\n<p>Onun s\u00f6zl\u0259rin\u0259 g\u00f6r\u0259, art\u0131q G\u0259d\u0259b\u0259y v\u0259 Lerikd\u0259 bu i\u015fl\u0259r ba\u015fa \u00e7at\u0131b, \u015e\u0259ki, \u015eamax\u0131, Tovuz rayonlar\u0131nda is\u0259 bu i\u015fl\u0259r g\u0259l\u0259n il ba\u015fa \u00e7atacaq.<\/p>\n<div>\n<div id=\"AdviadNativeVideo0\" class=\"AdviadNativeVideo\"><\/div>\n<\/div>\n<p>Regionlarda suyun keyfiyy\u0259tin\u0259 toxunan Q.H\u00fcseynov bildirib ki, Strateji yol x\u0259rit\u0259sin\u0259 uy\u011fun olaaq regionalra su kanal idar\u0259l\u0259ri v\u0259 regional laboratoriyalar yarad\u0131l\u0131b: &#8220;\u0130lkin m\u0259rh\u0259l\u0259rd\u0259 labaratoyiyalar\u0131 avadanl\u0131qlar, kadrlarla, ma\u015f\u0131n mexanizml\u0259ri il\u0259 t\u0259min etmi\u015fik ki, &#8220;Az\u0259rsu&#8221;un baans\u0131nda olan b\u00fct\u00fcn su infrastrukturunun n\u0259zar\u0259td\u0259 saxlanmas\u0131 t\u0259min olunsun, g\u0259l\u0259c\u0259kd\u0259 is\u0259 h\u0259d\u0259fimiz b\u00fct\u00fcn b\u00f6lgl\u0259r\u0259d\u0259 v\u0259t\u0259nda\u015flar\u0131n istifad\u0259 etdyu sular\u0131n n\u0259zar\u0259t\u0259 g\u00f6t\u00fcr\u00fclm\u0259sini n\u0259z\u0259rd\u0259 tuturuq&#8221;.<\/p>\n","protected":false},"excerpt":{"rendered":"<p>Az\u0259rbaycanda, x\u00fcsus\u0259n yay aylar\u0131nda ya\u011f\u0131nt\u0131lar\u0131n az olmas\u0131 il\u0259 ba\u011fl\u0131 bir ne\u00e7\u0259 rayonda su m\u0259nb\u0259l\u0259ri il\u0259 ba\u011fl\u0131 \u00e7\u0259tinlik olub. ARANTV.AZ\u00a0Trend-\u0259 istinad\u0259n x\u0259b\u0259r verir ki, bunu &#8220;Az\u0259rsu&#8221; A\u00e7\u0131q S\u0259hmdar C\u0259miyy\u0259tinin s\u0259dri Qorxmaz H\u00fcseynov Yeni Az\u0259rbaycan Partiyas\u0131n\u0131n q\u0259rargah\u0131nda ke\u00e7iril\u0259n m\u0259tbuat konfrans\u0131nda deyib. Q.H\u00fcseynov bildirib ki, Prezident \u0130lham \u018fliyevin tap\u015f\u0131r\u0131\u011f\u0131 il\u0259 h\u0259min rayonlarda alternativ su m\u0259nb\u0259l\u0259rinin yarad\u0131lmas\u0131na ba\u015fland\u0131. Onun s\u00f6zl\u0259rin\u0259 g\u00f6r\u0259, art\u0131q G\u0259d\u0259b\u0259y v\u0259 Lerikd\u0259 bu i\u015fl\u0259r ba\u015fa \u00e7at\u0131b, \u015e\u0259ki, \u015eamax\u0131, Tovuz rayonlar\u0131nda is\u0259 bu i\u015fl\u0259r g\u0259l\u0259n il ba\u015fa \u00e7atacaq. Regionlarda suyun keyfiyy\u0259tin\u0259 toxunan Q.H\u00fcseynov bildirib ki, Strateji yol x\u0259rit\u0259sin\u0259 uy\u011fun olaaq regionalra su&hellip;<\/p>\n","protected":false},"author":2,"featured_media":93604,"comment_status":"closed","ping_status":"closed","sticky":false,"template":"","format":"standard","meta":{"om_disable_all_campaigns":false,"_monsterinsights_skip_tracking":false,"_monsterinsights_sitenote_active":false,"_monsterinsights_sitenote_note":"","_monsterinsights_sitenote_category":0},"categories":[1],"tags":[],"aioseo_notices":[],"gutentor_comment":0,"rttpg_featured_image_url":{"full":["https:\/\/arantv.az\/wp-content\/uploads\/2019\/11\/800399.jpg",800,600,false],"landscape":["https:\/\/arantv.az\/wp-content\/uploads\/2019\/11\/800399.jpg",800,600,false],"portraits":["https:\/\/arantv.az\/wp-content\/uploads\/2019\/11\/800399.jpg",800,600,false],"thumbnail":["https:\/\/arantv.az\/wp-content\/uploads\/2019\/11\/800399-150x150.jpg",150,150,true],"medium":["https:\/\/arantv.az\/wp-content\/uploads\/2019\/11\/800399-300x225.jpg",300,225,true],"large":["https:\/\/arantv.az\/wp-content\/uploads\/2019\/11\/800399.jpg",640,480,false],"1536x1536":["https:\/\/arantv.az\/wp-content\/uploads\/2019\/11\/800399.jpg",800,600,false],"2048x2048":["https:\/\/arantv.az\/wp-content\/uploads\/2019\/11\/800399.jpg",800,600,false],"post-thumbnail":["https:\/\/arantv.az\/wp-content\/uploads\/2019\/11\/800399-240x172.jpg",240,172,true],"advps-thumb-one":["https:\/\/arantv.az\/wp-content\/uploads\/2019\/11\/800399.jpg",800,600,false]},"rttpg_author":{"display_name":"V\u00fcsal Rafiqo\u011flu","author_link":"https:\/\/arantv.az\/?author=2"},"rttpg_comment":0,"rttpg_category":"<a href=\"https:\/\/arantv.az\/?cat=1\" rel=\"category\">C\u0259miyy\u0259t<\/a>","rttpg_excerpt":"Az\u0259rbaycanda, x\u00fcsus\u0259n yay aylar\u0131nda ya\u011f\u0131nt\u0131lar\u0131n az olmas\u0131 il\u0259 ba\u011fl\u0131 bir ne\u00e7\u0259 rayonda su m\u0259nb\u0259l\u0259ri il\u0259 ba\u011fl\u0131 \u00e7\u0259tinlik olub. ARANTV.AZ\u00a0Trend-\u0259 istinad\u0259n x\u0259b\u0259r verir ki, bunu &#8220;Az\u0259rsu&#8221; A\u00e7\u0131q S\u0259hmdar C\u0259miyy\u0259tinin s\u0259dri Qorxmaz H\u00fcseynov Yeni Az\u0259rbaycan Partiyas\u0131n\u0131n q\u0259rargah\u0131nda ke\u00e7iril\u0259n m\u0259tbuat konfrans\u0131nda deyib. Q.H\u00fcseynov bildirib ki, Prezident \u0130lham \u018fliyevin tap\u015f\u0131r\u0131\u011f\u0131 il\u0259 h\u0259min rayonlarda alternativ su m\u0259nb\u0259l\u0259rinin yarad\u0131lmas\u0131na ba\u015fland\u0131. Onun&hellip;","_links":{"self":[{"href":"https:\/\/arantv.az\/index.php?rest_route=\/wp\/v2\/posts\/93603"}],"collection":[{"href":"https:\/\/arantv.az\/index.php?rest_route=\/wp\/v2\/posts"}],"about":[{"href":"https:\/\/arantv.az\/index.php?rest_route=\/wp\/v2\/types\/post"}],"author":[{"embeddable":true,"href":"https:\/\/arantv.az\/index.php?rest_route=\/wp\/v2\/users\/2"}],"replies":[{"embeddable":true,"href":"https:\/\/arantv.az\/index.php?rest_route=%2Fwp%2Fv2%2Fcomments&post=93603"}],"version-history":[{"count":0,"href":"https:\/\/arantv.az\/index.php?rest_route=\/wp\/v2\/posts\/93603\/revisions"}],"wp:featuredmedia":[{"embeddable":true,"href":"https:\/\/arantv.az\/index.php?rest_route=\/wp\/v2\/media\/93604"}],"wp:attachment":[{"href":"https:\/\/arantv.az\/index.php?rest_route=%2Fwp%2Fv2%2Fmedia&parent=93603"}],"wp:term":[{"taxonomy":"category","embeddable":true,"href":"https:\/\/arantv.az\/index.php?rest_route=%2Fwp%2Fv2%2Fcategories&post=93603"},{"taxonomy":"post_tag","embeddable":true,"href":"https:\/\/arantv.az\/index.php?rest_route=%2Fwp%2Fv2%2Ftags&post=93603"}],"curies":[{"name":"wp","href":"https:\/\/api.w.org\/{rel}","templated":true}]}}