{"id":93625,"date":"2019-11-07T13:06:30","date_gmt":"2019-11-07T10:06:30","guid":{"rendered":"http:\/\/arantv.az\/?p=93625"},"modified":"2019-11-07T13:06:30","modified_gmt":"2019-11-07T10:06:30","slug":"oqtay-%c9%99s%c9%99dovun-nec%c9%99-kom%c9%99kcisi-var","status":"publish","type":"post","link":"https:\/\/arantv.az\/?p=93625","title":{"rendered":"Oqtay \u018fs\u0259dovun ne\u00e7\u0259 k\u00f6m\u0259k\u00e7isi var?"},"content":{"rendered":"<p>Milli M\u0259clisin s\u0259dri Oqtay \u018fs\u0259dovun d\u00f6rd\u00a0k\u00f6m\u0259k\u00e7isi var.<\/p>\n<p><b>ARANTV.AZ<\/b>-\u0131n m\u0259lumat\u0131na g\u00f6r\u0259, spikerin k\u00f6m\u0259k\u00e7il\u0259rind\u0259n Ayd\u0131n C\u0259f\u0259rov\u00a0MDB Parlament Assambleyas\u0131nda Milli M\u0259clisin daimi n\u00fcmay\u0259nd\u0259sidir.<\/p>\n<p>Milli M\u0259clis s\u0259drinin dig\u0259r k\u00f6m\u0259k\u00e7isi Nigar Qas\u0131movad\u0131r. N.Qas\u0131mova h\u0259m d\u0259 \u0130craya n\u0259zar\u0259t sektorunun m\u00fcdiridir.<\/p>\n<p>O.\u018fs\u0259dovun dig\u0259r k\u00f6m\u0259k\u00e7il\u0259ri is\u0259 Ruslan \u0130smay\u0131lov\u00a0v\u0259 F\u00fczuli Abbasovdur. Onlar\u0131n dig\u0259r v\u0259zif\u0259l\u0259ri yoxdur.<\/p>\n<p>Qeyd ed\u0259k ki, Oqtay \u018fs\u0259dov ikinci, \u00fc\u00e7\u00fcnc\u00fc v\u0259 d\u00f6rd\u00fcnc\u00fc \u00e7a\u011f\u0131r\u0131\u015f Milli M\u0259clisin deputat\u0131 olub.<br \/>\n2015-ci il noyabr\u0131n 1-d\u0259 45 sayl\u0131 Ab\u015feron se\u00e7ki dair\u0259sind\u0259n be\u015finci \u00e7a\u011f\u0131r\u0131\u015f Milli M\u0259clis\u0259\u00a0deputat\u00a0se\u00e7ilib.<\/p>\n<p>MDB-nin Parlamentl\u0259raras\u0131 Assambleyas\u0131nda v\u0259 T\u00fcrkdilli \u00d6lk\u0259l\u0259rin Parlament Assambleyas\u0131nda Az\u0259rbaycan n\u00fcmay\u0259nd\u0259 hey\u0259tl\u0259rinin r\u0259hb\u0259ridir.oxu.az<\/p>\n<p>Evlidir, iki\u00a0\u00f6vlad\u0131 var.<\/p>\n","protected":false},"excerpt":{"rendered":"<p>Milli M\u0259clisin s\u0259dri Oqtay \u018fs\u0259dovun d\u00f6rd\u00a0k\u00f6m\u0259k\u00e7isi var. ARANTV.AZ-\u0131n m\u0259lumat\u0131na g\u00f6r\u0259, spikerin k\u00f6m\u0259k\u00e7il\u0259rind\u0259n Ayd\u0131n C\u0259f\u0259rov\u00a0MDB Parlament Assambleyas\u0131nda Milli M\u0259clisin daimi n\u00fcmay\u0259nd\u0259sidir. Milli M\u0259clis s\u0259drinin dig\u0259r k\u00f6m\u0259k\u00e7isi Nigar Qas\u0131movad\u0131r. N.Qas\u0131mova h\u0259m d\u0259 \u0130craya n\u0259zar\u0259t sektorunun m\u00fcdiridir. O.\u018fs\u0259dovun dig\u0259r k\u00f6m\u0259k\u00e7il\u0259ri is\u0259 Ruslan \u0130smay\u0131lov\u00a0v\u0259 F\u00fczuli Abbasovdur. Onlar\u0131n dig\u0259r v\u0259zif\u0259l\u0259ri yoxdur. Qeyd ed\u0259k ki, Oqtay \u018fs\u0259dov ikinci, \u00fc\u00e7\u00fcnc\u00fc v\u0259 d\u00f6rd\u00fcnc\u00fc \u00e7a\u011f\u0131r\u0131\u015f Milli M\u0259clisin deputat\u0131 olub. 2015-ci il noyabr\u0131n 1-d\u0259 45 sayl\u0131 Ab\u015feron se\u00e7ki dair\u0259sind\u0259n be\u015finci \u00e7a\u011f\u0131r\u0131\u015f Milli M\u0259clis\u0259\u00a0deputat\u00a0se\u00e7ilib. MDB-nin Parlamentl\u0259raras\u0131 Assambleyas\u0131nda v\u0259 T\u00fcrkdilli \u00d6lk\u0259l\u0259rin Parlament Assambleyas\u0131nda Az\u0259rbaycan n\u00fcmay\u0259nd\u0259 hey\u0259tl\u0259rinin r\u0259hb\u0259ridir.oxu.az Evlidir, iki\u00a0\u00f6vlad\u0131 var.<\/p>\n","protected":false},"author":2,"featured_media":93626,"comment_status":"closed","ping_status":"closed","sticky":false,"template":"","format":"standard","meta":{"om_disable_all_campaigns":false,"_monsterinsights_skip_tracking":false,"_monsterinsights_sitenote_active":false,"_monsterinsights_sitenote_note":"","_monsterinsights_sitenote_category":0},"categories":[1],"tags":[],"aioseo_notices":[],"gutentor_comment":0,"rttpg_featured_image_url":{"full":["https:\/\/arantv.az\/wp-content\/uploads\/2019\/11\/1537533815280541711_1000x669.jpg",620,381,false],"landscape":["https:\/\/arantv.az\/wp-content\/uploads\/2019\/11\/1537533815280541711_1000x669.jpg",620,381,false],"portraits":["https:\/\/arantv.az\/wp-content\/uploads\/2019\/11\/1537533815280541711_1000x669.jpg",620,381,false],"thumbnail":["https:\/\/arantv.az\/wp-content\/uploads\/2019\/11\/1537533815280541711_1000x669-150x150.jpg",150,150,true],"medium":["https:\/\/arantv.az\/wp-content\/uploads\/2019\/11\/1537533815280541711_1000x669-300x184.jpg",300,184,true],"large":["https:\/\/arantv.az\/wp-content\/uploads\/2019\/11\/1537533815280541711_1000x669.jpg",620,381,false],"1536x1536":["https:\/\/arantv.az\/wp-content\/uploads\/2019\/11\/1537533815280541711_1000x669.jpg",620,381,false],"2048x2048":["https:\/\/arantv.az\/wp-content\/uploads\/2019\/11\/1537533815280541711_1000x669.jpg",620,381,false],"post-thumbnail":["https:\/\/arantv.az\/wp-content\/uploads\/2019\/11\/1537533815280541711_1000x669-240x172.jpg",240,172,true],"advps-thumb-one":["https:\/\/arantv.az\/wp-content\/uploads\/2019\/11\/1537533815280541711_1000x669.jpg",620,381,false]},"rttpg_author":{"display_name":"V\u00fcsal Rafiqo\u011flu","author_link":"https:\/\/arantv.az\/?author=2"},"rttpg_comment":0,"rttpg_category":"<a href=\"https:\/\/arantv.az\/?cat=1\" rel=\"category\">C\u0259miyy\u0259t<\/a>","rttpg_excerpt":"Milli M\u0259clisin s\u0259dri Oqtay \u018fs\u0259dovun d\u00f6rd\u00a0k\u00f6m\u0259k\u00e7isi var. ARANTV.AZ-\u0131n m\u0259lumat\u0131na g\u00f6r\u0259, spikerin k\u00f6m\u0259k\u00e7il\u0259rind\u0259n Ayd\u0131n C\u0259f\u0259rov\u00a0MDB Parlament Assambleyas\u0131nda Milli M\u0259clisin daimi n\u00fcmay\u0259nd\u0259sidir. Milli M\u0259clis s\u0259drinin dig\u0259r k\u00f6m\u0259k\u00e7isi Nigar Qas\u0131movad\u0131r. N.Qas\u0131mova h\u0259m d\u0259 \u0130craya n\u0259zar\u0259t sektorunun m\u00fcdiridir. O.\u018fs\u0259dovun dig\u0259r k\u00f6m\u0259k\u00e7il\u0259ri is\u0259 Ruslan \u0130smay\u0131lov\u00a0v\u0259 F\u00fczuli Abbasovdur. Onlar\u0131n dig\u0259r v\u0259zif\u0259l\u0259ri yoxdur. Qeyd ed\u0259k ki, Oqtay \u018fs\u0259dov ikinci, \u00fc\u00e7\u00fcnc\u00fc v\u0259 d\u00f6rd\u00fcnc\u00fc&hellip;","_links":{"self":[{"href":"https:\/\/arantv.az\/index.php?rest_route=\/wp\/v2\/posts\/93625"}],"collection":[{"href":"https:\/\/arantv.az\/index.php?rest_route=\/wp\/v2\/posts"}],"about":[{"href":"https:\/\/arantv.az\/index.php?rest_route=\/wp\/v2\/types\/post"}],"author":[{"embeddable":true,"href":"https:\/\/arantv.az\/index.php?rest_route=\/wp\/v2\/users\/2"}],"replies":[{"embeddable":true,"href":"https:\/\/arantv.az\/index.php?rest_route=%2Fwp%2Fv2%2Fcomments&post=93625"}],"version-history":[{"count":0,"href":"https:\/\/arantv.az\/index.php?rest_route=\/wp\/v2\/posts\/93625\/revisions"}],"wp:featuredmedia":[{"embeddable":true,"href":"https:\/\/arantv.az\/index.php?rest_route=\/wp\/v2\/media\/93626"}],"wp:attachment":[{"href":"https:\/\/arantv.az\/index.php?rest_route=%2Fwp%2Fv2%2Fmedia&parent=93625"}],"wp:term":[{"taxonomy":"category","embeddable":true,"href":"https:\/\/arantv.az\/index.php?rest_route=%2Fwp%2Fv2%2Fcategories&post=93625"},{"taxonomy":"post_tag","embeddable":true,"href":"https:\/\/arantv.az\/index.php?rest_route=%2Fwp%2Fv2%2Ftags&post=93625"}],"curies":[{"name":"wp","href":"https:\/\/api.w.org\/{rel}","templated":true}]}}