{"id":93629,"date":"2019-11-07T13:07:55","date_gmt":"2019-11-07T10:07:55","guid":{"rendered":"http:\/\/arantv.az\/?p=93629"},"modified":"2019-11-07T13:07:55","modified_gmt":"2019-11-07T10:07:55","slug":"xocalida-suca%c9%99t-gost%c9%99r%c9%99n-tahir%c9%99-turkiy%c9%99d%c9%99-%c9%99m%c9%99liyyat-edildi-foto","status":"publish","type":"post","link":"https:\/\/arantv.az\/?p=93629","title":{"rendered":"Xocal\u0131da \u015f\u00fcca\u0259t g\u00f6st\u0259r\u0259n Tahir\u0259 T\u00fcrkiy\u0259d\u0259 \u0259m\u0259liyyat edildi &#8211; FOTO"},"content":{"rendered":"<p>Xocal\u0131dak\u0131 q\u0259tliam x\u0259b\u0259rini alan kimi 500 \u0259sg\u0259rl\u0259 Bak\u0131dan ke\u00e7\u0259r\u0259k d\u00f6y\u00fc\u015f b\u00f6lg\u0259sin\u0259 yollanan, q\u0259hr\u0259manl\u0131\u011f\u0131 s\u0259b\u0259bind\u0259n \u201cN\u0259n\u0259 Xatun\u201da b\u0259nz\u0259dil\u0259n, g\u00f6z\u00fcnd\u0259n ald\u0131\u011f\u0131 q\u0259lp\u0259 yaras\u0131 il\u0259 qazi olan sabiq lentenant v\u0259 T\u00fcrk Birliyi Partiyas\u0131n\u0131n xarici \u00f6lk\u0259l\u0259rl\u0259 i\u015f m\u0259s\u0259l\u0259l\u0259ri \u00fczr\u0259 ba\u015f katibinin k\u00f6m\u0259k\u00e7isi Tahir\u0259 M\u0259simzad\u0259 \u0130zmird\u0259 sa\u011flaml\u0131\u011f\u0131na qovu\u015fub.<\/p>\n<p><strong>ARANTV.AZ<\/strong>\u00a0x\u0259b\u0259r verir ki, Q\u0259b\u0259l\u0259d\u0259 do\u011fulan v\u0259 haz\u0131rda \u0130zmird\u0259 ya\u015fayan T.M\u0259simzad\u0259 Atag\u00f6z g\u00f6z x\u0259st\u0259xanas\u0131nda h\u0259kim Onur Ayd\u0131n t\u0259r\u0259find\u0259n \u0259m\u0259liyyat edilib.<\/p>\n<p>O, son g\u00fcnl\u0259r g\u00f6zl\u0259rind\u0259 g\u00f6rm\u0259 z\u0259ifliyinin oldu\u011funu v\u0259 buna g\u00f6r\u0259 h\u0259kim\u0259 m\u00fcraci\u0259t ediyini deyib:<\/p>\n<p>\u201cG\u00f6zl\u0259rimin g\u00f6rm\u0259diyini hiss etdim v\u0259 \u00e7ox qorxdum. Xocal\u0131da g\u00f6z\u00fcm\u0259 q\u0259lp\u0259 d\u0259yib v\u0259 g\u00f6z\u00fcm\u00fcn k\u0259nar\u0131nda ki\u00e7ik \u00e7uxur meydana g\u0259lib. O \u00e7uxura \u00e7irk dolur.\u00a0Mustafa Kamal Atat\u00fcrk\u00fcn \u201cM\u0259ni t\u00fcrk h\u0259kiml\u0259rin\u0259 \u0259man\u0259t edin\u201d s\u00f6z\u00fcn\u0259 \u0259m\u0259l edib m\u00fcayin\u0259 olundum, \u0259m\u0259liyyat u\u011furlu ke\u00e7di. Bir \u0259m\u0259liyyatla problemim h\u0259ll edildi\u201d.<\/p>\n<div class=\"gallery\">\n<div class=\"gallery-i\"><img src=\"https:\/\/assets.oxu.az\/uploads\/W1siZiIsIjIwMTkvMTEvMDcvMTAvMjcvMjQvOTc0NGQ0NjgtMDFmYi00NzExLWEwZjMtNWZiOGY3NzliN2M3LzcyNDIzNTU2XzI1MDA1NTMwNjY4NDE2MDBfNzI4MjIwMDkwOTYwNDQ1NDQwMF9vLmpwZyJdLFsicCIsImVuY29kZSIsImpwZyIsIi1xdWFsaXR5IDgwIl0sWyJwIiwidGh1bWIiLCI1OTB4NTkwXHUwMDNlIl1d?sha=1d5182232fa787fb\" alt=\"\" \/><\/p>\n<div class=\"gallery-i-caption\"><\/div>\n<\/div>\n<div class=\"gallery-i\"><img src=\"https:\/\/assets.oxu.az\/uploads\/W1siZiIsIjIwMTkvMTEvMDcvMTAvMjcvMjQvNjY5MGNjZTMtMmEwNS00OGJiLWE5MWItYzM0YWZiNGFlMDE5LzcyNTkzMTI4XzI1MDU3NTM3MzI5ODgyMDBfMTY2NDg1NDU1NjU4NjAxNjc2OF9vLmpwZyJdLFsicCIsImVuY29kZSIsImpwZyIsIi1xdWFsaXR5IDgwIl0sWyJwIiwidGh1bWIiLCI1OTB4NTkwXHUwMDNlIl1d?sha=5a1137b4c11f1cf4\" alt=\"\" \/><\/p>\n<div class=\"gallery-i-caption\"><\/div>\n<\/div>\n<div class=\"gallery-i\"><img src=\"https:\/\/assets.oxu.az\/uploads\/W1siZiIsIjIwMTkvMTEvMDcvMTAvMjcvMjQvMDliZTc1YWEtNjdhYy00Y2ZiLWJiYTAtMzg4Yzg1ZTBiMjkxLzE1MzQ0OTM0NDlfMS5qcGciXSxbInAiLCJlbmNvZGUiLCJqcGciLCItcXVhbGl0eSA4MCJdLFsicCIsInRodW1iIiwiNTkweDU5MFx1MDAzZSJdXQ?sha=a75b59f10e9b1988\" alt=\"\" \/><\/p>\n<div class=\"gallery-i-caption\"><\/div>\n<\/div>\n<div class=\"gallery-i\"><img src=\"https:\/\/assets.oxu.az\/uploads\/W1siZiIsIjIwMTkvMTEvMDcvMTAvMjcvMjQvYTA0ZDg3MmEtNGZmZC00MDMzLTk5YmQtYzliNThlNDQ3OGNlL29wZXJhc3lvbnUtZ2VyY2VrbGVzdGlyZW4tZ296LWhhc3RhbGlrbGFyaS11em1hbmktb3AtZHItb251ci1heWRpbi5qcGciXSxbInAiLCJlbmNvZGUiLCJqcGciLCItcXVhbGl0eSA4MCJdLFsicCIsInRodW1iIiwiNTkweDU5MFx1MDAzZSJdXQ?sha=d88be22b1df921f9\" alt=\"\" \/><\/div>\n<div>oxu.az<\/div>\n<\/div>\n","protected":false},"excerpt":{"rendered":"<p>Xocal\u0131dak\u0131 q\u0259tliam x\u0259b\u0259rini alan kimi 500 \u0259sg\u0259rl\u0259 Bak\u0131dan ke\u00e7\u0259r\u0259k d\u00f6y\u00fc\u015f b\u00f6lg\u0259sin\u0259 yollanan, q\u0259hr\u0259manl\u0131\u011f\u0131 s\u0259b\u0259bind\u0259n \u201cN\u0259n\u0259 Xatun\u201da b\u0259nz\u0259dil\u0259n, g\u00f6z\u00fcnd\u0259n ald\u0131\u011f\u0131 q\u0259lp\u0259 yaras\u0131 il\u0259 qazi olan sabiq lentenant v\u0259 T\u00fcrk Birliyi Partiyas\u0131n\u0131n xarici \u00f6lk\u0259l\u0259rl\u0259 i\u015f m\u0259s\u0259l\u0259l\u0259ri \u00fczr\u0259 ba\u015f katibinin k\u00f6m\u0259k\u00e7isi Tahir\u0259 M\u0259simzad\u0259 \u0130zmird\u0259 sa\u011flaml\u0131\u011f\u0131na qovu\u015fub. ARANTV.AZ\u00a0x\u0259b\u0259r verir ki, Q\u0259b\u0259l\u0259d\u0259 do\u011fulan v\u0259 haz\u0131rda \u0130zmird\u0259 ya\u015fayan T.M\u0259simzad\u0259 Atag\u00f6z g\u00f6z x\u0259st\u0259xanas\u0131nda h\u0259kim Onur Ayd\u0131n t\u0259r\u0259find\u0259n \u0259m\u0259liyyat edilib. O, son g\u00fcnl\u0259r g\u00f6zl\u0259rind\u0259 g\u00f6rm\u0259 z\u0259ifliyinin oldu\u011funu v\u0259 buna g\u00f6r\u0259 h\u0259kim\u0259 m\u00fcraci\u0259t ediyini deyib: \u201cG\u00f6zl\u0259rimin g\u00f6rm\u0259diyini hiss etdim v\u0259 \u00e7ox qorxdum. Xocal\u0131da g\u00f6z\u00fcm\u0259 q\u0259lp\u0259 d\u0259yib v\u0259 g\u00f6z\u00fcm\u00fcn k\u0259nar\u0131nda&hellip;<\/p>\n","protected":false},"author":2,"featured_media":93630,"comment_status":"closed","ping_status":"closed","sticky":false,"template":"","format":"standard","meta":{"om_disable_all_campaigns":false,"_monsterinsights_skip_tracking":false,"_monsterinsights_sitenote_active":false,"_monsterinsights_sitenote_note":"","_monsterinsights_sitenote_category":0},"categories":[1],"tags":[],"aioseo_notices":[],"gutentor_comment":0,"rttpg_featured_image_url":{"full":["https:\/\/arantv.az\/wp-content\/uploads\/2019\/11\/eski-albay-ve-turk-birligi-partisi-dis-ulkelerden-sorumlu-genel.jpg",619,465,false],"landscape":["https:\/\/arantv.az\/wp-content\/uploads\/2019\/11\/eski-albay-ve-turk-birligi-partisi-dis-ulkelerden-sorumlu-genel.jpg",619,465,false],"portraits":["https:\/\/arantv.az\/wp-content\/uploads\/2019\/11\/eski-albay-ve-turk-birligi-partisi-dis-ulkelerden-sorumlu-genel.jpg",619,465,false],"thumbnail":["https:\/\/arantv.az\/wp-content\/uploads\/2019\/11\/eski-albay-ve-turk-birligi-partisi-dis-ulkelerden-sorumlu-genel-150x150.jpg",150,150,true],"medium":["https:\/\/arantv.az\/wp-content\/uploads\/2019\/11\/eski-albay-ve-turk-birligi-partisi-dis-ulkelerden-sorumlu-genel-300x225.jpg",300,225,true],"large":["https:\/\/arantv.az\/wp-content\/uploads\/2019\/11\/eski-albay-ve-turk-birligi-partisi-dis-ulkelerden-sorumlu-genel.jpg",619,465,false],"1536x1536":["https:\/\/arantv.az\/wp-content\/uploads\/2019\/11\/eski-albay-ve-turk-birligi-partisi-dis-ulkelerden-sorumlu-genel.jpg",619,465,false],"2048x2048":["https:\/\/arantv.az\/wp-content\/uploads\/2019\/11\/eski-albay-ve-turk-birligi-partisi-dis-ulkelerden-sorumlu-genel.jpg",619,465,false],"post-thumbnail":["https:\/\/arantv.az\/wp-content\/uploads\/2019\/11\/eski-albay-ve-turk-birligi-partisi-dis-ulkelerden-sorumlu-genel-240x172.jpg",240,172,true],"advps-thumb-one":["https:\/\/arantv.az\/wp-content\/uploads\/2019\/11\/eski-albay-ve-turk-birligi-partisi-dis-ulkelerden-sorumlu-genel.jpg",619,465,false]},"rttpg_author":{"display_name":"V\u00fcsal Rafiqo\u011flu","author_link":"https:\/\/arantv.az\/?author=2"},"rttpg_comment":0,"rttpg_category":"<a href=\"https:\/\/arantv.az\/?cat=1\" rel=\"category\">C\u0259miyy\u0259t<\/a>","rttpg_excerpt":"Xocal\u0131dak\u0131 q\u0259tliam x\u0259b\u0259rini alan kimi 500 \u0259sg\u0259rl\u0259 Bak\u0131dan ke\u00e7\u0259r\u0259k d\u00f6y\u00fc\u015f b\u00f6lg\u0259sin\u0259 yollanan, q\u0259hr\u0259manl\u0131\u011f\u0131 s\u0259b\u0259bind\u0259n \u201cN\u0259n\u0259 Xatun\u201da b\u0259nz\u0259dil\u0259n, g\u00f6z\u00fcnd\u0259n ald\u0131\u011f\u0131 q\u0259lp\u0259 yaras\u0131 il\u0259 qazi olan sabiq lentenant v\u0259 T\u00fcrk Birliyi Partiyas\u0131n\u0131n xarici \u00f6lk\u0259l\u0259rl\u0259 i\u015f m\u0259s\u0259l\u0259l\u0259ri \u00fczr\u0259 ba\u015f katibinin k\u00f6m\u0259k\u00e7isi Tahir\u0259 M\u0259simzad\u0259 \u0130zmird\u0259 sa\u011flaml\u0131\u011f\u0131na qovu\u015fub. ARANTV.AZ\u00a0x\u0259b\u0259r verir ki, Q\u0259b\u0259l\u0259d\u0259 do\u011fulan v\u0259 haz\u0131rda \u0130zmird\u0259 ya\u015fayan T.M\u0259simzad\u0259 Atag\u00f6z g\u00f6z&hellip;","_links":{"self":[{"href":"https:\/\/arantv.az\/index.php?rest_route=\/wp\/v2\/posts\/93629"}],"collection":[{"href":"https:\/\/arantv.az\/index.php?rest_route=\/wp\/v2\/posts"}],"about":[{"href":"https:\/\/arantv.az\/index.php?rest_route=\/wp\/v2\/types\/post"}],"author":[{"embeddable":true,"href":"https:\/\/arantv.az\/index.php?rest_route=\/wp\/v2\/users\/2"}],"replies":[{"embeddable":true,"href":"https:\/\/arantv.az\/index.php?rest_route=%2Fwp%2Fv2%2Fcomments&post=93629"}],"version-history":[{"count":0,"href":"https:\/\/arantv.az\/index.php?rest_route=\/wp\/v2\/posts\/93629\/revisions"}],"wp:featuredmedia":[{"embeddable":true,"href":"https:\/\/arantv.az\/index.php?rest_route=\/wp\/v2\/media\/93630"}],"wp:attachment":[{"href":"https:\/\/arantv.az\/index.php?rest_route=%2Fwp%2Fv2%2Fmedia&parent=93629"}],"wp:term":[{"taxonomy":"category","embeddable":true,"href":"https:\/\/arantv.az\/index.php?rest_route=%2Fwp%2Fv2%2Fcategories&post=93629"},{"taxonomy":"post_tag","embeddable":true,"href":"https:\/\/arantv.az\/index.php?rest_route=%2Fwp%2Fv2%2Ftags&post=93629"}],"curies":[{"name":"wp","href":"https:\/\/api.w.org\/{rel}","templated":true}]}}