{"id":93637,"date":"2019-11-07T13:17:52","date_gmt":"2019-11-07T10:17:52","guid":{"rendered":"http:\/\/arantv.az\/?p=93637"},"modified":"2019-11-07T13:17:52","modified_gmt":"2019-11-07T10:17:52","slug":"az%c9%99rbaycan-v%c9%99-turkiy%c9%99-h%c9%99rbi-%c9%99m%c9%99kdasliq-protokolu-imzaladi-foto","status":"publish","type":"post","link":"https:\/\/arantv.az\/?p=93637","title":{"rendered":"Az\u0259rbaycan v\u0259 T\u00fcrkiy\u0259 h\u0259rbi \u0259m\u0259kda\u015fl\u0131q protokolu imzalad\u0131 &#8211; FOTO"},"content":{"rendered":"<p>Bak\u0131da Az\u0259rbaycan-T\u00fcrkiy\u0259 12-ci Y\u00fcks\u0259k S\u0259viyy\u0259li H\u0259rbi Dialoq iclas\u0131 \u00f6z i\u015fini ba\u015fa vurub.<\/p>\n<p>M\u00fcdafi\u0259 Nazirliyind\u0259n veril\u0259n\u00a0<a href=\"https:\/\/mod.gov.az\/az\/news\/azerbaycan-turkiye-12-ci-yuksek-seviyyeli-herbi-dialoq-iclasi-basa-catib-29139.html\" target=\"_blank\" rel=\"noopener\">m\u0259lumat<\/a>a g\u00f6r\u0259, toplant\u0131da Az\u0259rbaycanla\u00a0T\u00fcrkiy\u0259 aras\u0131nda t\u0259hl\u00fck\u0259sizlik, h\u0259rbi, h\u0259rbi-texniki, h\u0259rbi tibb, h\u0259rbi t\u0259hsil v\u0259 dig\u0259r sah\u0259l\u0259rd\u0259 \u0259m\u0259kda\u015fl\u0131\u011f\u0131n v\u0259ziyy\u0259ti, inki\u015faf perspektivl\u0259ri m\u00fczakir\u0259 edilib, el\u0259c\u0259 d\u0259, qar\u015f\u0131da duran v\u0259zif\u0259l\u0259rin yerin\u0259 yetirilm\u0259si \u00fc\u00e7\u00fcn \u0259sas istiqam\u0259tl\u0259r m\u00fc\u0259yy\u0259nl\u0259\u015fdirilib v\u0259 2020-ci il \u00fc\u00e7\u00fcn f\u0259aliyy\u0259t plan\u0131 raz\u0131la\u015fd\u0131r\u0131l\u0131b.<\/p>\n<div id=\"AdviadNativeVideo0\" class=\"AdviadNativeVideo\"><\/div>\n<p>G\u00f6r\u00fc\u015f\u00fcn sonunda iclas\u0131n\u0131n yekunlar\u0131na dair Az\u0259rbaycan Respublikas\u0131 M\u00fcdafi\u0259 Nazirliyi il\u0259 T\u00fcrkiy\u0259 Respublikas\u0131 Ba\u015f Q\u0259rargah\u0131 aras\u0131nda protokol imzalan\u0131b.<\/p>\n<p>Bu formatda n\u00f6vb\u0259ti g\u00f6r\u00fc\u015f\u00fcn g\u0259l\u0259n il T\u00fcrkiy\u0259d\u0259 ke\u00e7irilm\u0259si planla\u015fd\u0131r\u0131l\u0131r.<\/p>\n<div class=\"gallery\">\n<div class=\"gallery-i\"><img src=\"https:\/\/assets.oxu.az\/uploads\/W1siZiIsIjIwMTkvMTEvMDcvMTIvNDMvMDIvYjUzMDBiZDgtOTdmZi00MjE2LTg5OGQtNTQ5ZThmMDk4MzNjLzEuanBnIl0sWyJwIiwiZW5jb2RlIiwianBnIiwiLXF1YWxpdHkgODAiXSxbInAiLCJ0aHVtYiIsIjU5MHg1OTBcdTAwM2UiXV0?sha=80e54872e104bd0f\" alt=\"\" \/><\/div>\n<\/div>\n","protected":false},"excerpt":{"rendered":"<p>Bak\u0131da Az\u0259rbaycan-T\u00fcrkiy\u0259 12-ci Y\u00fcks\u0259k S\u0259viyy\u0259li H\u0259rbi Dialoq iclas\u0131 \u00f6z i\u015fini ba\u015fa vurub. M\u00fcdafi\u0259 Nazirliyind\u0259n veril\u0259n\u00a0m\u0259lumata g\u00f6r\u0259, toplant\u0131da Az\u0259rbaycanla\u00a0T\u00fcrkiy\u0259 aras\u0131nda t\u0259hl\u00fck\u0259sizlik, h\u0259rbi, h\u0259rbi-texniki, h\u0259rbi tibb, h\u0259rbi t\u0259hsil v\u0259 dig\u0259r sah\u0259l\u0259rd\u0259 \u0259m\u0259kda\u015fl\u0131\u011f\u0131n v\u0259ziyy\u0259ti, inki\u015faf perspektivl\u0259ri m\u00fczakir\u0259 edilib, el\u0259c\u0259 d\u0259, qar\u015f\u0131da duran v\u0259zif\u0259l\u0259rin yerin\u0259 yetirilm\u0259si \u00fc\u00e7\u00fcn \u0259sas istiqam\u0259tl\u0259r m\u00fc\u0259yy\u0259nl\u0259\u015fdirilib v\u0259 2020-ci il \u00fc\u00e7\u00fcn f\u0259aliyy\u0259t plan\u0131 raz\u0131la\u015fd\u0131r\u0131l\u0131b. G\u00f6r\u00fc\u015f\u00fcn sonunda iclas\u0131n\u0131n yekunlar\u0131na dair Az\u0259rbaycan Respublikas\u0131 M\u00fcdafi\u0259 Nazirliyi il\u0259 T\u00fcrkiy\u0259 Respublikas\u0131 Ba\u015f Q\u0259rargah\u0131 aras\u0131nda protokol imzalan\u0131b. Bu formatda n\u00f6vb\u0259ti g\u00f6r\u00fc\u015f\u00fcn g\u0259l\u0259n il T\u00fcrkiy\u0259d\u0259 ke\u00e7irilm\u0259si planla\u015fd\u0131r\u0131l\u0131r.<\/p>\n","protected":false},"author":2,"featured_media":93638,"comment_status":"closed","ping_status":"closed","sticky":false,"template":"","format":"standard","meta":{"om_disable_all_campaigns":false,"_monsterinsights_skip_tracking":false,"_monsterinsights_sitenote_active":false,"_monsterinsights_sitenote_note":"","_monsterinsights_sitenote_category":0},"categories":[1],"tags":[],"aioseo_notices":[],"gutentor_comment":0,"rttpg_featured_image_url":{"full":["https:\/\/arantv.az\/wp-content\/uploads\/2019\/11\/2.jpg",620,422,false],"landscape":["https:\/\/arantv.az\/wp-content\/uploads\/2019\/11\/2.jpg",620,422,false],"portraits":["https:\/\/arantv.az\/wp-content\/uploads\/2019\/11\/2.jpg",620,422,false],"thumbnail":["https:\/\/arantv.az\/wp-content\/uploads\/2019\/11\/2-150x150.jpg",150,150,true],"medium":["https:\/\/arantv.az\/wp-content\/uploads\/2019\/11\/2-300x204.jpg",300,204,true],"large":["https:\/\/arantv.az\/wp-content\/uploads\/2019\/11\/2.jpg",620,422,false],"1536x1536":["https:\/\/arantv.az\/wp-content\/uploads\/2019\/11\/2.jpg",620,422,false],"2048x2048":["https:\/\/arantv.az\/wp-content\/uploads\/2019\/11\/2.jpg",620,422,false],"post-thumbnail":["https:\/\/arantv.az\/wp-content\/uploads\/2019\/11\/2-240x172.jpg",240,172,true],"advps-thumb-one":["https:\/\/arantv.az\/wp-content\/uploads\/2019\/11\/2.jpg",620,422,false]},"rttpg_author":{"display_name":"V\u00fcsal Rafiqo\u011flu","author_link":"https:\/\/arantv.az\/?author=2"},"rttpg_comment":0,"rttpg_category":"<a href=\"https:\/\/arantv.az\/?cat=1\" rel=\"category\">C\u0259miyy\u0259t<\/a>","rttpg_excerpt":"Bak\u0131da Az\u0259rbaycan-T\u00fcrkiy\u0259 12-ci Y\u00fcks\u0259k S\u0259viyy\u0259li H\u0259rbi Dialoq iclas\u0131 \u00f6z i\u015fini ba\u015fa vurub. M\u00fcdafi\u0259 Nazirliyind\u0259n veril\u0259n\u00a0m\u0259lumata g\u00f6r\u0259, toplant\u0131da Az\u0259rbaycanla\u00a0T\u00fcrkiy\u0259 aras\u0131nda t\u0259hl\u00fck\u0259sizlik, h\u0259rbi, h\u0259rbi-texniki, h\u0259rbi tibb, h\u0259rbi t\u0259hsil v\u0259 dig\u0259r sah\u0259l\u0259rd\u0259 \u0259m\u0259kda\u015fl\u0131\u011f\u0131n v\u0259ziyy\u0259ti, inki\u015faf perspektivl\u0259ri m\u00fczakir\u0259 edilib, el\u0259c\u0259 d\u0259, qar\u015f\u0131da duran v\u0259zif\u0259l\u0259rin yerin\u0259 yetirilm\u0259si \u00fc\u00e7\u00fcn \u0259sas istiqam\u0259tl\u0259r m\u00fc\u0259yy\u0259nl\u0259\u015fdirilib v\u0259 2020-ci il \u00fc\u00e7\u00fcn f\u0259aliyy\u0259t plan\u0131 raz\u0131la\u015fd\u0131r\u0131l\u0131b. G\u00f6r\u00fc\u015f\u00fcn sonunda&hellip;","_links":{"self":[{"href":"https:\/\/arantv.az\/index.php?rest_route=\/wp\/v2\/posts\/93637"}],"collection":[{"href":"https:\/\/arantv.az\/index.php?rest_route=\/wp\/v2\/posts"}],"about":[{"href":"https:\/\/arantv.az\/index.php?rest_route=\/wp\/v2\/types\/post"}],"author":[{"embeddable":true,"href":"https:\/\/arantv.az\/index.php?rest_route=\/wp\/v2\/users\/2"}],"replies":[{"embeddable":true,"href":"https:\/\/arantv.az\/index.php?rest_route=%2Fwp%2Fv2%2Fcomments&post=93637"}],"version-history":[{"count":0,"href":"https:\/\/arantv.az\/index.php?rest_route=\/wp\/v2\/posts\/93637\/revisions"}],"wp:featuredmedia":[{"embeddable":true,"href":"https:\/\/arantv.az\/index.php?rest_route=\/wp\/v2\/media\/93638"}],"wp:attachment":[{"href":"https:\/\/arantv.az\/index.php?rest_route=%2Fwp%2Fv2%2Fmedia&parent=93637"}],"wp:term":[{"taxonomy":"category","embeddable":true,"href":"https:\/\/arantv.az\/index.php?rest_route=%2Fwp%2Fv2%2Fcategories&post=93637"},{"taxonomy":"post_tag","embeddable":true,"href":"https:\/\/arantv.az\/index.php?rest_route=%2Fwp%2Fv2%2Ftags&post=93637"}],"curies":[{"name":"wp","href":"https:\/\/api.w.org\/{rel}","templated":true}]}}