{"id":93650,"date":"2019-11-07T13:39:55","date_gmt":"2019-11-07T10:39:55","guid":{"rendered":"http:\/\/arantv.az\/?p=93650"},"modified":"2019-11-07T13:39:55","modified_gmt":"2019-11-07T10:39:55","slug":"agdam-rih-bascisinin-muavini-650-min-agacin-%c9%99kilm%c9%99si-t%c9%99s%c9%99bbusunun-h%c9%99yata-kecirilm%c9%99sin%c9%99-hazirliq-aparilir","status":"publish","type":"post","link":"https:\/\/arantv.az\/?p=93650","title":{"rendered":"A\u011fdam R\u0130H ba\u015f\u00e7\u0131s\u0131n\u0131n m\u00fcavini: &#8220;650 min a\u011fac\u0131n \u0259kilm\u0259si t\u0259\u015f\u0259bb\u00fcs\u00fcn\u00fcn h\u0259yata ke\u00e7irilm\u0259sin\u0259 haz\u0131rl\u0131q apar\u0131l\u0131r&#8221;"},"content":{"rendered":"<blockquote><p><em><strong>Birinci vitse-prezident Mehriban \u018fliyevan\u0131n dahi \u015fair \u0130mad\u0259ddin N\u0259siminin yubileyi m\u00fcnasib\u0259til\u0259 bir g\u00fcnd\u0259 650 min a\u011fac \u0259kilm\u0259si t\u0259\u015f\u0259bb\u00fcs\u00fc \u00e7\u0259r\u00e7iv\u0259sind\u0259 A\u011fdamda 10 min a\u011fac \u0259kil\u0259c\u0259k.<\/strong><\/em><\/p><\/blockquote>\n<p><strong>ARANTV.AZ<\/strong>\u00a0 x\u0259b\u0259r verir ki, bunu\u00a0<a href=\"https:\/\/az.trend.az\/\" target=\"_blank\" rel=\"noopener\">Trend<\/a>-\u0259 A\u011fdam Rayon \u0130cra Hakimiyy\u0259ti (R\u0130H) ba\u015f\u00e7\u0131s\u0131n\u0131n birinci m\u00fcavini Allahver\u0259n \u018fliyev deyib.<\/p>\n<p>A.\u018fliyevin s\u00f6zl\u0259rin\u0259 g\u00f6r\u0259, bir g\u00fcnd\u0259 650 min a\u011fac \u0259kilm\u0259si t\u0259\u015f\u0259bb\u00fcs\u00fc \u00e7\u0259r\u00e7iv\u0259sind\u0259 rayonun B\u0259rd\u0259-A\u011fcab\u0259di yolunun Quzanl\u0131 q\u0259s\u0259b\u0259sinin \u0259razisind\u0259n ke\u00e7\u0259n hiss\u0259sind\u0259-yol \u0259traf\u0131ndak\u0131 qurumu\u015f a\u011faclar\u0131n \u0259v\u0259zin\u0259 250 a\u011fac \u0259kil\u0259c\u0259k.<\/p>\n<p>Bununla yana\u015f\u0131, A\u011fdam\u0131n X\u0131nd\u0131r\u0131stan n\u00fcmay\u0259nd\u0259liyinin \u0259razisind\u0259 1250, \u018fhm\u0259da\u011fal\u0131 n\u00fcmay\u0259nd\u0259liyinin \u0259razisind\u0259 1050, Al\u0131b\u0259yli n\u00fcmay\u0259nd\u0259liyinin \u0259razisind\u0259 1100, D\u0259rv\u0259nd n\u00fcmay\u0259nd\u0259liyinin \u0259razisind\u0259 1800 a\u011fac \u0259kil\u0259c\u0259k.<\/p>\n<p>Birinci m\u00fcavin qeyd edib ki, h\u0259min g\u00fcn \u015fam, iyd\u0259, akasiya, g\u00f6yr\u00fc\u015f, \u0259rik, al\u00e7a, gaval\u0131, alma, nar v\u0259 h\u0259mi\u015f\u0259ya\u015f\u0131l a\u011faclar \u0259kil\u0259c\u0259k.<\/p>\n<div>\n<div id=\"AdviadNativeVideo0\" class=\"AdviadNativeVideo\"><\/div>\n<\/div>\n<p>A.\u018fliyev art\u0131q a\u011fac\u0259km\u0259y\u0259 haz\u0131rl\u0131q \u00fc\u00e7\u00fcn \u0259razil\u0259rin hamarla\u015fd\u0131r\u0131l\u0131b quyular\u0131n qaz\u0131ld\u0131\u011f\u0131n\u0131 s\u00f6yl\u0259yib.<\/p>\n<p>Qeyd ed\u0259k ki, noyabr\u0131n sonunda Birinci vitse-prezident Mehriban \u018fliyevan\u0131n dahi \u015fair \u0130mad\u0259ddin N\u0259siminin 650 illik yubileyi m\u00fcnasib\u0259til\u0259 bir g\u00fcnd\u0259 respublikam\u0131zda 650 min a\u011fac\u0131n \u0259kilm\u0259si t\u0259\u015f\u0259bb\u00fcs\u00fc h\u0259yata ke\u00e7iril\u0259c\u0259k. Az\u0259rbaycan\u0131n tarixind\u0259 ilk d\u0259f\u0259dir ki, bir g\u00fcn \u0259rzind\u0259 bu q\u0259d\u0259r \u00e7ox sayda a\u011fac \u0259kil\u0259c\u0259k. B\u00fct\u00fcn a\u011faclar Me\u015f\u0259 T\u0259s\u0259rr\u00fcfat\u0131 M\u0259rk\u0259zl\u0259rinin v\u0259 Az\u0259rbaycan Ya\u015f\u0131lla\u015fd\u0131rma v\u0259 Land\u015faft Qurulu\u015fu ASC-nin 17 tinglik sah\u0259sind\u0259 yeti\u015fdirilib. \u018fkil\u0259c\u0259k a\u011faclar aras\u0131nda h\u0259m me\u015f\u0259 cinsli, h\u0259m d\u0259 meyv\u0259 a\u011faclar\u0131 olacaq. K\u00fctl\u0259vi a\u011fac\u0259km\u0259 t\u0259dbirinin ke\u00e7iril\u0259c\u0259yi bir g\u00fcnd\u0259 \u0259sas\u0259n xan \u00e7inar\u0131, Eldar \u015fam\u0131, s\u0259rv, akasiya, s\u00f6y\u00fcd, g\u00f6yr\u00fc\u015f, iyd\u0259, zeytun, qara\u011fac, \u0259ncir, qovaq, \u015faftal\u0131, gaval\u0131, alma, c\u00f6k\u0259, q\u0131z\u0131la\u011fac, saqq\u0131z, katalpa, \u00e7inar, nar v\u0259 s. \u0259kil\u0259c\u0259k.<\/p>\n","protected":false},"excerpt":{"rendered":"<p>Birinci vitse-prezident Mehriban \u018fliyevan\u0131n dahi \u015fair \u0130mad\u0259ddin N\u0259siminin yubileyi m\u00fcnasib\u0259til\u0259 bir g\u00fcnd\u0259 650 min a\u011fac \u0259kilm\u0259si t\u0259\u015f\u0259bb\u00fcs\u00fc \u00e7\u0259r\u00e7iv\u0259sind\u0259 A\u011fdamda 10 min a\u011fac \u0259kil\u0259c\u0259k. ARANTV.AZ\u00a0 x\u0259b\u0259r verir ki, bunu\u00a0Trend-\u0259 A\u011fdam Rayon \u0130cra Hakimiyy\u0259ti (R\u0130H) ba\u015f\u00e7\u0131s\u0131n\u0131n birinci m\u00fcavini Allahver\u0259n \u018fliyev deyib. A.\u018fliyevin s\u00f6zl\u0259rin\u0259 g\u00f6r\u0259, bir g\u00fcnd\u0259 650 min a\u011fac \u0259kilm\u0259si t\u0259\u015f\u0259bb\u00fcs\u00fc \u00e7\u0259r\u00e7iv\u0259sind\u0259 rayonun B\u0259rd\u0259-A\u011fcab\u0259di yolunun Quzanl\u0131 q\u0259s\u0259b\u0259sinin \u0259razisind\u0259n ke\u00e7\u0259n hiss\u0259sind\u0259-yol \u0259traf\u0131ndak\u0131 qurumu\u015f a\u011faclar\u0131n \u0259v\u0259zin\u0259 250 a\u011fac \u0259kil\u0259c\u0259k. Bununla yana\u015f\u0131, A\u011fdam\u0131n X\u0131nd\u0131r\u0131stan n\u00fcmay\u0259nd\u0259liyinin \u0259razisind\u0259 1250, \u018fhm\u0259da\u011fal\u0131 n\u00fcmay\u0259nd\u0259liyinin \u0259razisind\u0259 1050, Al\u0131b\u0259yli n\u00fcmay\u0259nd\u0259liyinin \u0259razisind\u0259 1100, D\u0259rv\u0259nd n\u00fcmay\u0259nd\u0259liyinin \u0259razisind\u0259 1800 a\u011fac \u0259kil\u0259c\u0259k. Birinci m\u00fcavin qeyd edib&hellip;<\/p>\n","protected":false},"author":2,"featured_media":93651,"comment_status":"closed","ping_status":"closed","sticky":false,"template":"","format":"standard","meta":{"om_disable_all_campaigns":false,"_monsterinsights_skip_tracking":false,"_monsterinsights_sitenote_active":false,"_monsterinsights_sitenote_note":"","_monsterinsights_sitenote_category":0},"categories":[1],"tags":[],"aioseo_notices":[],"gutentor_comment":0,"rttpg_featured_image_url":{"full":["https:\/\/arantv.az\/wp-content\/uploads\/2019\/11\/800460.jpg",800,600,false],"landscape":["https:\/\/arantv.az\/wp-content\/uploads\/2019\/11\/800460.jpg",800,600,false],"portraits":["https:\/\/arantv.az\/wp-content\/uploads\/2019\/11\/800460.jpg",800,600,false],"thumbnail":["https:\/\/arantv.az\/wp-content\/uploads\/2019\/11\/800460-150x150.jpg",150,150,true],"medium":["https:\/\/arantv.az\/wp-content\/uploads\/2019\/11\/800460-300x225.jpg",300,225,true],"large":["https:\/\/arantv.az\/wp-content\/uploads\/2019\/11\/800460.jpg",640,480,false],"1536x1536":["https:\/\/arantv.az\/wp-content\/uploads\/2019\/11\/800460.jpg",800,600,false],"2048x2048":["https:\/\/arantv.az\/wp-content\/uploads\/2019\/11\/800460.jpg",800,600,false],"post-thumbnail":["https:\/\/arantv.az\/wp-content\/uploads\/2019\/11\/800460-240x172.jpg",240,172,true],"advps-thumb-one":["https:\/\/arantv.az\/wp-content\/uploads\/2019\/11\/800460.jpg",800,600,false]},"rttpg_author":{"display_name":"V\u00fcsal Rafiqo\u011flu","author_link":"https:\/\/arantv.az\/?author=2"},"rttpg_comment":0,"rttpg_category":"<a href=\"https:\/\/arantv.az\/?cat=1\" rel=\"category\">C\u0259miyy\u0259t<\/a>","rttpg_excerpt":"Birinci vitse-prezident Mehriban \u018fliyevan\u0131n dahi \u015fair \u0130mad\u0259ddin N\u0259siminin yubileyi m\u00fcnasib\u0259til\u0259 bir g\u00fcnd\u0259 650 min a\u011fac \u0259kilm\u0259si t\u0259\u015f\u0259bb\u00fcs\u00fc \u00e7\u0259r\u00e7iv\u0259sind\u0259 A\u011fdamda 10 min a\u011fac \u0259kil\u0259c\u0259k. ARANTV.AZ\u00a0 x\u0259b\u0259r verir ki, bunu\u00a0Trend-\u0259 A\u011fdam Rayon \u0130cra Hakimiyy\u0259ti (R\u0130H) ba\u015f\u00e7\u0131s\u0131n\u0131n birinci m\u00fcavini Allahver\u0259n \u018fliyev deyib. A.\u018fliyevin s\u00f6zl\u0259rin\u0259 g\u00f6r\u0259, bir g\u00fcnd\u0259 650 min a\u011fac \u0259kilm\u0259si t\u0259\u015f\u0259bb\u00fcs\u00fc \u00e7\u0259r\u00e7iv\u0259sind\u0259 rayonun B\u0259rd\u0259-A\u011fcab\u0259di yolunun Quzanl\u0131 q\u0259s\u0259b\u0259sinin&hellip;","_links":{"self":[{"href":"https:\/\/arantv.az\/index.php?rest_route=\/wp\/v2\/posts\/93650"}],"collection":[{"href":"https:\/\/arantv.az\/index.php?rest_route=\/wp\/v2\/posts"}],"about":[{"href":"https:\/\/arantv.az\/index.php?rest_route=\/wp\/v2\/types\/post"}],"author":[{"embeddable":true,"href":"https:\/\/arantv.az\/index.php?rest_route=\/wp\/v2\/users\/2"}],"replies":[{"embeddable":true,"href":"https:\/\/arantv.az\/index.php?rest_route=%2Fwp%2Fv2%2Fcomments&post=93650"}],"version-history":[{"count":0,"href":"https:\/\/arantv.az\/index.php?rest_route=\/wp\/v2\/posts\/93650\/revisions"}],"wp:featuredmedia":[{"embeddable":true,"href":"https:\/\/arantv.az\/index.php?rest_route=\/wp\/v2\/media\/93651"}],"wp:attachment":[{"href":"https:\/\/arantv.az\/index.php?rest_route=%2Fwp%2Fv2%2Fmedia&parent=93650"}],"wp:term":[{"taxonomy":"category","embeddable":true,"href":"https:\/\/arantv.az\/index.php?rest_route=%2Fwp%2Fv2%2Fcategories&post=93650"},{"taxonomy":"post_tag","embeddable":true,"href":"https:\/\/arantv.az\/index.php?rest_route=%2Fwp%2Fv2%2Ftags&post=93650"}],"curies":[{"name":"wp","href":"https:\/\/api.w.org\/{rel}","templated":true}]}}