{"id":93758,"date":"2019-11-07T15:55:15","date_gmt":"2019-11-07T12:55:15","guid":{"rendered":"http:\/\/arantv.az\/?p=93758"},"modified":"2019-11-07T15:55:15","modified_gmt":"2019-11-07T12:55:15","slug":"komit%c9%99-s%c9%99dri-b%c9%99l%c9%99diyy%c9%99l%c9%99r%c9%99-ayrilan-v%c9%99saitd%c9%99n-sikay%c9%99tl%c9%99ndi","status":"publish","type":"post","link":"https:\/\/arantv.az\/?p=93758","title":{"rendered":"Komit\u0259 s\u0259dri b\u0259l\u0259diyy\u0259l\u0259r\u0259 ayr\u0131lan v\u0259saitd\u0259n \u015fikay\u0259tl\u0259ndi"},"content":{"rendered":"<p>Az\u0259rbaycanda 1606 b\u0259l\u0259diyy\u0259 var. B\u0259l\u0259diyy\u0259l\u0259r\u0259 b\u00fcdc\u0259d\u0259n v\u0259sait ayr\u0131lark\u0259n h\u0259min \u0259razil\u0259rd\u0259 ya\u015fayan \u0259halinin say\u0131 n\u0259z\u0259r\u0259 al\u0131nm\u0131r.<\/p>\n<p><strong>ARANTV.AZ<\/strong>-\u0131n x\u0259b\u0259rin\u0259 g\u00f6r\u0259, Milli M\u0259clisin birg\u0259 komit\u0259l\u0259rinin iclas\u0131nda 2020-ci ilin d\u00f6vl\u0259t b\u00fcdc\u0259 layih\u0259sinin m\u00fczakir\u0259si zaman\u0131 Regional m\u0259s\u0259l\u0259l\u0259r komit\u0259sinin s\u0259dri Arif R\u0259himzad\u0259 deyib.<\/p>\n<div id=\"AdviadNativeVideo0\" class=\"AdviadNativeVideo\"><\/div>\n<p>O bildirib ki, b\u0259l\u0259diyy\u0259l\u0259r\u0259 eyni h\u0259cmd\u0259 v\u0259sait verilir.<\/p>\n<p>\u201cOna g\u00f6r\u0259 d\u0259 b\u0259zi b\u0259l\u0259diyy\u0259l\u0259r \u00e7\u0259tinlikl\u0259r ya\u015fay\u0131rlar. \u018fg\u0259r dotasiyalar art\u0131r\u0131larsa, b\u0259l\u0259diyy\u0259l\u0259rin probleml\u0259ri aradan qald\u0131r\u0131la bil\u0259r\u201d, &#8211; dey\u0259 A.R\u0259himzad\u0259 t\u0259klif edib.oxu.az<\/p>\n","protected":false},"excerpt":{"rendered":"<p>Az\u0259rbaycanda 1606 b\u0259l\u0259diyy\u0259 var. B\u0259l\u0259diyy\u0259l\u0259r\u0259 b\u00fcdc\u0259d\u0259n v\u0259sait ayr\u0131lark\u0259n h\u0259min \u0259razil\u0259rd\u0259 ya\u015fayan \u0259halinin say\u0131 n\u0259z\u0259r\u0259 al\u0131nm\u0131r. ARANTV.AZ-\u0131n x\u0259b\u0259rin\u0259 g\u00f6r\u0259, Milli M\u0259clisin birg\u0259 komit\u0259l\u0259rinin iclas\u0131nda 2020-ci ilin d\u00f6vl\u0259t b\u00fcdc\u0259 layih\u0259sinin m\u00fczakir\u0259si zaman\u0131 Regional m\u0259s\u0259l\u0259l\u0259r komit\u0259sinin s\u0259dri Arif R\u0259himzad\u0259 deyib. O bildirib ki, b\u0259l\u0259diyy\u0259l\u0259r\u0259 eyni h\u0259cmd\u0259 v\u0259sait verilir. \u201cOna g\u00f6r\u0259 d\u0259 b\u0259zi b\u0259l\u0259diyy\u0259l\u0259r \u00e7\u0259tinlikl\u0259r ya\u015fay\u0131rlar. \u018fg\u0259r dotasiyalar art\u0131r\u0131larsa, b\u0259l\u0259diyy\u0259l\u0259rin probleml\u0259ri aradan qald\u0131r\u0131la bil\u0259r\u201d, &#8211; dey\u0259 A.R\u0259himzad\u0259 t\u0259klif edib.oxu.az<\/p>\n","protected":false},"author":2,"featured_media":93759,"comment_status":"closed","ping_status":"closed","sticky":false,"template":"","format":"standard","meta":{"om_disable_all_campaigns":false,"_monsterinsights_skip_tracking":false,"_monsterinsights_sitenote_active":false,"_monsterinsights_sitenote_note":"","_monsterinsights_sitenote_category":0},"categories":[1],"tags":[],"aioseo_notices":[],"gutentor_comment":0,"rttpg_featured_image_url":{"full":["https:\/\/arantv.az\/wp-content\/uploads\/2019\/11\/arif-rehim.jpg",600,426,false],"landscape":["https:\/\/arantv.az\/wp-content\/uploads\/2019\/11\/arif-rehim.jpg",600,426,false],"portraits":["https:\/\/arantv.az\/wp-content\/uploads\/2019\/11\/arif-rehim.jpg",600,426,false],"thumbnail":["https:\/\/arantv.az\/wp-content\/uploads\/2019\/11\/arif-rehim-150x150.jpg",150,150,true],"medium":["https:\/\/arantv.az\/wp-content\/uploads\/2019\/11\/arif-rehim-300x213.jpg",300,213,true],"large":["https:\/\/arantv.az\/wp-content\/uploads\/2019\/11\/arif-rehim.jpg",600,426,false],"1536x1536":["https:\/\/arantv.az\/wp-content\/uploads\/2019\/11\/arif-rehim.jpg",600,426,false],"2048x2048":["https:\/\/arantv.az\/wp-content\/uploads\/2019\/11\/arif-rehim.jpg",600,426,false],"post-thumbnail":["https:\/\/arantv.az\/wp-content\/uploads\/2019\/11\/arif-rehim-240x172.jpg",240,172,true],"advps-thumb-one":["https:\/\/arantv.az\/wp-content\/uploads\/2019\/11\/arif-rehim.jpg",600,426,false]},"rttpg_author":{"display_name":"V\u00fcsal Rafiqo\u011flu","author_link":"https:\/\/arantv.az\/?author=2"},"rttpg_comment":0,"rttpg_category":"<a href=\"https:\/\/arantv.az\/?cat=1\" rel=\"category\">C\u0259miyy\u0259t<\/a>","rttpg_excerpt":"Az\u0259rbaycanda 1606 b\u0259l\u0259diyy\u0259 var. B\u0259l\u0259diyy\u0259l\u0259r\u0259 b\u00fcdc\u0259d\u0259n v\u0259sait ayr\u0131lark\u0259n h\u0259min \u0259razil\u0259rd\u0259 ya\u015fayan \u0259halinin say\u0131 n\u0259z\u0259r\u0259 al\u0131nm\u0131r. ARANTV.AZ-\u0131n x\u0259b\u0259rin\u0259 g\u00f6r\u0259, Milli M\u0259clisin birg\u0259 komit\u0259l\u0259rinin iclas\u0131nda 2020-ci ilin d\u00f6vl\u0259t b\u00fcdc\u0259 layih\u0259sinin m\u00fczakir\u0259si zaman\u0131 Regional m\u0259s\u0259l\u0259l\u0259r komit\u0259sinin s\u0259dri Arif R\u0259himzad\u0259 deyib. O bildirib ki, b\u0259l\u0259diyy\u0259l\u0259r\u0259 eyni h\u0259cmd\u0259 v\u0259sait verilir. \u201cOna g\u00f6r\u0259 d\u0259 b\u0259zi b\u0259l\u0259diyy\u0259l\u0259r \u00e7\u0259tinlikl\u0259r ya\u015fay\u0131rlar. \u018fg\u0259r dotasiyalar art\u0131r\u0131larsa,&hellip;","_links":{"self":[{"href":"https:\/\/arantv.az\/index.php?rest_route=\/wp\/v2\/posts\/93758"}],"collection":[{"href":"https:\/\/arantv.az\/index.php?rest_route=\/wp\/v2\/posts"}],"about":[{"href":"https:\/\/arantv.az\/index.php?rest_route=\/wp\/v2\/types\/post"}],"author":[{"embeddable":true,"href":"https:\/\/arantv.az\/index.php?rest_route=\/wp\/v2\/users\/2"}],"replies":[{"embeddable":true,"href":"https:\/\/arantv.az\/index.php?rest_route=%2Fwp%2Fv2%2Fcomments&post=93758"}],"version-history":[{"count":0,"href":"https:\/\/arantv.az\/index.php?rest_route=\/wp\/v2\/posts\/93758\/revisions"}],"wp:featuredmedia":[{"embeddable":true,"href":"https:\/\/arantv.az\/index.php?rest_route=\/wp\/v2\/media\/93759"}],"wp:attachment":[{"href":"https:\/\/arantv.az\/index.php?rest_route=%2Fwp%2Fv2%2Fmedia&parent=93758"}],"wp:term":[{"taxonomy":"category","embeddable":true,"href":"https:\/\/arantv.az\/index.php?rest_route=%2Fwp%2Fv2%2Fcategories&post=93758"},{"taxonomy":"post_tag","embeddable":true,"href":"https:\/\/arantv.az\/index.php?rest_route=%2Fwp%2Fv2%2Ftags&post=93758"}],"curies":[{"name":"wp","href":"https:\/\/api.w.org\/{rel}","templated":true}]}}