{"id":93832,"date":"2019-11-08T08:39:40","date_gmt":"2019-11-08T05:39:40","guid":{"rendered":"http:\/\/arantv.az\/?p=93832"},"modified":"2019-11-08T08:39:40","modified_gmt":"2019-11-08T05:39:40","slug":"nazird%c9%99n-sad-x%c9%99b%c9%99r-bu-m%c9%99hsullar-%c9%99dv-d%c9%99n-azad-olunacaq","status":"publish","type":"post","link":"https:\/\/arantv.az\/?p=93832","title":{"rendered":"Nazird\u0259n \u015fad x\u0259b\u0259r: Bu m\u0259hsullar \u018fDV-d\u0259n azad olunacaq"},"content":{"rendered":"<p>\u0130qtisadiyyat naziri Mikay\u0131l Cabbarov Vergi M\u0259c\u0259ll\u0259sind\u0259 d\u0259yi\u015fiklikl\u0259rin \u0259sas istiqam\u0259ti v\u0259 mahiyy\u0259ti bar\u0259d\u0259 \u0259trafl\u0131 dan\u0131\u015f\u0131b.<\/p>\n<p><strong>ARANTV.AZ<\/strong>-\u0131n m\u0259lumat\u0131na g\u00f6r\u0259, M.Cabbarov noyabr\u0131n 7-d\u0259 Milli M\u0259clisin \u0130qtisadi siyas\u0259t, s\u0259naye v\u0259 sahibkarl\u0131q komit\u0259sinin iclas\u0131nda bildirib ki, d\u0259yi\u015fiklikl\u0259r yeddi \u0259sas istiqam\u0259ti \u0259hat\u0259 edir.<\/p>\n<p>\u201cYenilikl\u0259r, \u0259sas\u0259n,\u00a0\u0259dal\u0259tli r\u0259qab\u0259tin \u015f\u0259rti olan b\u0259rab\u0259r v\u0259 \u015f\u0259ffaf m\u00fchitin t\u0259min edilm\u0259sini n\u0259z\u0259rd\u0259 tutur.<\/p>\n<div id=\"AdviadNativeVideo0\" class=\"AdviadNativeVideo\"><\/div>\n<p>H\u0259m\u00e7inin, riskli vergi \u00f6d\u0259yicil\u0259rin\u0259 n\u0259zar\u0259tin, vergid\u0259n yay\u0131nma hallar\u0131na qar\u015f\u0131 m\u00fcbariz\u0259nin g\u00fccl\u0259ndirilm\u0259sini, \u018fDV inzibat\u00e7\u0131l\u0131\u011f\u0131n\u0131n t\u0259kmill\u0259\u015fdirilm\u0259sini, sahibkarlar\u0131n inzibat\u00e7\u0131l\u0131q y\u00fck\u00fcn\u00fcn azald\u0131lmas\u0131n\u0131 \u00f6z\u00fcnd\u0259 ehtiva edir.<\/p>\n<p>Sahibkarl\u0131q f\u0259aliyy\u0259tinin t\u0259\u015fviq edilm\u0259si, sosial xarakterli g\u00fcz\u0259\u015ftl\u0259r vasit\u0259sil\u0259 \u0259halinin maliyy\u0259 (vergi) y\u00fck\u00fcn\u00fcn azald\u0131lmas\u0131, sahibkarl\u0131q subyektl\u0259rinin vergi y\u00fck\u00fcn\u00fcn azald\u0131lmas\u0131, vergitutma bazas\u0131n\u0131n geni\u015fl\u0259ndirilm\u0259si, beyn\u0259lxalq vergitutma v\u0259 m\u0259lumat m\u00fcbadil\u0259si \u00fczr\u0259 \u00f6hd\u0259likl\u0259rin yerin\u0259 yetirilm\u0259si d\u0259 d\u0259yi\u015fiklikl\u0259rd\u0259 \u00f6z \u0259ksini tap\u0131b.<\/p>\n<p>Bildir\u0259k ki, Vergi M\u0259c\u0259ll\u0259sin\u0259 d\u0259yi\u015fiklikl\u0259r edilm\u0259si haqq\u0131nda qanun layih\u0259si 164 d\u0259yi\u015fiklikd\u0259n ibar\u0259tdir.<\/p>\n<p>\u201cBu, \u0259sas\u0259n, bina tikintisi f\u0259aliyy\u0259ti il\u0259 m\u0259\u015f\u011ful olan \u015f\u0259xsl\u0259rin sad\u0259l\u0259\u015fdirilmi\u015f vergitutuma metodunun l\u0259\u011fv edilm\u0259si v\u0259 h\u0259min \u015f\u0259xsl\u0259rin vahid vergi rejimind\u0259 f\u0259aliyy\u0259t g\u00f6st\u0259rm\u0259sinin t\u0259min edilm\u0259si (\u018fDV v\u0259 m\u0259nf\u0259\u0259t vergisi metodu), Transmilli \u015eirk\u0259tl\u0259r Qrupu anlay\u0131\u015f\u0131n\u0131n m\u00fc\u0259yy\u0259n olunmas\u0131 il\u0259 ba\u011fl\u0131d\u0131r.<\/p>\n<p>H\u0259m\u00e7inin, qu\u015f \u0259ti sat\u0131\u015f\u0131n\u0131n \u018fDV-d\u0259n azadolma m\u00fcdd\u0259tinin daha d\u00f6rd\u00a0il m\u00fcdd\u0259tin\u0259 uzad\u0131lmas\u0131, habel\u0259 heyvan \u0259tinin sat\u0131\u015f\u0131n\u0131n d\u00f6rd\u00a0il \u0259rzind\u0259 \u018fDV-d\u0259n azad edilm\u0259si il\u0259 ba\u011fl\u0131 m\u00fcdd\u0259alard\u0131r\u201d, &#8211; dey\u0259 M.Cabbarov \u0259lav\u0259 edib.<\/p>\n<p>D\u0259yi\u015fikliyin m\u0259qs\u0259di \u00f6lk\u0259nin davaml\u0131 iqtisadi inki\u015faf\u0131, \u015f\u0259ffafl\u0131\u011f\u0131n art\u0131r\u0131lmas\u0131, sahibkarl\u0131\u011f\u0131n inki\u015faf\u0131n\u0131 t\u0259min etm\u0259k, eyni zamanda, vergi \u00f6d\u0259ni\u015find\u0259 u\u00e7ot-qeydiyyat sisteminin sad\u0259l\u0259\u015fdirilm\u0259sin\u0259 \u015f\u0259rait yarad\u0131lmas\u0131d\u0131r.<\/p>\n<p>Mikay\u0131l Cabbarov qeyd edib ki, \u00f6lk\u0259d\u0259 d\u00f6vl\u0259t orqanlar\u0131 il\u0259 vergi \u00f6d\u0259yicil\u0259ri aras\u0131nda \u00fcnsiyy\u0259tin minimuma endirilm\u0259si planla\u015fd\u0131r\u0131l\u0131r.<\/p>\n<p>\u201cD\u00f6vl\u0259t orqanlar\u0131 il\u0259 elektron m\u0259lumat m\u00fcbadil\u0259sinin geni\u015fl\u0259ndirilm\u0259si \u00f6lk\u0259d\u0259 iqtisadi s\u0259m\u0259r\u0259nin daha da art\u0131r\u0131lmas\u0131nda v\u0259 sui-istifad\u0259 hallar\u0131n\u0131n azald\u0131lmas\u0131nda faydal\u0131 olacaq. \u00d6lk\u0259d\u0259 s\u0259rb\u0259st biznes m\u00fchitinin t\u0259kmill\u0259\u015fdirilm\u0259si h\u0259r zaman diqq\u0259t m\u0259rk\u0259zind\u0259dir\u201d.<\/p>\n<p>Nazir at\u0131lacaq add\u0131mlar\u0131n fayda ver\u0259c\u0259yin\u0259 v\u0259 \u015f\u0259ffafl\u0131\u011f\u0131n art\u0131r\u0131lmas\u0131 say\u0259sind\u0259 vergitutma bazas\u0131n\u0131n geni\u015fl\u0259n\u0259c\u0259yin\u0259 inam\u0131n\u0131 ifad\u0259 edib.<\/p>\n<p>\u018ftrafl\u0131 m\u00fczakir\u0259l\u0259rd\u0259n sonra qanun layih\u0259si Milli M\u0259clisin plenar iclas\u0131na t\u00f6vsiy\u0259 olunub. oxu.az<\/p>\n","protected":false},"excerpt":{"rendered":"<p>\u0130qtisadiyyat naziri Mikay\u0131l Cabbarov Vergi M\u0259c\u0259ll\u0259sind\u0259 d\u0259yi\u015fiklikl\u0259rin \u0259sas istiqam\u0259ti v\u0259 mahiyy\u0259ti bar\u0259d\u0259 \u0259trafl\u0131 dan\u0131\u015f\u0131b. ARANTV.AZ-\u0131n m\u0259lumat\u0131na g\u00f6r\u0259, M.Cabbarov noyabr\u0131n 7-d\u0259 Milli M\u0259clisin \u0130qtisadi siyas\u0259t, s\u0259naye v\u0259 sahibkarl\u0131q komit\u0259sinin iclas\u0131nda bildirib ki, d\u0259yi\u015fiklikl\u0259r yeddi \u0259sas istiqam\u0259ti \u0259hat\u0259 edir. \u201cYenilikl\u0259r, \u0259sas\u0259n,\u00a0\u0259dal\u0259tli r\u0259qab\u0259tin \u015f\u0259rti olan b\u0259rab\u0259r v\u0259 \u015f\u0259ffaf m\u00fchitin t\u0259min edilm\u0259sini n\u0259z\u0259rd\u0259 tutur. H\u0259m\u00e7inin, riskli vergi \u00f6d\u0259yicil\u0259rin\u0259 n\u0259zar\u0259tin, vergid\u0259n yay\u0131nma hallar\u0131na qar\u015f\u0131 m\u00fcbariz\u0259nin g\u00fccl\u0259ndirilm\u0259sini, \u018fDV inzibat\u00e7\u0131l\u0131\u011f\u0131n\u0131n t\u0259kmill\u0259\u015fdirilm\u0259sini, sahibkarlar\u0131n inzibat\u00e7\u0131l\u0131q y\u00fck\u00fcn\u00fcn azald\u0131lmas\u0131n\u0131 \u00f6z\u00fcnd\u0259 ehtiva edir. Sahibkarl\u0131q f\u0259aliyy\u0259tinin t\u0259\u015fviq edilm\u0259si, sosial xarakterli g\u00fcz\u0259\u015ftl\u0259r vasit\u0259sil\u0259 \u0259halinin maliyy\u0259 (vergi) y\u00fck\u00fcn\u00fcn azald\u0131lmas\u0131, sahibkarl\u0131q subyektl\u0259rinin vergi y\u00fck\u00fcn\u00fcn azald\u0131lmas\u0131, vergitutma&hellip;<\/p>\n","protected":false},"author":2,"featured_media":93833,"comment_status":"closed","ping_status":"closed","sticky":false,"template":"","format":"standard","meta":{"om_disable_all_campaigns":false,"_monsterinsights_skip_tracking":false,"_monsterinsights_sitenote_active":false,"_monsterinsights_sitenote_note":"","_monsterinsights_sitenote_category":0},"categories":[1],"tags":[],"aioseo_notices":[],"gutentor_comment":0,"rttpg_featured_image_url":{"full":["https:\/\/arantv.az\/wp-content\/uploads\/2019\/11\/mikay\u00c4\u00b1l.jpg",620,414,false],"landscape":["https:\/\/arantv.az\/wp-content\/uploads\/2019\/11\/mikay\u00c4\u00b1l.jpg",620,414,false],"portraits":["https:\/\/arantv.az\/wp-content\/uploads\/2019\/11\/mikay\u00c4\u00b1l.jpg",620,414,false],"thumbnail":["https:\/\/arantv.az\/wp-content\/uploads\/2019\/11\/mikay\u00c4\u00b1l-150x150.jpg",150,150,true],"medium":["https:\/\/arantv.az\/wp-content\/uploads\/2019\/11\/mikay\u00c4\u00b1l-300x200.jpg",300,200,true],"large":["https:\/\/arantv.az\/wp-content\/uploads\/2019\/11\/mikay\u00c4\u00b1l.jpg",620,414,false],"1536x1536":["https:\/\/arantv.az\/wp-content\/uploads\/2019\/11\/mikay\u00c4\u00b1l.jpg",620,414,false],"2048x2048":["https:\/\/arantv.az\/wp-content\/uploads\/2019\/11\/mikay\u00c4\u00b1l.jpg",620,414,false],"post-thumbnail":["https:\/\/arantv.az\/wp-content\/uploads\/2019\/11\/mikay\u00c4\u00b1l-240x172.jpg",240,172,true],"advps-thumb-one":["https:\/\/arantv.az\/wp-content\/uploads\/2019\/11\/mikay\u00c4\u00b1l.jpg",620,414,false]},"rttpg_author":{"display_name":"V\u00fcsal Rafiqo\u011flu","author_link":"https:\/\/arantv.az\/?author=2"},"rttpg_comment":0,"rttpg_category":"<a href=\"https:\/\/arantv.az\/?cat=1\" rel=\"category\">C\u0259miyy\u0259t<\/a>","rttpg_excerpt":"\u0130qtisadiyyat naziri Mikay\u0131l Cabbarov Vergi M\u0259c\u0259ll\u0259sind\u0259 d\u0259yi\u015fiklikl\u0259rin \u0259sas istiqam\u0259ti v\u0259 mahiyy\u0259ti bar\u0259d\u0259 \u0259trafl\u0131 dan\u0131\u015f\u0131b. ARANTV.AZ-\u0131n m\u0259lumat\u0131na g\u00f6r\u0259, M.Cabbarov noyabr\u0131n 7-d\u0259 Milli M\u0259clisin \u0130qtisadi siyas\u0259t, s\u0259naye v\u0259 sahibkarl\u0131q komit\u0259sinin iclas\u0131nda bildirib ki, d\u0259yi\u015fiklikl\u0259r yeddi \u0259sas istiqam\u0259ti \u0259hat\u0259 edir. \u201cYenilikl\u0259r, \u0259sas\u0259n,\u00a0\u0259dal\u0259tli r\u0259qab\u0259tin \u015f\u0259rti olan b\u0259rab\u0259r v\u0259 \u015f\u0259ffaf m\u00fchitin t\u0259min edilm\u0259sini n\u0259z\u0259rd\u0259 tutur. H\u0259m\u00e7inin, riskli vergi \u00f6d\u0259yicil\u0259rin\u0259 n\u0259zar\u0259tin,&hellip;","_links":{"self":[{"href":"https:\/\/arantv.az\/index.php?rest_route=\/wp\/v2\/posts\/93832"}],"collection":[{"href":"https:\/\/arantv.az\/index.php?rest_route=\/wp\/v2\/posts"}],"about":[{"href":"https:\/\/arantv.az\/index.php?rest_route=\/wp\/v2\/types\/post"}],"author":[{"embeddable":true,"href":"https:\/\/arantv.az\/index.php?rest_route=\/wp\/v2\/users\/2"}],"replies":[{"embeddable":true,"href":"https:\/\/arantv.az\/index.php?rest_route=%2Fwp%2Fv2%2Fcomments&post=93832"}],"version-history":[{"count":0,"href":"https:\/\/arantv.az\/index.php?rest_route=\/wp\/v2\/posts\/93832\/revisions"}],"wp:featuredmedia":[{"embeddable":true,"href":"https:\/\/arantv.az\/index.php?rest_route=\/wp\/v2\/media\/93833"}],"wp:attachment":[{"href":"https:\/\/arantv.az\/index.php?rest_route=%2Fwp%2Fv2%2Fmedia&parent=93832"}],"wp:term":[{"taxonomy":"category","embeddable":true,"href":"https:\/\/arantv.az\/index.php?rest_route=%2Fwp%2Fv2%2Fcategories&post=93832"},{"taxonomy":"post_tag","embeddable":true,"href":"https:\/\/arantv.az\/index.php?rest_route=%2Fwp%2Fv2%2Ftags&post=93832"}],"curies":[{"name":"wp","href":"https:\/\/api.w.org\/{rel}","templated":true}]}}