{"id":93848,"date":"2019-11-08T08:53:56","date_gmt":"2019-11-08T05:53:56","guid":{"rendered":"http:\/\/arantv.az\/?p=93848"},"modified":"2019-11-08T08:53:56","modified_gmt":"2019-11-08T05:53:56","slug":"ilham-%c9%99liyevd%c9%99n-bayraq-gunu-paylasimi-video","status":"publish","type":"post","link":"https:\/\/arantv.az\/?p=93848","title":{"rendered":"\u0130lham \u018fliyevd\u0259n Bayraq G\u00fcn\u00fc payla\u015f\u0131m\u0131 &#8211; V\u0130DEO"},"content":{"rendered":"<article class=\"news\">\n<div class=\"news-inner\">\n<p>Az\u0259rbaycan Prezidenti \u0130lham \u018fliyev\u00a0\u00f6z\u00fcn\u00fcn r\u0259smi \u201cFacebook\u201d s\u0259hif\u0259sind\u0259 9 noyabr \u2013 Az\u0259rbaycan Respublikas\u0131n\u0131n D\u00f6vl\u0259t Bayra\u011f\u0131 G\u00fcn\u00fc m\u00fcnasib\u0259til\u0259 video\u00e7arx payla\u015f\u0131b.<\/p>\n<div id=\"AdviadNativeVideo0\" class=\"AdviadNativeVideo\"><\/div>\n<p>Video\u00e7arx \u201cBayra\u011f\u0131m\u0131z m\u00fcbariz\u0259 \u0259zmimiz, z\u0259f\u0259r sora\u011f\u0131m\u0131z, istiqlaliyy\u0259t salnam\u0259mizdir!\u201d c\u00fcml\u0259si il\u0259 t\u0259qdim olunub.<\/p>\n<p>Videonu t\u0259qdim edirik.<\/p>\n<div><iframe loading=\"lazy\" src=\"https:\/\/www.youtube.com\/embed\/ZJ4CrHMQF5I\" width=\"832\" height=\"468\" frameborder=\"0\" allowfullscreen=\"allowfullscreen\" data-mce-fragment=\"1\"><\/iframe><\/div>\n<\/div>\n<\/article>\n<h2 class=\"news-share-title\"><\/h2>\n","protected":false},"excerpt":{"rendered":"<p>Az\u0259rbaycan Prezidenti \u0130lham \u018fliyev\u00a0\u00f6z\u00fcn\u00fcn r\u0259smi \u201cFacebook\u201d s\u0259hif\u0259sind\u0259 9 noyabr \u2013 Az\u0259rbaycan Respublikas\u0131n\u0131n D\u00f6vl\u0259t Bayra\u011f\u0131 G\u00fcn\u00fc m\u00fcnasib\u0259til\u0259 video\u00e7arx payla\u015f\u0131b. Video\u00e7arx \u201cBayra\u011f\u0131m\u0131z m\u00fcbariz\u0259 \u0259zmimiz, z\u0259f\u0259r sora\u011f\u0131m\u0131z, istiqlaliyy\u0259t salnam\u0259mizdir!\u201d c\u00fcml\u0259si il\u0259 t\u0259qdim olunub. Videonu t\u0259qdim edirik.<\/p>\n","protected":false},"author":2,"featured_media":93849,"comment_status":"closed","ping_status":"closed","sticky":false,"template":"","format":"standard","meta":{"om_disable_all_campaigns":false,"_monsterinsights_skip_tracking":false,"_monsterinsights_sitenote_active":false,"_monsterinsights_sitenote_note":"","_monsterinsights_sitenote_category":0},"categories":[4],"tags":[],"aioseo_notices":[],"gutentor_comment":0,"rttpg_featured_image_url":{"full":["https:\/\/arantv.az\/wp-content\/uploads\/2019\/11\/ilham-aliyev-2.jpg",620,443,false],"landscape":["https:\/\/arantv.az\/wp-content\/uploads\/2019\/11\/ilham-aliyev-2.jpg",620,443,false],"portraits":["https:\/\/arantv.az\/wp-content\/uploads\/2019\/11\/ilham-aliyev-2.jpg",620,443,false],"thumbnail":["https:\/\/arantv.az\/wp-content\/uploads\/2019\/11\/ilham-aliyev-2-150x150.jpg",150,150,true],"medium":["https:\/\/arantv.az\/wp-content\/uploads\/2019\/11\/ilham-aliyev-2-300x214.jpg",300,214,true],"large":["https:\/\/arantv.az\/wp-content\/uploads\/2019\/11\/ilham-aliyev-2.jpg",620,443,false],"1536x1536":["https:\/\/arantv.az\/wp-content\/uploads\/2019\/11\/ilham-aliyev-2.jpg",620,443,false],"2048x2048":["https:\/\/arantv.az\/wp-content\/uploads\/2019\/11\/ilham-aliyev-2.jpg",620,443,false],"post-thumbnail":["https:\/\/arantv.az\/wp-content\/uploads\/2019\/11\/ilham-aliyev-2-240x172.jpg",240,172,true],"advps-thumb-one":["https:\/\/arantv.az\/wp-content\/uploads\/2019\/11\/ilham-aliyev-2.jpg",620,443,false]},"rttpg_author":{"display_name":"V\u00fcsal Rafiqo\u011flu","author_link":"https:\/\/arantv.az\/?author=2"},"rttpg_comment":0,"rttpg_category":"<a href=\"https:\/\/arantv.az\/?cat=4\" rel=\"category\">Siyas\u0259t<\/a>","rttpg_excerpt":"Az\u0259rbaycan Prezidenti \u0130lham \u018fliyev\u00a0\u00f6z\u00fcn\u00fcn r\u0259smi \u201cFacebook\u201d s\u0259hif\u0259sind\u0259 9 noyabr \u2013 Az\u0259rbaycan Respublikas\u0131n\u0131n D\u00f6vl\u0259t Bayra\u011f\u0131 G\u00fcn\u00fc m\u00fcnasib\u0259til\u0259 video\u00e7arx payla\u015f\u0131b. Video\u00e7arx \u201cBayra\u011f\u0131m\u0131z m\u00fcbariz\u0259 \u0259zmimiz, z\u0259f\u0259r sora\u011f\u0131m\u0131z, istiqlaliyy\u0259t salnam\u0259mizdir!\u201d c\u00fcml\u0259si il\u0259 t\u0259qdim olunub. Videonu t\u0259qdim edirik.","_links":{"self":[{"href":"https:\/\/arantv.az\/index.php?rest_route=\/wp\/v2\/posts\/93848"}],"collection":[{"href":"https:\/\/arantv.az\/index.php?rest_route=\/wp\/v2\/posts"}],"about":[{"href":"https:\/\/arantv.az\/index.php?rest_route=\/wp\/v2\/types\/post"}],"author":[{"embeddable":true,"href":"https:\/\/arantv.az\/index.php?rest_route=\/wp\/v2\/users\/2"}],"replies":[{"embeddable":true,"href":"https:\/\/arantv.az\/index.php?rest_route=%2Fwp%2Fv2%2Fcomments&post=93848"}],"version-history":[{"count":0,"href":"https:\/\/arantv.az\/index.php?rest_route=\/wp\/v2\/posts\/93848\/revisions"}],"wp:featuredmedia":[{"embeddable":true,"href":"https:\/\/arantv.az\/index.php?rest_route=\/wp\/v2\/media\/93849"}],"wp:attachment":[{"href":"https:\/\/arantv.az\/index.php?rest_route=%2Fwp%2Fv2%2Fmedia&parent=93848"}],"wp:term":[{"taxonomy":"category","embeddable":true,"href":"https:\/\/arantv.az\/index.php?rest_route=%2Fwp%2Fv2%2Fcategories&post=93848"},{"taxonomy":"post_tag","embeddable":true,"href":"https:\/\/arantv.az\/index.php?rest_route=%2Fwp%2Fv2%2Ftags&post=93848"}],"curies":[{"name":"wp","href":"https:\/\/api.w.org\/{rel}","templated":true}]}}