{"id":93866,"date":"2019-11-08T09:22:12","date_gmt":"2019-11-08T06:22:12","guid":{"rendered":"http:\/\/arantv.az\/?p=93866"},"modified":"2019-11-08T09:22:12","modified_gmt":"2019-11-08T06:22:12","slug":"z%c9%99lz%c9%99l%c9%99-n%c9%99tic%c9%99sind%c9%99-astarada-daginti-v%c9%99-t%c9%99l%c9%99fat-olubmu-icra-bascisinin-muavini-aciqlayir","status":"publish","type":"post","link":"https:\/\/arantv.az\/?p=93866","title":{"rendered":"Z\u0259lz\u0259l\u0259 n\u0259tic\u0259sind\u0259 Astarada da\u011f\u0131nt\u0131 v\u0259 t\u0259l\u0259fat olubmu? &#8211; \u0130cra ba\u015f\u00e7\u0131s\u0131n\u0131n m\u00fcavini a\u00e7\u0131qlay\u0131r"},"content":{"rendered":"<p>&#8220;Bu gec\u0259 \u0130ran \u0259razisind\u0259 ba\u015f ver\u0259n z\u0259lz\u0259l\u0259 n\u0259tic\u0259sind\u0259 Astara rayonunda hiss edil\u0259n t\u0259kan qeyd\u0259 al\u0131nsa da, h\u0259r hans\u0131 da\u011f\u0131nt\u0131 v\u0259 t\u0259l\u0259fat ba\u015f verm\u0259yib&#8221;.<\/p>\n<p><strong>ARANTV.AZ\u00a0<\/strong> x\u0259b\u0259r verir ki, bunu\u00a0<a href=\"https:\/\/az.trend.az\/\" target=\"_blank\" rel=\"noopener\">Trend<\/a>-\u0259 Astara Rayon \u0130cra Hakimiyy\u0259ti ba\u015f\u00e7\u0131s\u0131n\u0131n m\u00fcavini \u0130lqar Mal\u0131yev deyib.<\/p>\n<p>Onun s\u00f6zl\u0259rin\u0259 g\u00f6r\u0259, z\u0259lz\u0259l\u0259d\u0259n sonra icra hakimiyy\u0259tin\u0259 binalarda \u00e7atlar\u0131n \u0259m\u0259l\u0259 g\u0259lm\u0259si, t\u0259l\u0259fat\u0131n qeyd\u0259 al\u0131nmas\u0131 il\u0259 ba\u011fl\u0131 he\u00e7 bir m\u00fcraci\u0259t daxil olmay\u0131b: &#8220;Haz\u0131rda rayonda h\u0259yat \u00f6z axar\u0131 il\u0259 davam edir, m\u0259kt\u0259bl\u0259rd\u0259 t\u0259dris var, he\u00e7 bir problem yoxdur. Haz\u0131rda bizim hiss ed\u0259 bil\u0259c\u0259yimiz t\u0259kan da qeyd\u0259 al\u0131nm\u0131r&#8221;.<\/p>\n<p>Qeyd ed\u0259k ki, bu gec\u0259 yerli vaxtla saat 02:47-d\u0259 \u0130ran \u0259razisind\u0259 z\u0259lz\u0259l\u0259 ba\u015f verib. Z\u0259lz\u0259l\u0259 Az\u0259rbaycan\u0131n s\u0259rh\u0259d rayonlar\u0131nda &#8211; Astara, L\u0259nk\u0259ran, Lerik, Yard\u0131ml\u0131, Masall\u0131da hiss olunub.<\/p>\n<p>Yeralt\u0131 t\u0259kanlar 6 bal g\u00fcc\u00fcnd\u0259 olub. Z\u0259lz\u0259l\u0259 oca\u011f\u0131 2 kilometr d\u0259rinlikd\u0259 yerl\u0259\u015fib.<\/p>\n<p>Az\u0259rbaycan Milli Elml\u0259r Akademiyas\u0131 n\u0259zdind\u0259 Respublika Seysmoloji Xidm\u0259t M\u0259rk\u0259zinin direktoru Qurban Yetirmi\u015fli Trend-\u0259 bildirib ki, bu gec\u0259 \u0130ran \u0259razisind\u0259 ba\u015f ver\u0259n z\u0259lz\u0259l\u0259l\u0259rd\u0259n sonra Az\u0259rbaycan\u0131n c\u0259nub zonas\u0131nda yeralt\u0131 t\u0259kanlar\u0131n qeyd\u0259 al\u0131nmas\u0131 davam edir. Onun s\u00f6zl\u0259rin\u0259 g\u00f6r\u0259, g\u00fccl\u00fc z\u0259lz\u0259l\u0259d\u0259n sonra yax\u0131n \u0259razil\u0259rd\u0259 yeralt\u0131 t\u0259kanlar\u0131n qeyd\u0259 al\u0131nmas\u0131 normald\u0131r.<\/p>\n","protected":false},"excerpt":{"rendered":"<p>&#8220;Bu gec\u0259 \u0130ran \u0259razisind\u0259 ba\u015f ver\u0259n z\u0259lz\u0259l\u0259 n\u0259tic\u0259sind\u0259 Astara rayonunda hiss edil\u0259n t\u0259kan qeyd\u0259 al\u0131nsa da, h\u0259r hans\u0131 da\u011f\u0131nt\u0131 v\u0259 t\u0259l\u0259fat ba\u015f verm\u0259yib&#8221;. ARANTV.AZ\u00a0 x\u0259b\u0259r verir ki, bunu\u00a0Trend-\u0259 Astara Rayon \u0130cra Hakimiyy\u0259ti ba\u015f\u00e7\u0131s\u0131n\u0131n m\u00fcavini \u0130lqar Mal\u0131yev deyib. Onun s\u00f6zl\u0259rin\u0259 g\u00f6r\u0259, z\u0259lz\u0259l\u0259d\u0259n sonra icra hakimiyy\u0259tin\u0259 binalarda \u00e7atlar\u0131n \u0259m\u0259l\u0259 g\u0259lm\u0259si, t\u0259l\u0259fat\u0131n qeyd\u0259 al\u0131nmas\u0131 il\u0259 ba\u011fl\u0131 he\u00e7 bir m\u00fcraci\u0259t daxil olmay\u0131b: &#8220;Haz\u0131rda rayonda h\u0259yat \u00f6z axar\u0131 il\u0259 davam edir, m\u0259kt\u0259bl\u0259rd\u0259 t\u0259dris var, he\u00e7 bir problem yoxdur. Haz\u0131rda bizim hiss ed\u0259 bil\u0259c\u0259yimiz t\u0259kan da qeyd\u0259 al\u0131nm\u0131r&#8221;. Qeyd ed\u0259k ki, bu gec\u0259 yerli vaxtla saat&hellip;<\/p>\n","protected":false},"author":2,"featured_media":93867,"comment_status":"closed","ping_status":"closed","sticky":false,"template":"","format":"standard","meta":{"om_disable_all_campaigns":false,"_monsterinsights_skip_tracking":false,"_monsterinsights_sitenote_active":false,"_monsterinsights_sitenote_note":"","_monsterinsights_sitenote_category":0},"categories":[1],"tags":[],"aioseo_notices":[],"gutentor_comment":0,"rttpg_featured_image_url":{"full":["https:\/\/arantv.az\/wp-content\/uploads\/2019\/11\/800678.jpg",800,600,false],"landscape":["https:\/\/arantv.az\/wp-content\/uploads\/2019\/11\/800678.jpg",800,600,false],"portraits":["https:\/\/arantv.az\/wp-content\/uploads\/2019\/11\/800678.jpg",800,600,false],"thumbnail":["https:\/\/arantv.az\/wp-content\/uploads\/2019\/11\/800678-150x150.jpg",150,150,true],"medium":["https:\/\/arantv.az\/wp-content\/uploads\/2019\/11\/800678-300x225.jpg",300,225,true],"large":["https:\/\/arantv.az\/wp-content\/uploads\/2019\/11\/800678.jpg",640,480,false],"1536x1536":["https:\/\/arantv.az\/wp-content\/uploads\/2019\/11\/800678.jpg",800,600,false],"2048x2048":["https:\/\/arantv.az\/wp-content\/uploads\/2019\/11\/800678.jpg",800,600,false],"post-thumbnail":["https:\/\/arantv.az\/wp-content\/uploads\/2019\/11\/800678-240x172.jpg",240,172,true],"advps-thumb-one":["https:\/\/arantv.az\/wp-content\/uploads\/2019\/11\/800678.jpg",800,600,false]},"rttpg_author":{"display_name":"V\u00fcsal Rafiqo\u011flu","author_link":"https:\/\/arantv.az\/?author=2"},"rttpg_comment":0,"rttpg_category":"<a href=\"https:\/\/arantv.az\/?cat=1\" rel=\"category\">C\u0259miyy\u0259t<\/a>","rttpg_excerpt":"&#8220;Bu gec\u0259 \u0130ran \u0259razisind\u0259 ba\u015f ver\u0259n z\u0259lz\u0259l\u0259 n\u0259tic\u0259sind\u0259 Astara rayonunda hiss edil\u0259n t\u0259kan qeyd\u0259 al\u0131nsa da, h\u0259r hans\u0131 da\u011f\u0131nt\u0131 v\u0259 t\u0259l\u0259fat ba\u015f verm\u0259yib&#8221;. ARANTV.AZ\u00a0 x\u0259b\u0259r verir ki, bunu\u00a0Trend-\u0259 Astara Rayon \u0130cra Hakimiyy\u0259ti ba\u015f\u00e7\u0131s\u0131n\u0131n m\u00fcavini \u0130lqar Mal\u0131yev deyib. Onun s\u00f6zl\u0259rin\u0259 g\u00f6r\u0259, z\u0259lz\u0259l\u0259d\u0259n sonra icra hakimiyy\u0259tin\u0259 binalarda \u00e7atlar\u0131n \u0259m\u0259l\u0259 g\u0259lm\u0259si, t\u0259l\u0259fat\u0131n qeyd\u0259 al\u0131nmas\u0131 il\u0259 ba\u011fl\u0131 he\u00e7 bir&hellip;","_links":{"self":[{"href":"https:\/\/arantv.az\/index.php?rest_route=\/wp\/v2\/posts\/93866"}],"collection":[{"href":"https:\/\/arantv.az\/index.php?rest_route=\/wp\/v2\/posts"}],"about":[{"href":"https:\/\/arantv.az\/index.php?rest_route=\/wp\/v2\/types\/post"}],"author":[{"embeddable":true,"href":"https:\/\/arantv.az\/index.php?rest_route=\/wp\/v2\/users\/2"}],"replies":[{"embeddable":true,"href":"https:\/\/arantv.az\/index.php?rest_route=%2Fwp%2Fv2%2Fcomments&post=93866"}],"version-history":[{"count":0,"href":"https:\/\/arantv.az\/index.php?rest_route=\/wp\/v2\/posts\/93866\/revisions"}],"wp:featuredmedia":[{"embeddable":true,"href":"https:\/\/arantv.az\/index.php?rest_route=\/wp\/v2\/media\/93867"}],"wp:attachment":[{"href":"https:\/\/arantv.az\/index.php?rest_route=%2Fwp%2Fv2%2Fmedia&parent=93866"}],"wp:term":[{"taxonomy":"category","embeddable":true,"href":"https:\/\/arantv.az\/index.php?rest_route=%2Fwp%2Fv2%2Fcategories&post=93866"},{"taxonomy":"post_tag","embeddable":true,"href":"https:\/\/arantv.az\/index.php?rest_route=%2Fwp%2Fv2%2Ftags&post=93866"}],"curies":[{"name":"wp","href":"https:\/\/api.w.org\/{rel}","templated":true}]}}