{"id":93870,"date":"2019-11-08T09:23:21","date_gmt":"2019-11-08T06:23:21","guid":{"rendered":"http:\/\/arantv.az\/?p=93870"},"modified":"2019-11-08T09:23:21","modified_gmt":"2019-11-08T06:23:21","slug":"haciqabulda-minik-masinlari-toqqusdu-%c9%99r-arvad-x%c9%99sar%c9%99t-aldi","status":"publish","type":"post","link":"https:\/\/arantv.az\/?p=93870","title":{"rendered":"Hac\u0131qabulda minik ma\u015f\u0131nlar\u0131 toqqu\u015fdu, \u0259r-arvad x\u0259sar\u0259t ald\u0131"},"content":{"rendered":"<p><strong>Hac\u0131qabulda iki n\u0259f\u0259rin x\u0259sar\u0259t almas\u0131 il\u0259 n\u0259tic\u0259l\u0259n\u0259n yol-n\u0259qliyyat hadis\u0259si ba\u015f verib.<\/strong><\/p>\n<p><strong>ARANTV.AZ<\/strong> oxu.az-a istinad\u0259n x\u0259b\u0259r verir ki, hadis\u0259 rayonun Mu\u011fan q\u0259s\u0259b\u0259si \u0259razisind\u0259 qeyd\u0259 al\u0131n\u0131b.<\/p>\n<p>&#8220;Mercedes&#8221; markal\u0131 avtomobil ba\u015fqa minik ma\u015f\u0131n\u0131 il\u0259 toqqu\u015fub. Q\u0259za n\u0259tic\u0259sind\u0259 Bak\u0131 \u015f\u0259h\u0259r sakini, 1960-c\u0131 il t\u0259v\u0259ll\u00fcdl\u00fc \u018fliyeva Fiqur\u0259 Xan\u0259li q\u0131z\u0131 v\u0259 onun h\u0259yat yolda\u015f\u0131, 1961-ci il t\u0259v\u0259ll\u00fcdl\u00fc \u0130brahimov Sabiq \u0130brahim o\u011flu m\u00fcxt\u0259lif d\u0259r\u0259c\u0259li x\u0259sar\u0259tl\u0259r al\u0131b.<\/p>\n<p>Yaral\u0131lar \u015eirvan \u015e\u0259h\u0259r M\u0259rk\u0259zi X\u0259st\u0259xanas\u0131n\u0131n travmatologiya \u015f\u00f6b\u0259sin\u0259 yerl\u0259\u015fdirilib.<\/p>\n<p>Faktla ba\u011fl\u0131 ara\u015fd\u0131rma apar\u0131l\u0131r.<\/p>\n","protected":false},"excerpt":{"rendered":"<p>Hac\u0131qabulda iki n\u0259f\u0259rin x\u0259sar\u0259t almas\u0131 il\u0259 n\u0259tic\u0259l\u0259n\u0259n yol-n\u0259qliyyat hadis\u0259si ba\u015f verib. ARANTV.AZ oxu.az-a istinad\u0259n x\u0259b\u0259r verir ki, hadis\u0259 rayonun Mu\u011fan q\u0259s\u0259b\u0259si \u0259razisind\u0259 qeyd\u0259 al\u0131n\u0131b. &#8220;Mercedes&#8221; markal\u0131 avtomobil ba\u015fqa minik ma\u015f\u0131n\u0131 il\u0259 toqqu\u015fub. Q\u0259za n\u0259tic\u0259sind\u0259 Bak\u0131 \u015f\u0259h\u0259r sakini, 1960-c\u0131 il t\u0259v\u0259ll\u00fcdl\u00fc \u018fliyeva Fiqur\u0259 Xan\u0259li q\u0131z\u0131 v\u0259 onun h\u0259yat yolda\u015f\u0131, 1961-ci il t\u0259v\u0259ll\u00fcdl\u00fc \u0130brahimov Sabiq \u0130brahim o\u011flu m\u00fcxt\u0259lif d\u0259r\u0259c\u0259li x\u0259sar\u0259tl\u0259r al\u0131b. Yaral\u0131lar \u015eirvan \u015e\u0259h\u0259r M\u0259rk\u0259zi X\u0259st\u0259xanas\u0131n\u0131n travmatologiya \u015f\u00f6b\u0259sin\u0259 yerl\u0259\u015fdirilib. Faktla ba\u011fl\u0131 ara\u015fd\u0131rma apar\u0131l\u0131r.<\/p>\n","protected":false},"author":2,"featured_media":93871,"comment_status":"closed","ping_status":"closed","sticky":false,"template":"","format":"standard","meta":{"om_disable_all_campaigns":false,"_monsterinsights_skip_tracking":false,"_monsterinsights_sitenote_active":false,"_monsterinsights_sitenote_note":"","_monsterinsights_sitenote_category":0},"categories":[5],"tags":[],"aioseo_notices":[],"gutentor_comment":0,"rttpg_featured_image_url":{"full":["https:\/\/arantv.az\/wp-content\/uploads\/2019\/11\/qeza_0369.jpg",800,600,false],"landscape":["https:\/\/arantv.az\/wp-content\/uploads\/2019\/11\/qeza_0369.jpg",800,600,false],"portraits":["https:\/\/arantv.az\/wp-content\/uploads\/2019\/11\/qeza_0369.jpg",800,600,false],"thumbnail":["https:\/\/arantv.az\/wp-content\/uploads\/2019\/11\/qeza_0369-150x150.jpg",150,150,true],"medium":["https:\/\/arantv.az\/wp-content\/uploads\/2019\/11\/qeza_0369-300x225.jpg",300,225,true],"large":["https:\/\/arantv.az\/wp-content\/uploads\/2019\/11\/qeza_0369.jpg",640,480,false],"1536x1536":["https:\/\/arantv.az\/wp-content\/uploads\/2019\/11\/qeza_0369.jpg",800,600,false],"2048x2048":["https:\/\/arantv.az\/wp-content\/uploads\/2019\/11\/qeza_0369.jpg",800,600,false],"post-thumbnail":["https:\/\/arantv.az\/wp-content\/uploads\/2019\/11\/qeza_0369-240x172.jpg",240,172,true],"advps-thumb-one":["https:\/\/arantv.az\/wp-content\/uploads\/2019\/11\/qeza_0369.jpg",800,600,false]},"rttpg_author":{"display_name":"V\u00fcsal Rafiqo\u011flu","author_link":"https:\/\/arantv.az\/?author=2"},"rttpg_comment":0,"rttpg_category":"<a href=\"https:\/\/arantv.az\/?cat=5\" rel=\"category\">Hadis\u0259<\/a>","rttpg_excerpt":"Hac\u0131qabulda iki n\u0259f\u0259rin x\u0259sar\u0259t almas\u0131 il\u0259 n\u0259tic\u0259l\u0259n\u0259n yol-n\u0259qliyyat hadis\u0259si ba\u015f verib. ARANTV.AZ oxu.az-a istinad\u0259n x\u0259b\u0259r verir ki, hadis\u0259 rayonun Mu\u011fan q\u0259s\u0259b\u0259si \u0259razisind\u0259 qeyd\u0259 al\u0131n\u0131b. &#8220;Mercedes&#8221; markal\u0131 avtomobil ba\u015fqa minik ma\u015f\u0131n\u0131 il\u0259 toqqu\u015fub. Q\u0259za n\u0259tic\u0259sind\u0259 Bak\u0131 \u015f\u0259h\u0259r sakini, 1960-c\u0131 il t\u0259v\u0259ll\u00fcdl\u00fc \u018fliyeva Fiqur\u0259 Xan\u0259li q\u0131z\u0131 v\u0259 onun h\u0259yat yolda\u015f\u0131, 1961-ci il t\u0259v\u0259ll\u00fcdl\u00fc \u0130brahimov Sabiq \u0130brahim o\u011flu&hellip;","_links":{"self":[{"href":"https:\/\/arantv.az\/index.php?rest_route=\/wp\/v2\/posts\/93870"}],"collection":[{"href":"https:\/\/arantv.az\/index.php?rest_route=\/wp\/v2\/posts"}],"about":[{"href":"https:\/\/arantv.az\/index.php?rest_route=\/wp\/v2\/types\/post"}],"author":[{"embeddable":true,"href":"https:\/\/arantv.az\/index.php?rest_route=\/wp\/v2\/users\/2"}],"replies":[{"embeddable":true,"href":"https:\/\/arantv.az\/index.php?rest_route=%2Fwp%2Fv2%2Fcomments&post=93870"}],"version-history":[{"count":0,"href":"https:\/\/arantv.az\/index.php?rest_route=\/wp\/v2\/posts\/93870\/revisions"}],"wp:featuredmedia":[{"embeddable":true,"href":"https:\/\/arantv.az\/index.php?rest_route=\/wp\/v2\/media\/93871"}],"wp:attachment":[{"href":"https:\/\/arantv.az\/index.php?rest_route=%2Fwp%2Fv2%2Fmedia&parent=93870"}],"wp:term":[{"taxonomy":"category","embeddable":true,"href":"https:\/\/arantv.az\/index.php?rest_route=%2Fwp%2Fv2%2Fcategories&post=93870"},{"taxonomy":"post_tag","embeddable":true,"href":"https:\/\/arantv.az\/index.php?rest_route=%2Fwp%2Fv2%2Ftags&post=93870"}],"curies":[{"name":"wp","href":"https:\/\/api.w.org\/{rel}","templated":true}]}}