{"id":93901,"date":"2019-11-08T09:51:45","date_gmt":"2019-11-08T06:51:45","guid":{"rendered":"http:\/\/arantv.az\/?p=93901"},"modified":"2019-11-08T09:51:45","modified_gmt":"2019-11-08T06:51:45","slug":"bayragimiz-milli-qurur-m%c9%99nb%c9%99yimiz","status":"publish","type":"post","link":"https:\/\/arantv.az\/?p=93901","title":{"rendered":"Bayra\u011f\u0131m\u0131z &#8211; milli q\u00fcrur m\u0259nb\u0259yimiz"},"content":{"rendered":"<p>T\u00fcrk\u00fcstan yell\u0259ri \u00f6p\u00fcb aln\u0131n\u0131<\/p>\n<p>S\u00f6yl\u0259yir d\u0259rdini sana, bayra\u011f\u0131m!<br \/>\n\u00dc\u00e7r\u0259ngin \u0259ksini Quz\u011fun d\u0259nizd\u0259n<br \/>\n\u018frm\u0259\u011fan yollas\u0131n yara, bayra\u011f\u0131m!<br \/>\n(\u018fhm\u0259d Cavad)<\/p>\n<p>G\u00f6rk\u0259mli istiqlal\u00e7\u0131 \u015fair \u018fhm\u0259d Cavad\u0131n bir zamanlar bu misralarla q\u00fcrb\u0259td\u0259n ox\u015fay\u0131b \u0259zizl\u0259diyi, do\u011fma yar\u0131na- Az\u0259rbaycan\u0131na \u0259rm\u0259\u011fan kimi yollamaq ist\u0259diyi \u00fc\u00e7r\u0259ngli bayraq bu g\u00fcn b\u00fct\u00fcn Az\u0259rbaycan xalq\u0131n\u0131n, b\u00fct\u00fcn d\u00fcnya az\u0259rbaycanl\u0131lar\u0131n\u0131n q\u00fcrur m\u0259nb\u0259yin\u0259, milli-m\u0259n\u0259vi kimliyin\u0259, mill\u0259tin siyasi vizit kart\u0131na, \u00f6lk\u0259 v\u0259t\u0259nda\u015flar\u0131n\u0131n qeyr\u0259t v\u0259 d\u0259yan\u0259t simvoluna \u00e7evrilib&#8230;<\/p>\n<p>H\u0259r bir \u00f6lk\u0259 kimi, Az\u0259rbaycan\u0131n da tarixi v\u0259 d\u00f6vl\u0259t\u00e7ilik \u0259n\u0259n\u0259l\u0259ri onun d\u00f6vl\u0259t r\u0259mzl\u0259rind\u0259 v\u0259 atributlar\u0131nda \u00f6z \u0259ksini tap\u0131r. M\u00fcst\u0259qil d\u00f6vl\u0259t olaraq, onun d\u00fcnyada \u00f6z m\u0259xsusi d\u00f6vl\u0259t r\u0259mzl\u0259ri- bayra\u011f\u0131, gerbi, himni m\u00f6vcuddur. \u00dc\u00e7r\u0259ngli bayra\u011f\u0131m\u0131z haz\u0131rda bizim \u0259sas d\u00f6vl\u0259t\u00e7ilik r\u0259mzimiz olaraq xalq\u0131n m\u00fcst\u0259qillik v\u0259 suverenlik irad\u0259sini, milli azadl\u0131q v\u0259 istiqlal arzular\u0131n\u0131 \u00f6z\u00fcnd\u0259 \u0259ks etdirir v\u0259 Az\u0259rbaycan\u0131n m\u00fcst\u0259qilliyinin simvolu kimi \u00e7\u0131x\u0131\u015f edir.<\/p>\n<p>M\u0259lum oldu\u011fu kimi, \u00fc\u00e7r\u0259ngli d\u00f6vl\u0259t bayra\u011f\u0131m\u0131z ilk d\u0259f\u0259 Az\u0259rbaycan Xalq C\u00fcmhuriyy\u0259ti h\u00f6kum\u0259tinin q\u0259rar\u0131 il\u0259 1918-ci il noyabr\u0131n 9-da q\u0259bul edilmi\u015fdir. 1920-ci il aprelin 28-d\u0259 Xalq C\u00fcmhuriyy\u0259ti s\u00fcqut etdikd\u0259n sonra yeni qurulan h\u00f6k\u00fcm\u0259t bu bayraqdan imtina etmi\u015fdir. \u0130kinci d\u0259f\u0259 \u00fc\u00e7r\u0259ngli d\u00f6vl\u0259t bayra\u011f\u0131 1990-c\u0131 il noyabr\u0131n 17-d\u0259 \u00fcmummilli lider Heyd\u0259r \u018fliyevin s\u0259drliyi il\u0259 ke\u00e7iril\u0259n Nax\u00e7\u0131van Muxtar Respublikas\u0131 Ali M\u0259clisinin ilk sessiyas\u0131nda M\u0259clisin q\u0259rar\u0131 il\u0259 b\u0259rpa olunmu\u015f v\u0259 Muxtar Respublikan\u0131n d\u00f6vl\u0259t bayra\u011f\u0131 kimi q\u0259bul edilmi\u015fdir. H\u0259min sessiyada Muxtar Respublika Ali M\u0259clisi Az\u0259rbaycan SSR Ali Soveti qar\u015f\u0131s\u0131nda &#8220;\u00fc\u00e7r\u0259ngli bayra\u011f\u0131n Az\u0259rbaycan\u0131n r\u0259smi d\u00f6vl\u0259t r\u0259mzi kimi tan\u0131nmas\u0131 haqq\u0131nda&#8221; v\u0259sat\u0259t qald\u0131rm\u0131\u015fd\u0131r. 1991-ci il fevral ay\u0131n\u0131n 5-d\u0259 Az\u0259rbaycan Respublikas\u0131 Ali Soveti Nax\u00e7\u0131van Muxtar Respublikas\u0131 Ali M\u0259clisinin v\u0259sat\u0259tin\u0259 baxm\u0131\u015f v\u0259 &#8220;\u00fc\u00e7r\u0259ngli bayra\u011f\u0131n Az\u0259rbaycan\u0131n d\u00f6vl\u0259t bayra\u011f\u0131 kimi q\u0259bul edilm\u0259si&#8221; haqq\u0131nda q\u0259rar vermi\u015fdir. M\u00fcst\u0259qil Az\u0259rbaycan d\u00f6vl\u0259tinin qurucu lideri, ulu \u00f6nd\u0259r Heyd\u0259r \u018fliyev bayra\u011f\u0131m\u0131z\u0131 v\u0259 dig\u0259r d\u00f6vl\u0259t r\u0259mzl\u0259rimizi h\u0259mi\u015f\u0259 y\u00fcks\u0259k tutaraq, onlar\u0131 xalq\u0131m\u0131z\u0131n, d\u00f6vl\u0259timizin m\u00fcq\u0259dd\u0259slik v\u0259 \u0259b\u0259diliyinin, sars\u0131lmazl\u0131q v\u0259 yenilm\u0259zliyinin simvolu kimi d\u0259y\u0259rl\u0259ndirmi\u015fdir. \u00dcmummilli lider s\u00f6yl\u0259yirdi ki, &#8220;biz d\u00f6vl\u0259t r\u0259mzl\u0259rimizi- himnimizi, bayra\u011f\u0131m\u0131z\u0131, gerbimizi \u00f6z\u00fcm\u00fcz q\u0259d\u0259r sevm\u0259liyik, \u00e7\u00fcnki onlar bizim v\u0259t\u0259nimiz\u0259, mill\u0259timiz\u0259, d\u00f6vl\u0259timiz\u0259 olan s\u0259daq\u0259t, sevgi v\u0259 m\u0259h\u0259bb\u0259tin r\u0259mzl\u0259ridir&#8221;.<\/p>\n<p>Milli d\u00f6vl\u0259t v\u0259 istiqlal r\u0259mzl\u0259rimiz\u0259 h\u0259dsiz sevgi n\u00fcmayi\u015f etdir\u0259n Prezident \u0130lham \u018fliyev \u00fcmummilli liderin siyasi kursuna sadiq qalaraq d\u00f6vl\u0259t suverenliyinin r\u0259mzl\u0259ri say\u0131lan bayra\u011f\u0131m\u0131z\u0131, gerbimizi v\u0259 himnimizi h\u0259mi\u015f\u0259 y\u00fcks\u0259k tutmu\u015f, onlar\u0131n t\u0259bli\u011fi il\u0259 ba\u011fl\u0131 x\u00fcsusi t\u0259dbirl\u0259r h\u0259yata ke\u00e7irmi\u015fdir. 2007-ci il noyabr\u0131n 17-d\u0259 Prezidentin imzalad\u0131\u011f\u0131 s\u0259r\u0259ncamla Bak\u0131 \u015f\u0259h\u0259rind\u0259 D\u00f6vl\u0259t Bayra\u011f\u0131 Meydan\u0131 t\u0259sis edilmi\u015f, 17 noyabr 2009-cu il tarixli F\u0259rman\u0131 il\u0259 h\u0259r il noyabr ay\u0131n\u0131n 9-u Az\u0259rbaycanda &#8220;Milli Bayraq G\u00fcn\u00fc&#8221; kimi r\u0259smi bayram olaraq qeyd olunma\u011fa ba\u015flanm\u0131\u015fd\u0131r. \u015e\u0259xs\u0259n \u00f6lk\u0259 ba\u015f\u00e7\u0131s\u0131n\u0131n v\u0259 r\u0259hb\u0259rlik etdiyi h\u00f6kum\u0259tin d\u00f6vl\u0259t r\u0259mzl\u0259rin\u0259, r\u0259smi atributlara, suverenlik g\u00f6st\u0259ricil\u0259rin\u0259 bu c\u00fcr ehtiramla yana\u015fmas\u0131, \u0259lb\u0259tt\u0259, m\u00fcvafiq olaraq b\u00fct\u00fcn Az\u0259rbaycan c\u0259miyy\u0259tinin, xarici \u00f6lk\u0259l\u0259rd\u0259 ya\u015fayan soyda\u015flar\u0131m\u0131z\u0131n da d\u00f6vl\u0259t\u00e7ilik simvollar\u0131na sevgisini daha da art\u0131r\u0131m\u0131\u015f, h\u0259r bir az\u0259rbaycanl\u0131da \u00f6z d\u00f6vl\u0259ti il\u0259 ba\u011fl\u0131 q\u00fcrur hissini y\u00fcks\u0259ltmi\u015f, xalqla d\u00f6vl\u0259t aras\u0131ndak\u0131 v\u0259hd\u0259ti daha da g\u00fccl\u0259ndirmi\u015fdir. X\u00fcsus\u0259n, 2010-cu il sentyabr\u0131n 1-d\u0259 D\u00f6vl\u0259t Bayra\u011f\u0131 Meydan\u0131n\u0131n t\u0259nt\u0259n\u0259li a\u00e7\u0131l\u0131\u015f m\u0259rasimind\u0259ki nitqind\u0259 Prezident \u0130lham \u018fliyevin s\u0259sl\u0259ndirdiyi: &#8220;Bayra\u011f\u0131m\u0131z bizim q\u00fcrur m\u0259nb\u0259yimizdir, bayra\u011f\u0131m\u0131z bizim can\u0131m\u0131zd\u0131r v\u0259 \u00fcr\u0259yimizdir. Bu g\u00fcn Az\u0259rbaycan\u0131n h\u0259r yerind\u0259 d\u00f6vl\u0259t bayra\u011f\u0131 dal\u011falan\u0131r. Az\u0259rbaycan\u0131n \u0259razi b\u00fct\u00f6vl\u00fcy\u00fcn\u00fc b\u0259rpa ed\u0259nd\u0259n sonra milli d\u00f6vl\u0259t bayra\u011f\u0131m\u0131z h\u0259l\u0259 d\u0259 i\u015f\u011fal alt\u0131nda olan torpaqlarda qald\u0131r\u0131lacaq. Bizim bayra\u011f\u0131m\u0131z Da\u011fl\u0131q Qaraba\u011fda, Xank\u0259ndind\u0259, \u015eu\u015fada dal\u011falanacaq. O g\u00fcn\u00fc biz h\u0259r an \u00f6z i\u015fimizl\u0259 yax\u0131nla\u015fd\u0131rmal\u0131y\u0131q v\u0259 yax\u0131nla\u015fd\u0131r\u0131r\u0131q&#8221;- kimi duy\u011fusal fikirl\u0259r h\u0259r bir az\u0259rbaycanl\u0131n\u0131n v\u0259 b\u00fct\u00fcn soyda\u015flar\u0131m\u0131z\u0131n q\u0259lbini riqq\u0259t\u0259 g\u0259tirmi\u015fdir.<\/p>\n<p>D\u00f6vl\u0259t r\u0259mzl\u0259rin\u0259, x\u00fcsus\u0259n d\u0259 bayra\u011f\u0131m\u0131za Az\u0259rbaycanda h\u0259mi\u015f\u0259 m\u00fcq\u0259dd\u0259s atribut kimi yana\u015f\u0131lm\u0131\u015fd\u0131r. 2010-cu ild\u0259n ba\u015flayaraq Milli Bayraq G\u00fcn\u00fcn\u00fcn ayr\u0131ca bayram kimi qeyd edilm\u0259si \u00f6lk\u0259 ba\u015f\u00e7\u0131s\u0131n\u0131n v\u0259 v\u0259t\u0259nda\u015flar\u0131m\u0131z\u0131n \u00f6z d\u00f6vl\u0259t\u00e7iliyin\u0259 v\u0259 suverenliyin\u0259, d\u00f6vl\u0259t r\u0259mzl\u0259rin\u0259 v\u0259 m\u00fcst\u0259qillik simvollar\u0131na y\u00fcks\u0259k m\u00fcnasib\u0259tinin \u0259yani t\u0259zah\u00fcr\u00fcd\u00fcr. \u0130nsanlar\u0131m\u0131z Milli Bayraq G\u00fcn\u00fcn\u00fc mill\u0259timizin, xalq\u0131m\u0131z\u0131n azadl\u0131q v\u0259 istiqlal ideallar\u0131n\u0131n, milli varl\u0131\u011f\u0131n\u0131n, b\u0259\u015f\u0259r sivilizasiyas\u0131nda \u00f6z\u00fcn\u0259m\u0259xsus milli-m\u0259n\u0259vi d\u0259y\u0259rl\u0259r\u0259 malik olmas\u0131n\u0131n t\u0259c\u0259ss\u00fcm\u00fc kimi d\u0259y\u0259rl\u0259ndirir, bayra\u011f\u0131m\u0131z\u0131 \u00f6lk\u0259mizin \u0259razi b\u00fct\u00f6vl\u00fcy\u00fc v\u0259 suverenliyin\u0131n, d\u00fcnya az\u0259rbaycanl\u0131lar\u0131n\u0131n m\u0259n\u0259vi birliyinin, do\u011fma V\u0259t\u0259nl\u0259 vahidliyinin simvolu kimi q\u0259bul edirl\u0259r.<\/p>\n<p><strong>\u018fli H\u0259s\u0259nov<br \/>\nAz\u0259rbaycan Respublikas\u0131 Prezidentinin ictimai-siyasi m\u0259s\u0259l\u0259l\u0259r \u00fczr\u0259 k\u00f6m\u0259k\u00e7isi,<br \/>\ntarix elml\u0259ri doktoru, professor<\/strong><\/p>\n","protected":false},"excerpt":{"rendered":"<p>T\u00fcrk\u00fcstan yell\u0259ri \u00f6p\u00fcb aln\u0131n\u0131 S\u00f6yl\u0259yir d\u0259rdini sana, bayra\u011f\u0131m! \u00dc\u00e7r\u0259ngin \u0259ksini Quz\u011fun d\u0259nizd\u0259n \u018frm\u0259\u011fan yollas\u0131n yara, bayra\u011f\u0131m! (\u018fhm\u0259d Cavad) G\u00f6rk\u0259mli istiqlal\u00e7\u0131 \u015fair \u018fhm\u0259d Cavad\u0131n bir zamanlar bu misralarla q\u00fcrb\u0259td\u0259n ox\u015fay\u0131b \u0259zizl\u0259diyi, do\u011fma yar\u0131na- Az\u0259rbaycan\u0131na \u0259rm\u0259\u011fan kimi yollamaq ist\u0259diyi \u00fc\u00e7r\u0259ngli bayraq bu g\u00fcn b\u00fct\u00fcn Az\u0259rbaycan xalq\u0131n\u0131n, b\u00fct\u00fcn d\u00fcnya az\u0259rbaycanl\u0131lar\u0131n\u0131n q\u00fcrur m\u0259nb\u0259yin\u0259, milli-m\u0259n\u0259vi kimliyin\u0259, mill\u0259tin siyasi vizit kart\u0131na, \u00f6lk\u0259 v\u0259t\u0259nda\u015flar\u0131n\u0131n qeyr\u0259t v\u0259 d\u0259yan\u0259t simvoluna \u00e7evrilib&#8230; H\u0259r bir \u00f6lk\u0259 kimi, Az\u0259rbaycan\u0131n da tarixi v\u0259 d\u00f6vl\u0259t\u00e7ilik \u0259n\u0259n\u0259l\u0259ri onun d\u00f6vl\u0259t r\u0259mzl\u0259rind\u0259 v\u0259 atributlar\u0131nda \u00f6z \u0259ksini tap\u0131r. M\u00fcst\u0259qil d\u00f6vl\u0259t olaraq, onun d\u00fcnyada \u00f6z m\u0259xsusi d\u00f6vl\u0259t r\u0259mzl\u0259ri- bayra\u011f\u0131,&hellip;<\/p>\n","protected":false},"author":2,"featured_media":93902,"comment_status":"closed","ping_status":"closed","sticky":false,"template":"","format":"standard","meta":{"om_disable_all_campaigns":false,"_monsterinsights_skip_tracking":false,"_monsterinsights_sitenote_active":false,"_monsterinsights_sitenote_note":"","_monsterinsights_sitenote_category":0},"categories":[19],"tags":[],"aioseo_notices":[],"gutentor_comment":0,"rttpg_featured_image_url":{"full":["https:\/\/arantv.az\/wp-content\/uploads\/2019\/11\/795040.jpg",800,600,false],"landscape":["https:\/\/arantv.az\/wp-content\/uploads\/2019\/11\/795040.jpg",800,600,false],"portraits":["https:\/\/arantv.az\/wp-content\/uploads\/2019\/11\/795040.jpg",800,600,false],"thumbnail":["https:\/\/arantv.az\/wp-content\/uploads\/2019\/11\/795040-150x150.jpg",150,150,true],"medium":["https:\/\/arantv.az\/wp-content\/uploads\/2019\/11\/795040-300x225.jpg",300,225,true],"large":["https:\/\/arantv.az\/wp-content\/uploads\/2019\/11\/795040.jpg",640,480,false],"1536x1536":["https:\/\/arantv.az\/wp-content\/uploads\/2019\/11\/795040.jpg",800,600,false],"2048x2048":["https:\/\/arantv.az\/wp-content\/uploads\/2019\/11\/795040.jpg",800,600,false],"post-thumbnail":["https:\/\/arantv.az\/wp-content\/uploads\/2019\/11\/795040-240x172.jpg",240,172,true],"advps-thumb-one":["https:\/\/arantv.az\/wp-content\/uploads\/2019\/11\/795040.jpg",800,600,false]},"rttpg_author":{"display_name":"V\u00fcsal Rafiqo\u011flu","author_link":"https:\/\/arantv.az\/?author=2"},"rttpg_comment":0,"rttpg_category":"<a href=\"https:\/\/arantv.az\/?cat=19\" rel=\"category\">G\u00fcnd\u0259m<\/a>","rttpg_excerpt":"T\u00fcrk\u00fcstan yell\u0259ri \u00f6p\u00fcb aln\u0131n\u0131 S\u00f6yl\u0259yir d\u0259rdini sana, bayra\u011f\u0131m! \u00dc\u00e7r\u0259ngin \u0259ksini Quz\u011fun d\u0259nizd\u0259n \u018frm\u0259\u011fan yollas\u0131n yara, bayra\u011f\u0131m! (\u018fhm\u0259d Cavad) G\u00f6rk\u0259mli istiqlal\u00e7\u0131 \u015fair \u018fhm\u0259d Cavad\u0131n bir zamanlar bu misralarla q\u00fcrb\u0259td\u0259n ox\u015fay\u0131b \u0259zizl\u0259diyi, do\u011fma yar\u0131na- Az\u0259rbaycan\u0131na \u0259rm\u0259\u011fan kimi yollamaq ist\u0259diyi \u00fc\u00e7r\u0259ngli bayraq bu g\u00fcn b\u00fct\u00fcn Az\u0259rbaycan xalq\u0131n\u0131n, b\u00fct\u00fcn d\u00fcnya az\u0259rbaycanl\u0131lar\u0131n\u0131n q\u00fcrur m\u0259nb\u0259yin\u0259, milli-m\u0259n\u0259vi kimliyin\u0259, mill\u0259tin siyasi vizit kart\u0131na,&hellip;","_links":{"self":[{"href":"https:\/\/arantv.az\/index.php?rest_route=\/wp\/v2\/posts\/93901"}],"collection":[{"href":"https:\/\/arantv.az\/index.php?rest_route=\/wp\/v2\/posts"}],"about":[{"href":"https:\/\/arantv.az\/index.php?rest_route=\/wp\/v2\/types\/post"}],"author":[{"embeddable":true,"href":"https:\/\/arantv.az\/index.php?rest_route=\/wp\/v2\/users\/2"}],"replies":[{"embeddable":true,"href":"https:\/\/arantv.az\/index.php?rest_route=%2Fwp%2Fv2%2Fcomments&post=93901"}],"version-history":[{"count":0,"href":"https:\/\/arantv.az\/index.php?rest_route=\/wp\/v2\/posts\/93901\/revisions"}],"wp:featuredmedia":[{"embeddable":true,"href":"https:\/\/arantv.az\/index.php?rest_route=\/wp\/v2\/media\/93902"}],"wp:attachment":[{"href":"https:\/\/arantv.az\/index.php?rest_route=%2Fwp%2Fv2%2Fmedia&parent=93901"}],"wp:term":[{"taxonomy":"category","embeddable":true,"href":"https:\/\/arantv.az\/index.php?rest_route=%2Fwp%2Fv2%2Fcategories&post=93901"},{"taxonomy":"post_tag","embeddable":true,"href":"https:\/\/arantv.az\/index.php?rest_route=%2Fwp%2Fv2%2Ftags&post=93901"}],"curies":[{"name":"wp","href":"https:\/\/api.w.org\/{rel}","templated":true}]}}