{"id":93909,"date":"2019-11-08T09:53:51","date_gmt":"2019-11-08T06:53:51","guid":{"rendered":"http:\/\/arantv.az\/?p=93909"},"modified":"2019-11-08T09:53:51","modified_gmt":"2019-11-08T06:53:51","slug":"hamil%c9%99-az%c9%99rbaycanli-qadin-turkiy%c9%99d%c9%99-q%c9%99zada-yaralandi-video","status":"publish","type":"post","link":"https:\/\/arantv.az\/?p=93909","title":{"rendered":"Hamil\u0259 az\u0259rbaycanl\u0131 qad\u0131n T\u00fcrkiy\u0259d\u0259 q\u0259zada yaraland\u0131 &#8211; V\u0130DEO"},"content":{"rendered":"<p>T\u00fcrkiy\u0259nin Manisa vilay\u0259tinin Turqutlu rayonunda avtomobill\u0259 toqqu\u015fan elektrikli motosikletd\u0259ki Az\u0259rbaycan v\u0259t\u0259nda\u015f\u0131 3 ayl\u0131q hamil\u0259 M\u0259mm\u0259dova Sonaxan\u0131m yaralan\u0131b.<\/p>\n<p><b>ARANTV.AZ\u00a0<\/b>\u00a0open.az-a istinad\u0259n x\u0259b\u0259r verir ki, hadis\u0259 \u00f6t\u0259n g\u00fcn g\u00fcnorta saatlar\u0131nda Kurtulu\u015f M\u0259h\u0259ll\u0259sind\u0259 ba\u015f verib.<\/p>\n<div><\/div>\n<p>Hadis\u0259 yerin\u0259 t\u0259cili yard\u0131m c\u0259lb edilib. Q\u0259zada yaralanan 28 ya\u015fl\u0131 h\u0259myerlimiz x\u0259st\u0259xanaya yerl\u0259\u015fdirilib.<\/p>\n<p>Onun v\u0259ziyy\u0259tinin yax\u015f\u0131 oldu\u011fu bildirilib.<\/p>\n<div class=\"embed-responsive embed-responsive-16by9\"><iframe loading=\"lazy\" id=\"nmqembedid\" class=\"embed-responsive-item\" title=\"video player\" src=\"https:\/\/izle.az\/embed\/09cvLy_XyygtKsqsTC3RS87P1Ssp0i_LTEnN10_NTUpN0bcHcmxNDI3NLI1MDdSKUoszqxKTclJtDdUSS0vyi0sSi0psS4pKUwE~\" width=\"600\" height=\"340\" frameborder=\"0\" scrolling=\"no\" allowfullscreen=\"allowfullscreen\" data-mce-fragment=\"1\"><\/iframe><\/div>\n<div class=\"datespan clearfix\"><\/div>\n","protected":false},"excerpt":{"rendered":"<p>T\u00fcrkiy\u0259nin Manisa vilay\u0259tinin Turqutlu rayonunda avtomobill\u0259 toqqu\u015fan elektrikli motosikletd\u0259ki Az\u0259rbaycan v\u0259t\u0259nda\u015f\u0131 3 ayl\u0131q hamil\u0259 M\u0259mm\u0259dova Sonaxan\u0131m yaralan\u0131b. ARANTV.AZ\u00a0\u00a0open.az-a istinad\u0259n x\u0259b\u0259r verir ki, hadis\u0259 \u00f6t\u0259n g\u00fcn g\u00fcnorta saatlar\u0131nda Kurtulu\u015f M\u0259h\u0259ll\u0259sind\u0259 ba\u015f verib. Hadis\u0259 yerin\u0259 t\u0259cili yard\u0131m c\u0259lb edilib. Q\u0259zada yaralanan 28 ya\u015fl\u0131 h\u0259myerlimiz x\u0259st\u0259xanaya yerl\u0259\u015fdirilib. Onun v\u0259ziyy\u0259tinin yax\u015f\u0131 oldu\u011fu bildirilib.<\/p>\n","protected":false},"author":2,"featured_media":93910,"comment_status":"closed","ping_status":"closed","sticky":false,"template":"","format":"standard","meta":{"om_disable_all_campaigns":false,"_monsterinsights_skip_tracking":false,"_monsterinsights_sitenote_active":false,"_monsterinsights_sitenote_note":"","_monsterinsights_sitenote_category":0},"categories":[5],"tags":[],"aioseo_notices":[],"gutentor_comment":0,"rttpg_featured_image_url":{"full":["https:\/\/arantv.az\/wp-content\/uploads\/2019\/11\/47a6cfef-e289-4fe9-8140-f5865a08de99.jpg",549,309,false],"landscape":["https:\/\/arantv.az\/wp-content\/uploads\/2019\/11\/47a6cfef-e289-4fe9-8140-f5865a08de99.jpg",549,309,false],"portraits":["https:\/\/arantv.az\/wp-content\/uploads\/2019\/11\/47a6cfef-e289-4fe9-8140-f5865a08de99.jpg",549,309,false],"thumbnail":["https:\/\/arantv.az\/wp-content\/uploads\/2019\/11\/47a6cfef-e289-4fe9-8140-f5865a08de99-150x150.jpg",150,150,true],"medium":["https:\/\/arantv.az\/wp-content\/uploads\/2019\/11\/47a6cfef-e289-4fe9-8140-f5865a08de99-300x169.jpg",300,169,true],"large":["https:\/\/arantv.az\/wp-content\/uploads\/2019\/11\/47a6cfef-e289-4fe9-8140-f5865a08de99.jpg",549,309,false],"1536x1536":["https:\/\/arantv.az\/wp-content\/uploads\/2019\/11\/47a6cfef-e289-4fe9-8140-f5865a08de99.jpg",549,309,false],"2048x2048":["https:\/\/arantv.az\/wp-content\/uploads\/2019\/11\/47a6cfef-e289-4fe9-8140-f5865a08de99.jpg",549,309,false],"post-thumbnail":["https:\/\/arantv.az\/wp-content\/uploads\/2019\/11\/47a6cfef-e289-4fe9-8140-f5865a08de99-240x172.jpg",240,172,true],"advps-thumb-one":["https:\/\/arantv.az\/wp-content\/uploads\/2019\/11\/47a6cfef-e289-4fe9-8140-f5865a08de99.jpg",549,309,false]},"rttpg_author":{"display_name":"V\u00fcsal Rafiqo\u011flu","author_link":"https:\/\/arantv.az\/?author=2"},"rttpg_comment":0,"rttpg_category":"<a href=\"https:\/\/arantv.az\/?cat=5\" rel=\"category\">Hadis\u0259<\/a>","rttpg_excerpt":"T\u00fcrkiy\u0259nin Manisa vilay\u0259tinin Turqutlu rayonunda avtomobill\u0259 toqqu\u015fan elektrikli motosikletd\u0259ki Az\u0259rbaycan v\u0259t\u0259nda\u015f\u0131 3 ayl\u0131q hamil\u0259 M\u0259mm\u0259dova Sonaxan\u0131m yaralan\u0131b. ARANTV.AZ\u00a0\u00a0open.az-a istinad\u0259n x\u0259b\u0259r verir ki, hadis\u0259 \u00f6t\u0259n g\u00fcn g\u00fcnorta saatlar\u0131nda Kurtulu\u015f M\u0259h\u0259ll\u0259sind\u0259 ba\u015f verib. Hadis\u0259 yerin\u0259 t\u0259cili yard\u0131m c\u0259lb edilib. Q\u0259zada yaralanan 28 ya\u015fl\u0131 h\u0259myerlimiz x\u0259st\u0259xanaya yerl\u0259\u015fdirilib. Onun v\u0259ziyy\u0259tinin yax\u015f\u0131 oldu\u011fu bildirilib.","_links":{"self":[{"href":"https:\/\/arantv.az\/index.php?rest_route=\/wp\/v2\/posts\/93909"}],"collection":[{"href":"https:\/\/arantv.az\/index.php?rest_route=\/wp\/v2\/posts"}],"about":[{"href":"https:\/\/arantv.az\/index.php?rest_route=\/wp\/v2\/types\/post"}],"author":[{"embeddable":true,"href":"https:\/\/arantv.az\/index.php?rest_route=\/wp\/v2\/users\/2"}],"replies":[{"embeddable":true,"href":"https:\/\/arantv.az\/index.php?rest_route=%2Fwp%2Fv2%2Fcomments&post=93909"}],"version-history":[{"count":0,"href":"https:\/\/arantv.az\/index.php?rest_route=\/wp\/v2\/posts\/93909\/revisions"}],"wp:featuredmedia":[{"embeddable":true,"href":"https:\/\/arantv.az\/index.php?rest_route=\/wp\/v2\/media\/93910"}],"wp:attachment":[{"href":"https:\/\/arantv.az\/index.php?rest_route=%2Fwp%2Fv2%2Fmedia&parent=93909"}],"wp:term":[{"taxonomy":"category","embeddable":true,"href":"https:\/\/arantv.az\/index.php?rest_route=%2Fwp%2Fv2%2Fcategories&post=93909"},{"taxonomy":"post_tag","embeddable":true,"href":"https:\/\/arantv.az\/index.php?rest_route=%2Fwp%2Fv2%2Ftags&post=93909"}],"curies":[{"name":"wp","href":"https:\/\/api.w.org\/{rel}","templated":true}]}}