{"id":93941,"date":"2019-11-08T11:11:19","date_gmt":"2019-11-08T08:11:19","guid":{"rendered":"http:\/\/arantv.az\/?p=93941"},"modified":"2019-11-08T11:11:19","modified_gmt":"2019-11-08T08:11:19","slug":"xin-in-etiraz-notalari-isl%c9%99mir-separatcilarin-lideri-bu-d%c9%99f%c9%99-belcikada","status":"publish","type":"post","link":"https:\/\/arantv.az\/?p=93941","title":{"rendered":"X\u0130N-in etiraz notalar\u0131 \u201ci\u015fl\u0259mir\u201d? &#8211; Separat\u00e7\u0131lar\u0131n lideri bu d\u0259f\u0259 Bel\u00e7ikada"},"content":{"rendered":"<p>Az\u0259rbaycan\u0131n i\u015f\u011fal alt\u0131ndak\u0131 torpaqlar\u0131nda yarad\u0131lm\u0131\u015f qondarma rejimin \u201cprezidenti\u201d Bako Saakayan \u00f6t\u0259n g\u00fcn Bel\u00e7ikaya s\u0259f\u0259r edib.<\/p>\n<p>Modern.az x\u0259b\u0259r verir ki, Saakyan Br\u00fcsseld\u0259 erm\u0259ni icmas\u0131 il\u0259 g\u00f6r\u00fc\u015f\u00fcb. Bundan sonra o, Flamandiya regionunun 10-\u0259 yax\u0131n parlament \u00fczv\u00fc il\u0259 dan\u0131\u015f\u0131qlar apar\u0131b.<\/p>\n<p>Saakyan Bel\u00e7ika n\u00fcmay\u0259nd\u0259l\u0259rini Qaraba\u011fa s\u0259f\u0259r etm\u0259y\u0259 s\u0259sl\u0259yib.<\/p>\n<p>Xat\u0131rladaq ki, son zamanlar separat\u00e7\u0131 qurum n\u00fcmay\u0259nd\u0259l\u0259rinin xarici \u00f6lk\u0259l\u0259r\u0259 s\u0259f\u0259rl\u0259ri intensivl\u0259\u015fib. Bel\u0259 ki, Az\u0259rbaycan X\u0130N-i noybar\u0131n 1-d\u0259 qondarma rejimin \u201cxarici i\u015fl\u0259r naziri\u201d Masis Mailyan\u0131n AB\u015e-a s\u0259f\u0259ri v\u0259 s\u00f6zd\u0259 \u201csoyq\u0131r\u0131m\u0131\u201dn\u0131n N\u00fcmay\u0259nd\u0259l\u0259r Palatas\u0131nda q\u0259bul olunmas\u0131 il\u0259 ba\u011fl\u0131 Va\u015finqtonun \u00f6lk\u0259mizd\u0259ki s\u0259firi Li Litsenberger\u0259 nota t\u0259qdim etmi\u015fdi.<\/p>\n<p>Analoji nota noyabr\u0131n 6-da Rusiyan\u0131n Az\u0259rbaycandak\u0131 s\u0259firi Mixail Bo\u00e7arnikova da verilmi\u015fdi. Nota Masis Mailyan v\u0259 qondarma qurumun \u201cm\u0259d\u0259niyy\u0259t naziri\u201d Lernik Ovannisyan\u0131n Moskvaya s\u0259f\u0259ri il\u0259 ba\u011fl\u0131 t\u0259qdim olunmu\u015fdu.<\/p>\n","protected":false},"excerpt":{"rendered":"<p>Az\u0259rbaycan\u0131n i\u015f\u011fal alt\u0131ndak\u0131 torpaqlar\u0131nda yarad\u0131lm\u0131\u015f qondarma rejimin \u201cprezidenti\u201d Bako Saakayan \u00f6t\u0259n g\u00fcn Bel\u00e7ikaya s\u0259f\u0259r edib. Modern.az x\u0259b\u0259r verir ki, Saakyan Br\u00fcsseld\u0259 erm\u0259ni icmas\u0131 il\u0259 g\u00f6r\u00fc\u015f\u00fcb. Bundan sonra o, Flamandiya regionunun 10-\u0259 yax\u0131n parlament \u00fczv\u00fc il\u0259 dan\u0131\u015f\u0131qlar apar\u0131b. Saakyan Bel\u00e7ika n\u00fcmay\u0259nd\u0259l\u0259rini Qaraba\u011fa s\u0259f\u0259r etm\u0259y\u0259 s\u0259sl\u0259yib. Xat\u0131rladaq ki, son zamanlar separat\u00e7\u0131 qurum n\u00fcmay\u0259nd\u0259l\u0259rinin xarici \u00f6lk\u0259l\u0259r\u0259 s\u0259f\u0259rl\u0259ri intensivl\u0259\u015fib. Bel\u0259 ki, Az\u0259rbaycan X\u0130N-i noybar\u0131n 1-d\u0259 qondarma rejimin \u201cxarici i\u015fl\u0259r naziri\u201d Masis Mailyan\u0131n AB\u015e-a s\u0259f\u0259ri v\u0259 s\u00f6zd\u0259 \u201csoyq\u0131r\u0131m\u0131\u201dn\u0131n N\u00fcmay\u0259nd\u0259l\u0259r Palatas\u0131nda q\u0259bul olunmas\u0131 il\u0259 ba\u011fl\u0131 Va\u015finqtonun \u00f6lk\u0259mizd\u0259ki s\u0259firi Li Litsenberger\u0259 nota t\u0259qdim etmi\u015fdi. Analoji nota noyabr\u0131n&hellip;<\/p>\n","protected":false},"author":2,"featured_media":93942,"comment_status":"closed","ping_status":"closed","sticky":false,"template":"","format":"standard","meta":{"om_disable_all_campaigns":false,"_monsterinsights_skip_tracking":false,"_monsterinsights_sitenote_active":false,"_monsterinsights_sitenote_note":"","_monsterinsights_sitenote_category":0},"categories":[4],"tags":[],"aioseo_notices":[],"gutentor_comment":0,"rttpg_featured_image_url":{"full":["https:\/\/arantv.az\/wp-content\/uploads\/2019\/11\/xin.jpg",620,335,false],"landscape":["https:\/\/arantv.az\/wp-content\/uploads\/2019\/11\/xin.jpg",620,335,false],"portraits":["https:\/\/arantv.az\/wp-content\/uploads\/2019\/11\/xin.jpg",620,335,false],"thumbnail":["https:\/\/arantv.az\/wp-content\/uploads\/2019\/11\/xin-150x150.jpg",150,150,true],"medium":["https:\/\/arantv.az\/wp-content\/uploads\/2019\/11\/xin-300x162.jpg",300,162,true],"large":["https:\/\/arantv.az\/wp-content\/uploads\/2019\/11\/xin.jpg",620,335,false],"1536x1536":["https:\/\/arantv.az\/wp-content\/uploads\/2019\/11\/xin.jpg",620,335,false],"2048x2048":["https:\/\/arantv.az\/wp-content\/uploads\/2019\/11\/xin.jpg",620,335,false],"post-thumbnail":["https:\/\/arantv.az\/wp-content\/uploads\/2019\/11\/xin-240x172.jpg",240,172,true],"advps-thumb-one":["https:\/\/arantv.az\/wp-content\/uploads\/2019\/11\/xin.jpg",620,335,false]},"rttpg_author":{"display_name":"V\u00fcsal Rafiqo\u011flu","author_link":"https:\/\/arantv.az\/?author=2"},"rttpg_comment":0,"rttpg_category":"<a href=\"https:\/\/arantv.az\/?cat=4\" rel=\"category\">Siyas\u0259t<\/a>","rttpg_excerpt":"Az\u0259rbaycan\u0131n i\u015f\u011fal alt\u0131ndak\u0131 torpaqlar\u0131nda yarad\u0131lm\u0131\u015f qondarma rejimin \u201cprezidenti\u201d Bako Saakayan \u00f6t\u0259n g\u00fcn Bel\u00e7ikaya s\u0259f\u0259r edib. Modern.az x\u0259b\u0259r verir ki, Saakyan Br\u00fcsseld\u0259 erm\u0259ni icmas\u0131 il\u0259 g\u00f6r\u00fc\u015f\u00fcb. Bundan sonra o, Flamandiya regionunun 10-\u0259 yax\u0131n parlament \u00fczv\u00fc il\u0259 dan\u0131\u015f\u0131qlar apar\u0131b. Saakyan Bel\u00e7ika n\u00fcmay\u0259nd\u0259l\u0259rini Qaraba\u011fa s\u0259f\u0259r etm\u0259y\u0259 s\u0259sl\u0259yib. Xat\u0131rladaq ki, son zamanlar separat\u00e7\u0131 qurum n\u00fcmay\u0259nd\u0259l\u0259rinin xarici \u00f6lk\u0259l\u0259r\u0259 s\u0259f\u0259rl\u0259ri intensivl\u0259\u015fib.&hellip;","_links":{"self":[{"href":"https:\/\/arantv.az\/index.php?rest_route=\/wp\/v2\/posts\/93941"}],"collection":[{"href":"https:\/\/arantv.az\/index.php?rest_route=\/wp\/v2\/posts"}],"about":[{"href":"https:\/\/arantv.az\/index.php?rest_route=\/wp\/v2\/types\/post"}],"author":[{"embeddable":true,"href":"https:\/\/arantv.az\/index.php?rest_route=\/wp\/v2\/users\/2"}],"replies":[{"embeddable":true,"href":"https:\/\/arantv.az\/index.php?rest_route=%2Fwp%2Fv2%2Fcomments&post=93941"}],"version-history":[{"count":0,"href":"https:\/\/arantv.az\/index.php?rest_route=\/wp\/v2\/posts\/93941\/revisions"}],"wp:featuredmedia":[{"embeddable":true,"href":"https:\/\/arantv.az\/index.php?rest_route=\/wp\/v2\/media\/93942"}],"wp:attachment":[{"href":"https:\/\/arantv.az\/index.php?rest_route=%2Fwp%2Fv2%2Fmedia&parent=93941"}],"wp:term":[{"taxonomy":"category","embeddable":true,"href":"https:\/\/arantv.az\/index.php?rest_route=%2Fwp%2Fv2%2Fcategories&post=93941"},{"taxonomy":"post_tag","embeddable":true,"href":"https:\/\/arantv.az\/index.php?rest_route=%2Fwp%2Fv2%2Ftags&post=93941"}],"curies":[{"name":"wp","href":"https:\/\/api.w.org\/{rel}","templated":true}]}}