{"id":93957,"date":"2019-11-08T11:46:06","date_gmt":"2019-11-08T08:46:06","guid":{"rendered":"http:\/\/arantv.az\/?p=93957"},"modified":"2019-11-08T11:46:06","modified_gmt":"2019-11-08T08:46:06","slug":"idmancimiz-dunya-ucuncusu-olub-paralimpiya-oyunlarina-lisenziya-qazandi","status":"publish","type":"post","link":"https:\/\/arantv.az\/?p=93957","title":{"rendered":"\u0130dman\u00e7\u0131m\u0131z d\u00fcnya \u00fc\u00e7\u00fcnc\u00fcs\u00fc olub Paralimpiya Oyunlar\u0131na lisenziya qazand\u0131"},"content":{"rendered":"<p>Az\u0259rbaycan Tokioda ke\u00e7iril\u0259c\u0259k XVI Yay Paralimpiya Oyunlar\u0131na be\u015finci lisenziyan\u0131 qazan\u0131b.<\/p>\n<p><strong>ARANTV.AZ\u00a0<\/strong>\u00a0x\u0259b\u0259r verir ki, Birl\u0259\u015fmi\u015f \u018fr\u0259b \u018fmirlikl\u0259rinin Dubay \u015f\u0259h\u0259rind\u0259 para atletika \u00fczr\u0259 d\u00fcnya \u00e7empionat\u0131n\u0131n ilk g\u00fcn\u00fcnd\u0259 paralimpiya\u00e7\u0131m\u0131z Kamil \u018fliyev m\u00fcbariz\u0259y\u0259 ba\u015flay\u0131b.<\/p>\n<div id=\"AdviadNativeVideo0\" class=\"AdviadNativeVideo\"><\/div>\n<p>Kamil \u018fliyev uzunlu\u011fa tullanma \u00fczr\u0259 T12 kateqoriyasinda yeddi metr n\u0259tic\u0259 g\u00f6st\u0259rib. D\u00fcnya \u00e7empionat\u0131nda \u00fc\u00e7\u00fcnc\u00fc yer\u0259 \u00e7\u0131xan Kamil \u018fliyev bununla da XVI Yay Paralimpiya Oyunlar\u0131na lisenziya qazan\u0131b.<\/p>\n<p>Bel\u0259likl\u0259, Paralimpiya Oyunlar\u0131na lisenziya qazanan idman\u00e7\u0131lar\u0131m\u0131z\u0131n say\u0131 be\u015f\u0259 y\u00fcks\u0259lib. Qeyd ed\u0259k ki, Kamil \u018fliyevd\u0259n \u00f6nc\u0259 Kamran Zeynalov, Yelena Taranova (h\u0259r ikisi paraat\u0131c\u0131), El\u015f\u0259n H\u00fcseynov (parapauerliftinq) v\u0259 Roman Saley (para\u00fczg\u00fc\u00e7\u00fc) d\u0259 Tokio-2020-y\u0259 lisenziyaya yiy\u0259l\u0259nib.oxu.az<\/p>\n","protected":false},"excerpt":{"rendered":"<p>Az\u0259rbaycan Tokioda ke\u00e7iril\u0259c\u0259k XVI Yay Paralimpiya Oyunlar\u0131na be\u015finci lisenziyan\u0131 qazan\u0131b. ARANTV.AZ\u00a0\u00a0x\u0259b\u0259r verir ki, Birl\u0259\u015fmi\u015f \u018fr\u0259b \u018fmirlikl\u0259rinin Dubay \u015f\u0259h\u0259rind\u0259 para atletika \u00fczr\u0259 d\u00fcnya \u00e7empionat\u0131n\u0131n ilk g\u00fcn\u00fcnd\u0259 paralimpiya\u00e7\u0131m\u0131z Kamil \u018fliyev m\u00fcbariz\u0259y\u0259 ba\u015flay\u0131b. Kamil \u018fliyev uzunlu\u011fa tullanma \u00fczr\u0259 T12 kateqoriyasinda yeddi metr n\u0259tic\u0259 g\u00f6st\u0259rib. D\u00fcnya \u00e7empionat\u0131nda \u00fc\u00e7\u00fcnc\u00fc yer\u0259 \u00e7\u0131xan Kamil \u018fliyev bununla da XVI Yay Paralimpiya Oyunlar\u0131na lisenziya qazan\u0131b. Bel\u0259likl\u0259, Paralimpiya Oyunlar\u0131na lisenziya qazanan idman\u00e7\u0131lar\u0131m\u0131z\u0131n say\u0131 be\u015f\u0259 y\u00fcks\u0259lib. Qeyd ed\u0259k ki, Kamil \u018fliyevd\u0259n \u00f6nc\u0259 Kamran Zeynalov, Yelena Taranova (h\u0259r ikisi paraat\u0131c\u0131), El\u015f\u0259n H\u00fcseynov (parapauerliftinq) v\u0259 Roman Saley (para\u00fczg\u00fc\u00e7\u00fc) d\u0259 Tokio-2020-y\u0259 lisenziyaya yiy\u0259l\u0259nib.oxu.az<\/p>\n","protected":false},"author":2,"featured_media":93958,"comment_status":"closed","ping_status":"closed","sticky":false,"template":"","format":"standard","meta":{"om_disable_all_campaigns":false,"_monsterinsights_skip_tracking":false,"_monsterinsights_sitenote_active":false,"_monsterinsights_sitenote_note":"","_monsterinsights_sitenote_category":0},"categories":[6],"tags":[],"aioseo_notices":[],"gutentor_comment":0,"rttpg_featured_image_url":{"full":["https:\/\/arantv.az\/wp-content\/uploads\/2019\/11\/74456832_2436138609772486_6329229988260216832_o.jpg",620,458,false],"landscape":["https:\/\/arantv.az\/wp-content\/uploads\/2019\/11\/74456832_2436138609772486_6329229988260216832_o.jpg",620,458,false],"portraits":["https:\/\/arantv.az\/wp-content\/uploads\/2019\/11\/74456832_2436138609772486_6329229988260216832_o.jpg",620,458,false],"thumbnail":["https:\/\/arantv.az\/wp-content\/uploads\/2019\/11\/74456832_2436138609772486_6329229988260216832_o-150x150.jpg",150,150,true],"medium":["https:\/\/arantv.az\/wp-content\/uploads\/2019\/11\/74456832_2436138609772486_6329229988260216832_o-300x222.jpg",300,222,true],"large":["https:\/\/arantv.az\/wp-content\/uploads\/2019\/11\/74456832_2436138609772486_6329229988260216832_o.jpg",620,458,false],"1536x1536":["https:\/\/arantv.az\/wp-content\/uploads\/2019\/11\/74456832_2436138609772486_6329229988260216832_o.jpg",620,458,false],"2048x2048":["https:\/\/arantv.az\/wp-content\/uploads\/2019\/11\/74456832_2436138609772486_6329229988260216832_o.jpg",620,458,false],"post-thumbnail":["https:\/\/arantv.az\/wp-content\/uploads\/2019\/11\/74456832_2436138609772486_6329229988260216832_o-240x172.jpg",240,172,true],"advps-thumb-one":["https:\/\/arantv.az\/wp-content\/uploads\/2019\/11\/74456832_2436138609772486_6329229988260216832_o.jpg",620,458,false]},"rttpg_author":{"display_name":"V\u00fcsal Rafiqo\u011flu","author_link":"https:\/\/arantv.az\/?author=2"},"rttpg_comment":0,"rttpg_category":"<a href=\"https:\/\/arantv.az\/?cat=6\" rel=\"category\">\u0130dman<\/a>","rttpg_excerpt":"Az\u0259rbaycan Tokioda ke\u00e7iril\u0259c\u0259k XVI Yay Paralimpiya Oyunlar\u0131na be\u015finci lisenziyan\u0131 qazan\u0131b. ARANTV.AZ\u00a0\u00a0x\u0259b\u0259r verir ki, Birl\u0259\u015fmi\u015f \u018fr\u0259b \u018fmirlikl\u0259rinin Dubay \u015f\u0259h\u0259rind\u0259 para atletika \u00fczr\u0259 d\u00fcnya \u00e7empionat\u0131n\u0131n ilk g\u00fcn\u00fcnd\u0259 paralimpiya\u00e7\u0131m\u0131z Kamil \u018fliyev m\u00fcbariz\u0259y\u0259 ba\u015flay\u0131b. Kamil \u018fliyev uzunlu\u011fa tullanma \u00fczr\u0259 T12 kateqoriyasinda yeddi metr n\u0259tic\u0259 g\u00f6st\u0259rib. D\u00fcnya \u00e7empionat\u0131nda \u00fc\u00e7\u00fcnc\u00fc yer\u0259 \u00e7\u0131xan Kamil \u018fliyev bununla da XVI Yay Paralimpiya Oyunlar\u0131na lisenziya&hellip;","_links":{"self":[{"href":"https:\/\/arantv.az\/index.php?rest_route=\/wp\/v2\/posts\/93957"}],"collection":[{"href":"https:\/\/arantv.az\/index.php?rest_route=\/wp\/v2\/posts"}],"about":[{"href":"https:\/\/arantv.az\/index.php?rest_route=\/wp\/v2\/types\/post"}],"author":[{"embeddable":true,"href":"https:\/\/arantv.az\/index.php?rest_route=\/wp\/v2\/users\/2"}],"replies":[{"embeddable":true,"href":"https:\/\/arantv.az\/index.php?rest_route=%2Fwp%2Fv2%2Fcomments&post=93957"}],"version-history":[{"count":0,"href":"https:\/\/arantv.az\/index.php?rest_route=\/wp\/v2\/posts\/93957\/revisions"}],"wp:featuredmedia":[{"embeddable":true,"href":"https:\/\/arantv.az\/index.php?rest_route=\/wp\/v2\/media\/93958"}],"wp:attachment":[{"href":"https:\/\/arantv.az\/index.php?rest_route=%2Fwp%2Fv2%2Fmedia&parent=93957"}],"wp:term":[{"taxonomy":"category","embeddable":true,"href":"https:\/\/arantv.az\/index.php?rest_route=%2Fwp%2Fv2%2Fcategories&post=93957"},{"taxonomy":"post_tag","embeddable":true,"href":"https:\/\/arantv.az\/index.php?rest_route=%2Fwp%2Fv2%2Ftags&post=93957"}],"curies":[{"name":"wp","href":"https:\/\/api.w.org\/{rel}","templated":true}]}}