{"id":93973,"date":"2019-11-08T11:54:23","date_gmt":"2019-11-08T08:54:23","guid":{"rendered":"http:\/\/arantv.az\/?p=93973"},"modified":"2019-11-08T11:54:23","modified_gmt":"2019-11-08T08:54:23","slug":"asan-xidm%c9%99t-2-gun-isl%c9%99m%c9%99y%c9%99c%c9%99k","status":"publish","type":"post","link":"https:\/\/arantv.az\/?p=93973","title":{"rendered":"&#8220;ASAN xidm\u0259t&#8221; 2 g\u00fcn \u0130\u015eL\u018fM\u018fY\u018fC\u018fK"},"content":{"rendered":"<p>9 noyabr \u2013 Az\u0259rbaycan\u0131n D\u00f6vl\u0259t Bayra\u011f\u0131 G\u00fcn\u00fc il\u0259 \u0259laq\u0259dar &#8220;ASAN xidm\u0259t&#8221; v\u0259 &#8220;ASAN Kommunal&#8221; m\u0259rk\u0259zl\u0259rind\u0259 qeyri-i\u015f g\u00fcn\u00fc olacaq.<\/p>\n<p><b>ARANTV.AZ\u00a0<\/b>x\u0259b\u0259r verir ki, Prezident yan\u0131nda V\u0259t\u0259nda\u015flara Xidm\u0259t v\u0259 Sosial \u0130nnovasiyalar \u00fczr\u0259 D\u00f6vl\u0259t Agentliyind\u0259n veril\u0259n m\u0259lumata g\u00f6r\u0259, v\u0259t\u0259nda\u015flar 10 noyabr tarixind\u0259n &#8220;ASAN xidm\u0259t&#8221;, 11 noyabr tarixind\u0259n is\u0259 &#8220;ASAN Kommunal&#8221; m\u0259rk\u0259zl\u0259rin\u0259 m\u00fcraci\u0259t etm\u0259kl\u0259 m\u00fcvafiq xidm\u0259tl\u0259rd\u0259n yararlana bil\u0259rl\u0259r.<\/p>\n<p>&#8220;ASAN Kommunal&#8221; m\u0259rk\u0259zl\u0259rind\u0259 bazar g\u00fcn\u00fc qeyri-i\u015f g\u00fcn\u00fcd\u00fcr.<\/p>\n<p>Qeyd ed\u0259k ki, haz\u0131rda 15 &#8220;ASAN xidm\u0259t&#8221; m\u0259rk\u0259zi f\u0259aliyy\u0259t g\u00f6st\u0259rir. Onlardan 5-i paytaxtda olmaqla, dig\u0259rl\u0259ri Sumqay\u0131t, G\u0259nc\u0259, Sabirabad, B\u0259rd\u0259, Q\u0259b\u0259l\u0259, Masall\u0131, Quba, Ming\u0259\u00e7evir, \u0130mi\u015fli v\u0259 \u015e\u0259kid\u0259dir.<\/p>\n<p>H\u0259m\u00e7inin Bak\u0131 \u015f\u0259h\u0259rind\u0259 \u0259haliy\u0259 kommunal sah\u0259d\u0259 xidm\u0259tl\u0259r g\u00f6st\u0259r\u0259n 2 &#8220;ASAN Kommunal&#8221; m\u0259rk\u0259zi f\u0259aliyy\u0259td\u0259dir.Sonxeber.az<\/p>\n","protected":false},"excerpt":{"rendered":"<p>9 noyabr \u2013 Az\u0259rbaycan\u0131n D\u00f6vl\u0259t Bayra\u011f\u0131 G\u00fcn\u00fc il\u0259 \u0259laq\u0259dar &#8220;ASAN xidm\u0259t&#8221; v\u0259 &#8220;ASAN Kommunal&#8221; m\u0259rk\u0259zl\u0259rind\u0259 qeyri-i\u015f g\u00fcn\u00fc olacaq. ARANTV.AZ\u00a0x\u0259b\u0259r verir ki, Prezident yan\u0131nda V\u0259t\u0259nda\u015flara Xidm\u0259t v\u0259 Sosial \u0130nnovasiyalar \u00fczr\u0259 D\u00f6vl\u0259t Agentliyind\u0259n veril\u0259n m\u0259lumata g\u00f6r\u0259, v\u0259t\u0259nda\u015flar 10 noyabr tarixind\u0259n &#8220;ASAN xidm\u0259t&#8221;, 11 noyabr tarixind\u0259n is\u0259 &#8220;ASAN Kommunal&#8221; m\u0259rk\u0259zl\u0259rin\u0259 m\u00fcraci\u0259t etm\u0259kl\u0259 m\u00fcvafiq xidm\u0259tl\u0259rd\u0259n yararlana bil\u0259rl\u0259r. &#8220;ASAN Kommunal&#8221; m\u0259rk\u0259zl\u0259rind\u0259 bazar g\u00fcn\u00fc qeyri-i\u015f g\u00fcn\u00fcd\u00fcr. Qeyd ed\u0259k ki, haz\u0131rda 15 &#8220;ASAN xidm\u0259t&#8221; m\u0259rk\u0259zi f\u0259aliyy\u0259t g\u00f6st\u0259rir. Onlardan 5-i paytaxtda olmaqla, dig\u0259rl\u0259ri Sumqay\u0131t, G\u0259nc\u0259, Sabirabad, B\u0259rd\u0259, Q\u0259b\u0259l\u0259, Masall\u0131, Quba, Ming\u0259\u00e7evir, \u0130mi\u015fli v\u0259 \u015e\u0259kid\u0259dir. H\u0259m\u00e7inin Bak\u0131 \u015f\u0259h\u0259rind\u0259 \u0259haliy\u0259&hellip;<\/p>\n","protected":false},"author":2,"featured_media":93974,"comment_status":"closed","ping_status":"closed","sticky":false,"template":"","format":"standard","meta":{"om_disable_all_campaigns":false,"_monsterinsights_skip_tracking":false,"_monsterinsights_sitenote_active":false,"_monsterinsights_sitenote_note":"","_monsterinsights_sitenote_category":0},"categories":[1],"tags":[],"aioseo_notices":[],"gutentor_comment":0,"rttpg_featured_image_url":{"full":["https:\/\/arantv.az\/wp-content\/uploads\/2019\/11\/publika.az1471592396berde_asan_xidmet_300315_13.jpg",549,309,false],"landscape":["https:\/\/arantv.az\/wp-content\/uploads\/2019\/11\/publika.az1471592396berde_asan_xidmet_300315_13.jpg",549,309,false],"portraits":["https:\/\/arantv.az\/wp-content\/uploads\/2019\/11\/publika.az1471592396berde_asan_xidmet_300315_13.jpg",549,309,false],"thumbnail":["https:\/\/arantv.az\/wp-content\/uploads\/2019\/11\/publika.az1471592396berde_asan_xidmet_300315_13-150x150.jpg",150,150,true],"medium":["https:\/\/arantv.az\/wp-content\/uploads\/2019\/11\/publika.az1471592396berde_asan_xidmet_300315_13-300x169.jpg",300,169,true],"large":["https:\/\/arantv.az\/wp-content\/uploads\/2019\/11\/publika.az1471592396berde_asan_xidmet_300315_13.jpg",549,309,false],"1536x1536":["https:\/\/arantv.az\/wp-content\/uploads\/2019\/11\/publika.az1471592396berde_asan_xidmet_300315_13.jpg",549,309,false],"2048x2048":["https:\/\/arantv.az\/wp-content\/uploads\/2019\/11\/publika.az1471592396berde_asan_xidmet_300315_13.jpg",549,309,false],"post-thumbnail":["https:\/\/arantv.az\/wp-content\/uploads\/2019\/11\/publika.az1471592396berde_asan_xidmet_300315_13-240x172.jpg",240,172,true],"advps-thumb-one":["https:\/\/arantv.az\/wp-content\/uploads\/2019\/11\/publika.az1471592396berde_asan_xidmet_300315_13.jpg",549,309,false]},"rttpg_author":{"display_name":"V\u00fcsal Rafiqo\u011flu","author_link":"https:\/\/arantv.az\/?author=2"},"rttpg_comment":0,"rttpg_category":"<a href=\"https:\/\/arantv.az\/?cat=1\" rel=\"category\">C\u0259miyy\u0259t<\/a>","rttpg_excerpt":"9 noyabr \u2013 Az\u0259rbaycan\u0131n D\u00f6vl\u0259t Bayra\u011f\u0131 G\u00fcn\u00fc il\u0259 \u0259laq\u0259dar &#8220;ASAN xidm\u0259t&#8221; v\u0259 &#8220;ASAN Kommunal&#8221; m\u0259rk\u0259zl\u0259rind\u0259 qeyri-i\u015f g\u00fcn\u00fc olacaq. ARANTV.AZ\u00a0x\u0259b\u0259r verir ki, Prezident yan\u0131nda V\u0259t\u0259nda\u015flara Xidm\u0259t v\u0259 Sosial \u0130nnovasiyalar \u00fczr\u0259 D\u00f6vl\u0259t Agentliyind\u0259n veril\u0259n m\u0259lumata g\u00f6r\u0259, v\u0259t\u0259nda\u015flar 10 noyabr tarixind\u0259n &#8220;ASAN xidm\u0259t&#8221;, 11 noyabr tarixind\u0259n is\u0259 &#8220;ASAN Kommunal&#8221; m\u0259rk\u0259zl\u0259rin\u0259 m\u00fcraci\u0259t etm\u0259kl\u0259 m\u00fcvafiq xidm\u0259tl\u0259rd\u0259n yararlana bil\u0259rl\u0259r. &#8220;ASAN Kommunal&#8221;&hellip;","_links":{"self":[{"href":"https:\/\/arantv.az\/index.php?rest_route=\/wp\/v2\/posts\/93973"}],"collection":[{"href":"https:\/\/arantv.az\/index.php?rest_route=\/wp\/v2\/posts"}],"about":[{"href":"https:\/\/arantv.az\/index.php?rest_route=\/wp\/v2\/types\/post"}],"author":[{"embeddable":true,"href":"https:\/\/arantv.az\/index.php?rest_route=\/wp\/v2\/users\/2"}],"replies":[{"embeddable":true,"href":"https:\/\/arantv.az\/index.php?rest_route=%2Fwp%2Fv2%2Fcomments&post=93973"}],"version-history":[{"count":0,"href":"https:\/\/arantv.az\/index.php?rest_route=\/wp\/v2\/posts\/93973\/revisions"}],"wp:featuredmedia":[{"embeddable":true,"href":"https:\/\/arantv.az\/index.php?rest_route=\/wp\/v2\/media\/93974"}],"wp:attachment":[{"href":"https:\/\/arantv.az\/index.php?rest_route=%2Fwp%2Fv2%2Fmedia&parent=93973"}],"wp:term":[{"taxonomy":"category","embeddable":true,"href":"https:\/\/arantv.az\/index.php?rest_route=%2Fwp%2Fv2%2Fcategories&post=93973"},{"taxonomy":"post_tag","embeddable":true,"href":"https:\/\/arantv.az\/index.php?rest_route=%2Fwp%2Fv2%2Ftags&post=93973"}],"curies":[{"name":"wp","href":"https:\/\/api.w.org\/{rel}","templated":true}]}}