{"id":94005,"date":"2019-11-08T12:40:55","date_gmt":"2019-11-08T09:40:55","guid":{"rendered":"http:\/\/arantv.az\/?p=94005"},"modified":"2019-11-08T12:40:55","modified_gmt":"2019-11-08T09:40:55","slug":"baki-sakinl%c9%99rin%c9%99-sad-x%c9%99b%c9%99r-sabahdan-etibar%c9%99n-baslayir","status":"publish","type":"post","link":"https:\/\/arantv.az\/?p=94005","title":{"rendered":"Bak\u0131 sakinl\u0259rin\u0259 \u015eAD X\u018fB\u018fR: sabahdan etibar\u0259n ba\u015flay\u0131r"},"content":{"rendered":"<p><strong>09.11.2019 tarixind\u0259 s\u0259h\u0259r saatlar\u0131ndan &#8220;Koro\u011flu&#8221; N\u0259qliyyat M\u00fcbadil\u0259 M\u0259rk\u0259zi s\u0259rni\u015finl\u0259rin istifad\u0259sin\u0259 a\u00e7\u0131q olacaq.<\/strong><\/p>\n<p><b>ARANTV.AZ\u00a0\u00a0<\/b>x\u0259b\u0259r verir ki, bu bar\u0259d\u0259 Bak\u0131 N\u0259liyyat Agentliyi m\u0259lumat yay\u0131b.<\/p>\n<p>Bildirilib ki, \u0259traf k\u0259nd v\u0259 q\u0259s\u0259b\u0259l\u0259r el\u0259c\u0259 d\u0259, dig\u0259r m\u00fcvafiq istiqam\u0259tl\u0259r \u00fczr\u0259 mat\u015frut x\u0259tt avtobuslar\u0131 Atletl\u0259r k\u0259ndinin qar\u015f\u0131s\u0131nda yeni qurulan m\u0259rk\u0259zd\u0259n h\u0259r\u0259k\u0259t ed\u0259c\u0259k.publika.az<\/p>\n","protected":false},"excerpt":{"rendered":"<p>09.11.2019 tarixind\u0259 s\u0259h\u0259r saatlar\u0131ndan &#8220;Koro\u011flu&#8221; N\u0259qliyyat M\u00fcbadil\u0259 M\u0259rk\u0259zi s\u0259rni\u015finl\u0259rin istifad\u0259sin\u0259 a\u00e7\u0131q olacaq. ARANTV.AZ\u00a0\u00a0x\u0259b\u0259r verir ki, bu bar\u0259d\u0259 Bak\u0131 N\u0259liyyat Agentliyi m\u0259lumat yay\u0131b. Bildirilib ki, \u0259traf k\u0259nd v\u0259 q\u0259s\u0259b\u0259l\u0259r el\u0259c\u0259 d\u0259, dig\u0259r m\u00fcvafiq istiqam\u0259tl\u0259r \u00fczr\u0259 mat\u015frut x\u0259tt avtobuslar\u0131 Atletl\u0259r k\u0259ndinin qar\u015f\u0131s\u0131nda yeni qurulan m\u0259rk\u0259zd\u0259n h\u0259r\u0259k\u0259t ed\u0259c\u0259k.publika.az<\/p>\n","protected":false},"author":2,"featured_media":94006,"comment_status":"closed","ping_status":"closed","sticky":false,"template":"","format":"standard","meta":{"om_disable_all_campaigns":false,"_monsterinsights_skip_tracking":false,"_monsterinsights_sitenote_active":false,"_monsterinsights_sitenote_note":"","_monsterinsights_sitenote_category":0},"categories":[1],"tags":[],"aioseo_notices":[],"gutentor_comment":0,"rttpg_featured_image_url":{"full":["https:\/\/arantv.az\/wp-content\/uploads\/2019\/11\/baki_esas_544.jpg",800,450,false],"landscape":["https:\/\/arantv.az\/wp-content\/uploads\/2019\/11\/baki_esas_544.jpg",800,450,false],"portraits":["https:\/\/arantv.az\/wp-content\/uploads\/2019\/11\/baki_esas_544.jpg",800,450,false],"thumbnail":["https:\/\/arantv.az\/wp-content\/uploads\/2019\/11\/baki_esas_544-150x150.jpg",150,150,true],"medium":["https:\/\/arantv.az\/wp-content\/uploads\/2019\/11\/baki_esas_544-300x169.jpg",300,169,true],"large":["https:\/\/arantv.az\/wp-content\/uploads\/2019\/11\/baki_esas_544.jpg",640,360,false],"1536x1536":["https:\/\/arantv.az\/wp-content\/uploads\/2019\/11\/baki_esas_544.jpg",800,450,false],"2048x2048":["https:\/\/arantv.az\/wp-content\/uploads\/2019\/11\/baki_esas_544.jpg",800,450,false],"post-thumbnail":["https:\/\/arantv.az\/wp-content\/uploads\/2019\/11\/baki_esas_544-240x172.jpg",240,172,true],"advps-thumb-one":["https:\/\/arantv.az\/wp-content\/uploads\/2019\/11\/baki_esas_544.jpg",800,450,false]},"rttpg_author":{"display_name":"V\u00fcsal Rafiqo\u011flu","author_link":"https:\/\/arantv.az\/?author=2"},"rttpg_comment":0,"rttpg_category":"<a href=\"https:\/\/arantv.az\/?cat=1\" rel=\"category\">C\u0259miyy\u0259t<\/a>","rttpg_excerpt":"09.11.2019 tarixind\u0259 s\u0259h\u0259r saatlar\u0131ndan &#8220;Koro\u011flu&#8221; N\u0259qliyyat M\u00fcbadil\u0259 M\u0259rk\u0259zi s\u0259rni\u015finl\u0259rin istifad\u0259sin\u0259 a\u00e7\u0131q olacaq. ARANTV.AZ\u00a0\u00a0x\u0259b\u0259r verir ki, bu bar\u0259d\u0259 Bak\u0131 N\u0259liyyat Agentliyi m\u0259lumat yay\u0131b. Bildirilib ki, \u0259traf k\u0259nd v\u0259 q\u0259s\u0259b\u0259l\u0259r el\u0259c\u0259 d\u0259, dig\u0259r m\u00fcvafiq istiqam\u0259tl\u0259r \u00fczr\u0259 mat\u015frut x\u0259tt avtobuslar\u0131 Atletl\u0259r k\u0259ndinin qar\u015f\u0131s\u0131nda yeni qurulan m\u0259rk\u0259zd\u0259n h\u0259r\u0259k\u0259t ed\u0259c\u0259k.publika.az","_links":{"self":[{"href":"https:\/\/arantv.az\/index.php?rest_route=\/wp\/v2\/posts\/94005"}],"collection":[{"href":"https:\/\/arantv.az\/index.php?rest_route=\/wp\/v2\/posts"}],"about":[{"href":"https:\/\/arantv.az\/index.php?rest_route=\/wp\/v2\/types\/post"}],"author":[{"embeddable":true,"href":"https:\/\/arantv.az\/index.php?rest_route=\/wp\/v2\/users\/2"}],"replies":[{"embeddable":true,"href":"https:\/\/arantv.az\/index.php?rest_route=%2Fwp%2Fv2%2Fcomments&post=94005"}],"version-history":[{"count":0,"href":"https:\/\/arantv.az\/index.php?rest_route=\/wp\/v2\/posts\/94005\/revisions"}],"wp:featuredmedia":[{"embeddable":true,"href":"https:\/\/arantv.az\/index.php?rest_route=\/wp\/v2\/media\/94006"}],"wp:attachment":[{"href":"https:\/\/arantv.az\/index.php?rest_route=%2Fwp%2Fv2%2Fmedia&parent=94005"}],"wp:term":[{"taxonomy":"category","embeddable":true,"href":"https:\/\/arantv.az\/index.php?rest_route=%2Fwp%2Fv2%2Fcategories&post=94005"},{"taxonomy":"post_tag","embeddable":true,"href":"https:\/\/arantv.az\/index.php?rest_route=%2Fwp%2Fv2%2Ftags&post=94005"}],"curies":[{"name":"wp","href":"https:\/\/api.w.org\/{rel}","templated":true}]}}