{"id":94009,"date":"2019-11-08T13:28:22","date_gmt":"2019-11-08T10:28:22","guid":{"rendered":"http:\/\/arantv.az\/?p=94009"},"modified":"2019-11-08T13:28:22","modified_gmt":"2019-11-08T10:28:22","slug":"xaricil%c9%99rin-olk%c9%99miz%c9%99-g%c9%99lm%c9%99si-ucun-kvota-nazirl%c9%99r-kabinetin%c9%99-t%c9%99qdim-edilib-r%c9%99smi","status":"publish","type":"post","link":"https:\/\/arantv.az\/?p=94009","title":{"rendered":"Xaricil\u0259rin \u00f6lk\u0259miz\u0259 g\u0259lm\u0259si \u00fc\u00e7\u00fcn kvota Nazirl\u0259r Kabinetin\u0259 t\u0259qdim edilib &#8211; R\u018fSM\u0130"},"content":{"rendered":"<p>G\u0259l\u0259n il \u00fc\u00e7\u00fcn xaricil\u0259rin Az\u0259rbaycanda i\u015f\u0259 c\u0259lb olunmas\u0131 il\u0259 ba\u011fl\u0131 kvotan\u0131n Nazirl\u0259r Kabineti t\u0259r\u0259find\u0259n t\u0259sdiqi g\u00f6zl\u0259nirilir.<\/p>\n<p><b>ARANTV.AZ<\/b>-\u0131n m\u0259lumat\u0131na g\u00f6r\u0259, bunu \u018fm\u0259k v\u0259 \u018fhalinin Sosial M\u00fcdafi\u0259si nazirinin m\u00fcavini Anar \u018fliyev jurnalistl\u0259r\u0259 a\u00e7\u0131qlamas\u0131nda bildirib.<\/p>\n<p>Onun s\u00f6zl\u0259rin\u0259 g\u00f6r\u0259, t\u0259klifd\u0259 6725 n\u0259f\u0259r n\u0259z\u0259rd\u0259 tutulub. Amma h\u0259l\u0259lik r\u0259q\u0259m t\u0259sdiql\u0259nm\u0259yib:<\/p>\n<div id=\"AdviadNativeVideo0\" class=\"AdviadNativeVideo\"><\/div>\n<p>\u201cBiz kvotalar\u0131 m\u00fc\u0259yy\u0259n ed\u0259rk\u0259n i\u015f\u0259g\u00f6t\u00fcr\u0259nl\u0259rl\u0259 daha s\u0131x \u0259m\u0259kda\u015fl\u0131q edirik. Burada \u00e7ox ciddi n\u0259zar\u0259t var ki, o ixtisaslar se\u00e7ilsin ki, \u00f6lk\u0259mizd\u0259 olan i\u015f\u00e7i q\u00fcvv\u0259si hesab\u0131na h\u0259min \u015f\u0259xsl\u0259ri t\u0259min ed\u0259 bilmirik\u201d.<\/p>\n<p>\u201c\u00c7al\u0131\u015f\u0131r\u0131q ki, \u0259n y\u00fcks\u0259k ixtisasl\u0131 \u015f\u0259xsl\u0259r \u00f6lk\u0259miz\u0259 g\u0259tirilsin. Dig\u0259r istiqam\u0259tl\u0259rd\u0259 is\u0259 yerli \u0259m\u0259k bazar\u0131na imkanlar\u0131 hesab\u0131na biz t\u0259l\u0259bat\u0131 \u00f6d\u0259yirik\u201d, &#8211; dey\u0259 nazir m\u00fcavini qeyd edib.oxu.az<\/p>\n","protected":false},"excerpt":{"rendered":"<p>G\u0259l\u0259n il \u00fc\u00e7\u00fcn xaricil\u0259rin Az\u0259rbaycanda i\u015f\u0259 c\u0259lb olunmas\u0131 il\u0259 ba\u011fl\u0131 kvotan\u0131n Nazirl\u0259r Kabineti t\u0259r\u0259find\u0259n t\u0259sdiqi g\u00f6zl\u0259nirilir. ARANTV.AZ-\u0131n m\u0259lumat\u0131na g\u00f6r\u0259, bunu \u018fm\u0259k v\u0259 \u018fhalinin Sosial M\u00fcdafi\u0259si nazirinin m\u00fcavini Anar \u018fliyev jurnalistl\u0259r\u0259 a\u00e7\u0131qlamas\u0131nda bildirib. Onun s\u00f6zl\u0259rin\u0259 g\u00f6r\u0259, t\u0259klifd\u0259 6725 n\u0259f\u0259r n\u0259z\u0259rd\u0259 tutulub. Amma h\u0259l\u0259lik r\u0259q\u0259m t\u0259sdiql\u0259nm\u0259yib: \u201cBiz kvotalar\u0131 m\u00fc\u0259yy\u0259n ed\u0259rk\u0259n i\u015f\u0259g\u00f6t\u00fcr\u0259nl\u0259rl\u0259 daha s\u0131x \u0259m\u0259kda\u015fl\u0131q edirik. Burada \u00e7ox ciddi n\u0259zar\u0259t var ki, o ixtisaslar se\u00e7ilsin ki, \u00f6lk\u0259mizd\u0259 olan i\u015f\u00e7i q\u00fcvv\u0259si hesab\u0131na h\u0259min \u015f\u0259xsl\u0259ri t\u0259min ed\u0259 bilmirik\u201d. \u201c\u00c7al\u0131\u015f\u0131r\u0131q ki, \u0259n y\u00fcks\u0259k ixtisasl\u0131 \u015f\u0259xsl\u0259r \u00f6lk\u0259miz\u0259 g\u0259tirilsin. Dig\u0259r istiqam\u0259tl\u0259rd\u0259 is\u0259 yerli \u0259m\u0259k bazar\u0131na imkanlar\u0131 hesab\u0131na biz&hellip;<\/p>\n","protected":false},"author":2,"featured_media":94010,"comment_status":"closed","ping_status":"closed","sticky":false,"template":"","format":"standard","meta":{"om_disable_all_campaigns":false,"_monsterinsights_skip_tracking":false,"_monsterinsights_sitenote_active":false,"_monsterinsights_sitenote_note":"","_monsterinsights_sitenote_category":0},"categories":[1],"tags":[],"aioseo_notices":[],"gutentor_comment":0,"rttpg_featured_image_url":{"full":["https:\/\/arantv.az\/wp-content\/uploads\/2019\/11\/6-ways-implement-generous-job-search.jpg",560,374,false],"landscape":["https:\/\/arantv.az\/wp-content\/uploads\/2019\/11\/6-ways-implement-generous-job-search.jpg",560,374,false],"portraits":["https:\/\/arantv.az\/wp-content\/uploads\/2019\/11\/6-ways-implement-generous-job-search.jpg",560,374,false],"thumbnail":["https:\/\/arantv.az\/wp-content\/uploads\/2019\/11\/6-ways-implement-generous-job-search-150x150.jpg",150,150,true],"medium":["https:\/\/arantv.az\/wp-content\/uploads\/2019\/11\/6-ways-implement-generous-job-search-300x200.jpg",300,200,true],"large":["https:\/\/arantv.az\/wp-content\/uploads\/2019\/11\/6-ways-implement-generous-job-search.jpg",560,374,false],"1536x1536":["https:\/\/arantv.az\/wp-content\/uploads\/2019\/11\/6-ways-implement-generous-job-search.jpg",560,374,false],"2048x2048":["https:\/\/arantv.az\/wp-content\/uploads\/2019\/11\/6-ways-implement-generous-job-search.jpg",560,374,false],"post-thumbnail":["https:\/\/arantv.az\/wp-content\/uploads\/2019\/11\/6-ways-implement-generous-job-search-240x172.jpg",240,172,true],"advps-thumb-one":["https:\/\/arantv.az\/wp-content\/uploads\/2019\/11\/6-ways-implement-generous-job-search.jpg",560,374,false]},"rttpg_author":{"display_name":"V\u00fcsal Rafiqo\u011flu","author_link":"https:\/\/arantv.az\/?author=2"},"rttpg_comment":0,"rttpg_category":"<a href=\"https:\/\/arantv.az\/?cat=1\" rel=\"category\">C\u0259miyy\u0259t<\/a>","rttpg_excerpt":"G\u0259l\u0259n il \u00fc\u00e7\u00fcn xaricil\u0259rin Az\u0259rbaycanda i\u015f\u0259 c\u0259lb olunmas\u0131 il\u0259 ba\u011fl\u0131 kvotan\u0131n Nazirl\u0259r Kabineti t\u0259r\u0259find\u0259n t\u0259sdiqi g\u00f6zl\u0259nirilir. ARANTV.AZ-\u0131n m\u0259lumat\u0131na g\u00f6r\u0259, bunu \u018fm\u0259k v\u0259 \u018fhalinin Sosial M\u00fcdafi\u0259si nazirinin m\u00fcavini Anar \u018fliyev jurnalistl\u0259r\u0259 a\u00e7\u0131qlamas\u0131nda bildirib. Onun s\u00f6zl\u0259rin\u0259 g\u00f6r\u0259, t\u0259klifd\u0259 6725 n\u0259f\u0259r n\u0259z\u0259rd\u0259 tutulub. Amma h\u0259l\u0259lik r\u0259q\u0259m t\u0259sdiql\u0259nm\u0259yib: \u201cBiz kvotalar\u0131 m\u00fc\u0259yy\u0259n ed\u0259rk\u0259n i\u015f\u0259g\u00f6t\u00fcr\u0259nl\u0259rl\u0259 daha s\u0131x \u0259m\u0259kda\u015fl\u0131q edirik. Burada \u00e7ox&hellip;","_links":{"self":[{"href":"https:\/\/arantv.az\/index.php?rest_route=\/wp\/v2\/posts\/94009"}],"collection":[{"href":"https:\/\/arantv.az\/index.php?rest_route=\/wp\/v2\/posts"}],"about":[{"href":"https:\/\/arantv.az\/index.php?rest_route=\/wp\/v2\/types\/post"}],"author":[{"embeddable":true,"href":"https:\/\/arantv.az\/index.php?rest_route=\/wp\/v2\/users\/2"}],"replies":[{"embeddable":true,"href":"https:\/\/arantv.az\/index.php?rest_route=%2Fwp%2Fv2%2Fcomments&post=94009"}],"version-history":[{"count":0,"href":"https:\/\/arantv.az\/index.php?rest_route=\/wp\/v2\/posts\/94009\/revisions"}],"wp:featuredmedia":[{"embeddable":true,"href":"https:\/\/arantv.az\/index.php?rest_route=\/wp\/v2\/media\/94010"}],"wp:attachment":[{"href":"https:\/\/arantv.az\/index.php?rest_route=%2Fwp%2Fv2%2Fmedia&parent=94009"}],"wp:term":[{"taxonomy":"category","embeddable":true,"href":"https:\/\/arantv.az\/index.php?rest_route=%2Fwp%2Fv2%2Fcategories&post=94009"},{"taxonomy":"post_tag","embeddable":true,"href":"https:\/\/arantv.az\/index.php?rest_route=%2Fwp%2Fv2%2Ftags&post=94009"}],"curies":[{"name":"wp","href":"https:\/\/api.w.org\/{rel}","templated":true}]}}