{"id":94013,"date":"2019-11-08T13:30:15","date_gmt":"2019-11-08T10:30:15","guid":{"rendered":"http:\/\/arantv.az\/?p=94013"},"modified":"2019-11-08T13:30:15","modified_gmt":"2019-11-08T10:30:15","slug":"isaxtaranlar-ucun-yeni-elektron-sistem-istifad%c9%99y%c9%99-verildi","status":"publish","type":"post","link":"https:\/\/arantv.az\/?p=94013","title":{"rendered":"\u0130\u015faxtaranlar \u00fc\u00e7\u00fcn yeni elektron sistem istifad\u0259y\u0259 verildi"},"content":{"rendered":"<p>&#8220;Bu g\u00fcnd\u0259n \u018fm\u0259k v\u0259 \u018fhalinin Sosial M\u00fcdafi\u0259si Nazirliyinin m\u0259rk\u0259zl\u0259\u015fdirilmi\u015f elektron informasiya sistemind\u0259 yarad\u0131lan &#8220;M\u0259\u015f\u011fulluq&#8221; altsistemi (MAS) \u0259halinin istifad\u0259sin\u0259 verilib&#8221;.<\/p>\n<p><strong>ARANTV.AZ<\/strong>\u00a0\u00a0<a href=\"https:\/\/az.trend.az\/\" target=\"_blank\" rel=\"noopener\">Trend<\/a>-\u0259 istinad\u0259n x\u0259b\u0259r verir ki, bunu \u018fm\u0259k v\u0259 \u018fhalinin Sosial M\u00fcdafi\u0259si nazirinin m\u00fcavini Anar \u018fliyev bu g\u00fcn ke\u00e7iril\u0259n m\u0259tbuat konfrans\u0131nda deyib.<\/p>\n<p>Onun s\u00f6zl\u0259rin\u0259 g\u00f6r\u0259, bu sistem d\u00f6vl\u0259t m\u0259\u015f\u011fulluq xidm\u0259tl\u0259rinin real vaxt rejimind\u0259 \u00e7evikliyinin t\u0259min edilm\u0259sin\u0259 v\u0259 \u0259m\u0259k bazar\u0131 i\u015ftirak\u00e7\u0131lar\u0131 \u00fc\u00e7\u00fcn \u0259l\u00e7atanl\u0131\u011f\u0131n\u0131n v\u0259 effektivliyinin, \u00fcmum\u0259n \u0259m\u0259k bazar\u0131nda rolunun art\u0131r\u0131lmas\u0131na imkan verir.<\/p>\n<p>Nazir m\u00fcavini qeyd edib ki, Prezident \u0130lham \u018fliyevin tap\u015f\u0131r\u0131qlar\u0131na \u0259sas\u0259n, sosial sah\u0259d\u0259 apar\u0131lan geni\u015f miqyasl\u0131 islahatlar\u0131n bir istiqam\u0259ti d\u00f6vl\u0259t m\u0259\u015f\u011fulluq xidm\u0259tl\u0259rini \u0259hat\u0259 edir. M\u0259qs\u0259d d\u00f6vl\u0259t m\u0259\u015f\u011fulluq xidm\u0259tl\u0259rinin innovativ yana\u015fmalar v\u0259 m\u00fcasir texnologiyalar \u00fcz\u0259rind\u0259 keyfiyy\u0259tinin v\u0259 \u00e7evikliyinin art\u0131r\u0131lmas\u0131d\u0131r. D\u00f6vl\u0259t ba\u015f\u00e7\u0131s\u0131n\u0131n 5 sentyabr 2018-ci il tarixli m\u00fcvafiq F\u0259rman\u0131na \u0259sas\u0259n \u018fm\u0259k v\u0259 \u018fhalinin Sosial M\u00fcdafi\u0259si Nazirliyinin m\u0259rk\u0259zl\u0259\u015fdirilmi\u015f elektron informasiya sistemind\u0259 yarad\u0131lan MAS bu m\u0259qs\u0259d\u0259 xidm\u0259t ed\u0259n bir add\u0131md\u0131r.<\/p>\n<p>MAS-\u0131n \u0259m\u0259k bazar\u0131nda m\u00f6vcud olan vakansiyalar \u00fczr\u0259 m\u0259lumat bank\u0131na malik oldu\u011funu qeyd ed\u0259n A.\u018fliyev altsistemin i\u015fsiz v\u0259 i\u015faxtaran v\u0259t\u0259nda\u015flara vakansiya bank\u0131na birba\u015fa \u00e7\u0131x\u0131\u015f v\u0259 \u0259m\u0259k bacar\u0131qlar\u0131na uy\u011fun vakant yerl\u0259ri \u00fczr\u0259 birba\u015fa m\u00fcraci\u0259t imkan\u0131 verdiyini diqq\u0259t\u0259 \u00e7atd\u0131r\u0131b. O bildirib ki, MAS i\u015fsiz v\u0259 i\u015faxtaranlar bar\u0259d\u0259 real m\u0259nz\u0259r\u0259ni \u0259ks etdir\u0259n v\u0259 daim yenil\u0259n\u0259n m\u0259lumat bazas\u0131na malikdir v\u0259 bu baza daim yenil\u0259nir:<\/p>\n<div>\n<div id=\"AdviadNativeVideo0\" class=\"AdviadNativeVideo\"><\/div>\n<\/div>\n<p>&#8220;MAS i\u015f\u0259g\u00f6t\u00fcr\u0259nl\u0259r \u00fc\u00e7\u00fcn d\u0259 t\u0259qdim etdikl\u0259ri vakant i\u015f yerl\u0259rin\u0259 vaxt itkisi olmadan q\u0131sa vaxt \u0259rzind\u0259 uy\u011fun namiz\u0259di tapa bilm\u0259y\u0259, n\u0259tic\u0259d\u0259, i\u015f\u0259g\u00f6t\u00fcr\u0259nl\u0259rin bu v\u0259 ya dig\u0259r pe\u015f\u0259 v\u0259 ixtisaslar \u00fczr\u0259 i\u015f\u00e7i q\u00fcvv\u0259sin\u0259 t\u0259l\u0259batlar\u0131n\u0131n \u00e7evik \u015f\u0259kild\u0259 \u00f6d\u0259nm\u0259sin\u0259 \u015f\u0259rait yarad\u0131r. Vakant i\u015f yerl\u0259rin\u0259 g\u00f6nd\u0259ri\u015fl\u0259rin verilm\u0259si prosesi elektron infrastruktur \u00fcz\u0259rind\u0259 apar\u0131l\u0131r ki, bu da i\u015f\u0259d\u00fcz\u0259lm\u0259d\u0259 v\u0259 i\u015f\u00e7i q\u0259bulunda m\u00fc\u0259yy\u0259n vaxt itkisini aradan g\u00f6t\u00fcr\u00fcr, m\u00fcasir i\u015f t\u0259rzini, \u015f\u0259ffafl\u0131\u011f\u0131 v\u0259 bu sah\u0259y\u0259 birba\u015fa n\u0259zar\u0259t mexanizmini t\u0259min edir&#8221;.<\/p>\n<p>Nazirliyin E-xidm\u0259tl\u0259r v\u0259 innovasiyalar \u015f\u00f6b\u0259sinin m\u00fcdiri K\u0259nan \u018fkp\u0259rov altsistemin t\u0259qdimat\u0131n\u0131 edib.<\/p>\n<p>Qeyd edilib ki, i\u015f\u0259g\u00f6t\u00fcr\u0259nl\u0259r yeni v\u0259 ya bo\u015f (vakant) i\u015f yerl\u0259ri bar\u0259d\u0259 m\u0259lumatlar\u0131 &#8220;M\u0259\u015f\u011fulluq haqq\u0131nda&#8221; Qanuna \u0259sas\u0259n \u0259n geci 5 (be\u015f) i\u015f g\u00fcn\u00fc m\u00fcdd\u0259tind\u0259 vakansiya bank\u0131na daxil etm\u0259lidirl\u0259r. Bunun \u00fc\u00e7\u00fcn onlar e-sosial.az \u00fcnvan\u0131na (yaxud e-gov.az \u00fcnvan\u0131na) daxil olmal\u0131, &#8220;e-Xidm\u0259tl\u0259r&#8221; b\u00f6lm\u0259sind\u0259 &#8220;Yeni i\u015f yeri v\u0259 bo\u015falan i\u015f yeri (vakansiya) bar\u0259d\u0259 m\u0259lumatlar\u0131n t\u0259qdim edilm\u0259si&#8221; elektron xidm\u0259tini se\u00e7m\u0259lidirl\u0259r. Bundan sonra &#8220;Vakansiyalar&#8221; b\u00f6lm\u0259sind\u0259ki &#8220;Yeni vakansiya&#8221; altb\u00f6lm\u0259sind\u0259 vakant i\u015f yeri bar\u0259d\u0259 m\u0259lumatlar\u0131n\u0131 daxil etm\u0259lidirl\u0259r. Sonda is\u0259 &#8220;Yadda saxla&#8221; d\u00fcym\u0259sini basmal\u0131d\u0131rlar. \u0130\u015fsiz v\u0259 i\u015faxtaranlar is\u0259 &#8220;E-sosial&#8221; v\u0259 ya &#8220;e-gov.az&#8221; portal\u0131 vasit\u0259sil\u0259 &#8220;M\u0259\u015f\u011fulluq&#8221; altsistemin\u0259 daxil olur, vakansiyalarla tan\u0131\u015f olur v\u0259 \u00f6z\u00fcn\u00fcn i\u015f \u00fc\u00e7\u00fcn m\u00fcraci\u0259t anketini formala\u015fd\u0131r\u0131r. Bundan sonra M\u0259\u015f\u011fulluq m\u0259rk\u0259zinin onun \u00fc\u00e7\u00fcn t\u0259klif etdiyi i\u015fl\u0259rd\u0259n \u00f6z\u00fcn\u0259 uy\u011fun olan\u0131 se\u00e7\u0259r\u0259k i\u015f\u0259 dair g\u00f6nd\u0259ri\u015fi t\u0259sdiq edir. T\u0259sdiq edilmi\u015f g\u00f6nd\u0259ri\u015f aidiyy\u0259ti i\u015f\u0259g\u00f6t\u00fcr\u0259n\u0259 g\u00f6nd\u0259rilir v\u0259 o, i\u015fsiz v\u0259 ya i\u015faxtaran\u0131 d\u0259v\u0259t ed\u0259r\u0259k onunla \u0259m\u0259k m\u00fcavil\u0259si ba\u011flay\u0131r. \u0130\u015fsiz v\u0259 i\u015faxtaranlara altsistemd\u0259 dig\u0259r aktiv m\u0259\u015f\u011fulluq layih\u0259l\u0259rind\u0259n (\u00f6z\u00fcn\u00fcm\u0259\u015f\u011fulluq v\u0259 ya &#8220;\u0130\u015fsizin DOSTu&#8221; proqram\u0131, yaxud pe\u015f\u0259 haz\u0131rl\u0131\u011f\u0131, pe\u015f\u0259y\u00f6n\u00fcm\u00fc m\u0259sl\u0259h\u0259t t\u0259dbirl\u0259ri v\u0259 s.) birini se\u00e7m\u0259k imkan\u0131 da verilir.<\/p>\n","protected":false},"excerpt":{"rendered":"<p>&#8220;Bu g\u00fcnd\u0259n \u018fm\u0259k v\u0259 \u018fhalinin Sosial M\u00fcdafi\u0259si Nazirliyinin m\u0259rk\u0259zl\u0259\u015fdirilmi\u015f elektron informasiya sistemind\u0259 yarad\u0131lan &#8220;M\u0259\u015f\u011fulluq&#8221; altsistemi (MAS) \u0259halinin istifad\u0259sin\u0259 verilib&#8221;. ARANTV.AZ\u00a0\u00a0Trend-\u0259 istinad\u0259n x\u0259b\u0259r verir ki, bunu \u018fm\u0259k v\u0259 \u018fhalinin Sosial M\u00fcdafi\u0259si nazirinin m\u00fcavini Anar \u018fliyev bu g\u00fcn ke\u00e7iril\u0259n m\u0259tbuat konfrans\u0131nda deyib. Onun s\u00f6zl\u0259rin\u0259 g\u00f6r\u0259, bu sistem d\u00f6vl\u0259t m\u0259\u015f\u011fulluq xidm\u0259tl\u0259rinin real vaxt rejimind\u0259 \u00e7evikliyinin t\u0259min edilm\u0259sin\u0259 v\u0259 \u0259m\u0259k bazar\u0131 i\u015ftirak\u00e7\u0131lar\u0131 \u00fc\u00e7\u00fcn \u0259l\u00e7atanl\u0131\u011f\u0131n\u0131n v\u0259 effektivliyinin, \u00fcmum\u0259n \u0259m\u0259k bazar\u0131nda rolunun art\u0131r\u0131lmas\u0131na imkan verir. Nazir m\u00fcavini qeyd edib ki, Prezident \u0130lham \u018fliyevin tap\u015f\u0131r\u0131qlar\u0131na \u0259sas\u0259n, sosial sah\u0259d\u0259 apar\u0131lan geni\u015f miqyasl\u0131 islahatlar\u0131n bir istiqam\u0259ti d\u00f6vl\u0259t m\u0259\u015f\u011fulluq xidm\u0259tl\u0259rini&hellip;<\/p>\n","protected":false},"author":2,"featured_media":94014,"comment_status":"closed","ping_status":"closed","sticky":false,"template":"","format":"standard","meta":{"om_disable_all_campaigns":false,"_monsterinsights_skip_tracking":false,"_monsterinsights_sitenote_active":false,"_monsterinsights_sitenote_note":"","_monsterinsights_sitenote_category":0},"categories":[1],"tags":[],"aioseo_notices":[],"gutentor_comment":0,"rttpg_featured_image_url":{"full":["https:\/\/arantv.az\/wp-content\/uploads\/2019\/11\/internet_789.jpg",482,361,false],"landscape":["https:\/\/arantv.az\/wp-content\/uploads\/2019\/11\/internet_789.jpg",482,361,false],"portraits":["https:\/\/arantv.az\/wp-content\/uploads\/2019\/11\/internet_789.jpg",482,361,false],"thumbnail":["https:\/\/arantv.az\/wp-content\/uploads\/2019\/11\/internet_789-150x150.jpg",150,150,true],"medium":["https:\/\/arantv.az\/wp-content\/uploads\/2019\/11\/internet_789-300x225.jpg",300,225,true],"large":["https:\/\/arantv.az\/wp-content\/uploads\/2019\/11\/internet_789.jpg",482,361,false],"1536x1536":["https:\/\/arantv.az\/wp-content\/uploads\/2019\/11\/internet_789.jpg",482,361,false],"2048x2048":["https:\/\/arantv.az\/wp-content\/uploads\/2019\/11\/internet_789.jpg",482,361,false],"post-thumbnail":["https:\/\/arantv.az\/wp-content\/uploads\/2019\/11\/internet_789-240x172.jpg",240,172,true],"advps-thumb-one":["https:\/\/arantv.az\/wp-content\/uploads\/2019\/11\/internet_789.jpg",482,361,false]},"rttpg_author":{"display_name":"V\u00fcsal Rafiqo\u011flu","author_link":"https:\/\/arantv.az\/?author=2"},"rttpg_comment":0,"rttpg_category":"<a href=\"https:\/\/arantv.az\/?cat=1\" rel=\"category\">C\u0259miyy\u0259t<\/a>","rttpg_excerpt":"&#8220;Bu g\u00fcnd\u0259n \u018fm\u0259k v\u0259 \u018fhalinin Sosial M\u00fcdafi\u0259si Nazirliyinin m\u0259rk\u0259zl\u0259\u015fdirilmi\u015f elektron informasiya sistemind\u0259 yarad\u0131lan &#8220;M\u0259\u015f\u011fulluq&#8221; altsistemi (MAS) \u0259halinin istifad\u0259sin\u0259 verilib&#8221;. ARANTV.AZ\u00a0\u00a0Trend-\u0259 istinad\u0259n x\u0259b\u0259r verir ki, bunu \u018fm\u0259k v\u0259 \u018fhalinin Sosial M\u00fcdafi\u0259si nazirinin m\u00fcavini Anar \u018fliyev bu g\u00fcn ke\u00e7iril\u0259n m\u0259tbuat konfrans\u0131nda deyib. Onun s\u00f6zl\u0259rin\u0259 g\u00f6r\u0259, bu sistem d\u00f6vl\u0259t m\u0259\u015f\u011fulluq xidm\u0259tl\u0259rinin real vaxt rejimind\u0259 \u00e7evikliyinin t\u0259min edilm\u0259sin\u0259 v\u0259&hellip;","_links":{"self":[{"href":"https:\/\/arantv.az\/index.php?rest_route=\/wp\/v2\/posts\/94013"}],"collection":[{"href":"https:\/\/arantv.az\/index.php?rest_route=\/wp\/v2\/posts"}],"about":[{"href":"https:\/\/arantv.az\/index.php?rest_route=\/wp\/v2\/types\/post"}],"author":[{"embeddable":true,"href":"https:\/\/arantv.az\/index.php?rest_route=\/wp\/v2\/users\/2"}],"replies":[{"embeddable":true,"href":"https:\/\/arantv.az\/index.php?rest_route=%2Fwp%2Fv2%2Fcomments&post=94013"}],"version-history":[{"count":0,"href":"https:\/\/arantv.az\/index.php?rest_route=\/wp\/v2\/posts\/94013\/revisions"}],"wp:featuredmedia":[{"embeddable":true,"href":"https:\/\/arantv.az\/index.php?rest_route=\/wp\/v2\/media\/94014"}],"wp:attachment":[{"href":"https:\/\/arantv.az\/index.php?rest_route=%2Fwp%2Fv2%2Fmedia&parent=94013"}],"wp:term":[{"taxonomy":"category","embeddable":true,"href":"https:\/\/arantv.az\/index.php?rest_route=%2Fwp%2Fv2%2Fcategories&post=94013"},{"taxonomy":"post_tag","embeddable":true,"href":"https:\/\/arantv.az\/index.php?rest_route=%2Fwp%2Fv2%2Ftags&post=94013"}],"curies":[{"name":"wp","href":"https:\/\/api.w.org\/{rel}","templated":true}]}}