{"id":94021,"date":"2019-11-08T13:40:09","date_gmt":"2019-11-08T10:40:09","guid":{"rendered":"http:\/\/arantv.az\/?p=94021"},"modified":"2019-11-08T13:40:09","modified_gmt":"2019-11-08T10:40:09","slug":"baki-k%c9%99ndl%c9%99rin%c9%99-ged%c9%99n-avtobuslarin-dayanacagi-sabahdan-d%c9%99yisir","status":"publish","type":"post","link":"https:\/\/arantv.az\/?p=94021","title":{"rendered":"Bak\u0131 k\u0259ndl\u0259rin\u0259 ged\u0259n avtobuslar\u0131n dayanaca\u011f\u0131 sabahdan d\u0259yi\u015fir"},"content":{"rendered":"<p>Bak\u0131 N\u0259qliyyat Agentliyi x\u0259b\u0259darl\u0131q etdi.<\/p>\n<p>Noyabr\u0131n 9-da s\u0259h\u0259r saatlar\u0131ndan Koro\u011flu N\u0259qliyyat M\u00fcbadil\u0259 M\u0259rk\u0259zi s\u0259rni\u015finl\u0259rin istifad\u0259sin\u0259 a\u00e7\u0131q olacaq.<\/p>\n<div><\/div>\n<p>Bu bar\u0259d\u0259 Bak\u0131 N\u0259qliyyat Agentliyind\u0259n bildirilib.<\/p>\n<p>M\u0259lumatda qeyd olunub ki, \u0259traf k\u0259nd v\u0259 q\u0259s\u0259b\u0259l\u0259r, el\u0259c\u0259 d\u0259 dig\u0259r m\u00fcvafiq istiqam\u0259tl\u0259r \u00fczr\u0259 mar\u015frut x\u0259tt avtobuslar\u0131 Atletl\u0259r k\u0259ndinin qar\u015f\u0131s\u0131nda yeni qurulan m\u0259rk\u0259zd\u0259n h\u0259r\u0259k\u0259t ed\u0259c\u0259k.<\/p>\n","protected":false},"excerpt":{"rendered":"<p>Bak\u0131 N\u0259qliyyat Agentliyi x\u0259b\u0259darl\u0131q etdi. Noyabr\u0131n 9-da s\u0259h\u0259r saatlar\u0131ndan Koro\u011flu N\u0259qliyyat M\u00fcbadil\u0259 M\u0259rk\u0259zi s\u0259rni\u015finl\u0259rin istifad\u0259sin\u0259 a\u00e7\u0131q olacaq. Bu bar\u0259d\u0259 Bak\u0131 N\u0259qliyyat Agentliyind\u0259n bildirilib. M\u0259lumatda qeyd olunub ki, \u0259traf k\u0259nd v\u0259 q\u0259s\u0259b\u0259l\u0259r, el\u0259c\u0259 d\u0259 dig\u0259r m\u00fcvafiq istiqam\u0259tl\u0259r \u00fczr\u0259 mar\u015frut x\u0259tt avtobuslar\u0131 Atletl\u0259r k\u0259ndinin qar\u015f\u0131s\u0131nda yeni qurulan m\u0259rk\u0259zd\u0259n h\u0259r\u0259k\u0259t ed\u0259c\u0259k.<\/p>\n","protected":false},"author":2,"featured_media":94022,"comment_status":"closed","ping_status":"closed","sticky":false,"template":"","format":"standard","meta":{"om_disable_all_campaigns":false,"_monsterinsights_skip_tracking":false,"_monsterinsights_sitenote_active":false,"_monsterinsights_sitenote_note":"","_monsterinsights_sitenote_category":0},"categories":[1],"tags":[],"aioseo_notices":[],"gutentor_comment":0,"rttpg_featured_image_url":{"full":["https:\/\/arantv.az\/wp-content\/uploads\/2019\/11\/555dc5328ca05ae.jpg",549,366,false],"landscape":["https:\/\/arantv.az\/wp-content\/uploads\/2019\/11\/555dc5328ca05ae.jpg",549,366,false],"portraits":["https:\/\/arantv.az\/wp-content\/uploads\/2019\/11\/555dc5328ca05ae.jpg",549,366,false],"thumbnail":["https:\/\/arantv.az\/wp-content\/uploads\/2019\/11\/555dc5328ca05ae-150x150.jpg",150,150,true],"medium":["https:\/\/arantv.az\/wp-content\/uploads\/2019\/11\/555dc5328ca05ae-300x200.jpg",300,200,true],"large":["https:\/\/arantv.az\/wp-content\/uploads\/2019\/11\/555dc5328ca05ae.jpg",549,366,false],"1536x1536":["https:\/\/arantv.az\/wp-content\/uploads\/2019\/11\/555dc5328ca05ae.jpg",549,366,false],"2048x2048":["https:\/\/arantv.az\/wp-content\/uploads\/2019\/11\/555dc5328ca05ae.jpg",549,366,false],"post-thumbnail":["https:\/\/arantv.az\/wp-content\/uploads\/2019\/11\/555dc5328ca05ae-240x172.jpg",240,172,true],"advps-thumb-one":["https:\/\/arantv.az\/wp-content\/uploads\/2019\/11\/555dc5328ca05ae.jpg",549,366,false]},"rttpg_author":{"display_name":"V\u00fcsal Rafiqo\u011flu","author_link":"https:\/\/arantv.az\/?author=2"},"rttpg_comment":0,"rttpg_category":"<a href=\"https:\/\/arantv.az\/?cat=1\" rel=\"category\">C\u0259miyy\u0259t<\/a>","rttpg_excerpt":"Bak\u0131 N\u0259qliyyat Agentliyi x\u0259b\u0259darl\u0131q etdi. Noyabr\u0131n 9-da s\u0259h\u0259r saatlar\u0131ndan Koro\u011flu N\u0259qliyyat M\u00fcbadil\u0259 M\u0259rk\u0259zi s\u0259rni\u015finl\u0259rin istifad\u0259sin\u0259 a\u00e7\u0131q olacaq. Bu bar\u0259d\u0259 Bak\u0131 N\u0259qliyyat Agentliyind\u0259n bildirilib. M\u0259lumatda qeyd olunub ki, \u0259traf k\u0259nd v\u0259 q\u0259s\u0259b\u0259l\u0259r, el\u0259c\u0259 d\u0259 dig\u0259r m\u00fcvafiq istiqam\u0259tl\u0259r \u00fczr\u0259 mar\u015frut x\u0259tt avtobuslar\u0131 Atletl\u0259r k\u0259ndinin qar\u015f\u0131s\u0131nda yeni qurulan m\u0259rk\u0259zd\u0259n h\u0259r\u0259k\u0259t ed\u0259c\u0259k.","_links":{"self":[{"href":"https:\/\/arantv.az\/index.php?rest_route=\/wp\/v2\/posts\/94021"}],"collection":[{"href":"https:\/\/arantv.az\/index.php?rest_route=\/wp\/v2\/posts"}],"about":[{"href":"https:\/\/arantv.az\/index.php?rest_route=\/wp\/v2\/types\/post"}],"author":[{"embeddable":true,"href":"https:\/\/arantv.az\/index.php?rest_route=\/wp\/v2\/users\/2"}],"replies":[{"embeddable":true,"href":"https:\/\/arantv.az\/index.php?rest_route=%2Fwp%2Fv2%2Fcomments&post=94021"}],"version-history":[{"count":0,"href":"https:\/\/arantv.az\/index.php?rest_route=\/wp\/v2\/posts\/94021\/revisions"}],"wp:featuredmedia":[{"embeddable":true,"href":"https:\/\/arantv.az\/index.php?rest_route=\/wp\/v2\/media\/94022"}],"wp:attachment":[{"href":"https:\/\/arantv.az\/index.php?rest_route=%2Fwp%2Fv2%2Fmedia&parent=94021"}],"wp:term":[{"taxonomy":"category","embeddable":true,"href":"https:\/\/arantv.az\/index.php?rest_route=%2Fwp%2Fv2%2Fcategories&post=94021"},{"taxonomy":"post_tag","embeddable":true,"href":"https:\/\/arantv.az\/index.php?rest_route=%2Fwp%2Fv2%2Ftags&post=94021"}],"curies":[{"name":"wp","href":"https:\/\/api.w.org\/{rel}","templated":true}]}}