{"id":94069,"date":"2019-11-08T14:43:53","date_gmt":"2019-11-08T11:43:53","guid":{"rendered":"http:\/\/arantv.az\/?p=94069"},"modified":"2019-11-08T14:43:53","modified_gmt":"2019-11-08T11:43:53","slug":"az%c9%99rbaycanli-usaqlarin-qarabag-qazisi-il%c9%99-videosu-yayildi","status":"publish","type":"post","link":"https:\/\/arantv.az\/?p=94069","title":{"rendered":"Az\u0259rbaycanl\u0131 u\u015faqlar\u0131n Qaraba\u011f qazisi il\u0259 V\u0130DEOsu yay\u0131ld\u0131"},"content":{"rendered":"<div class=\"article_text\">\n<p>V\u0259t\u0259np\u0259rv\u0259r videolar haz\u0131rlamaqla Az\u0259rbaycanda m\u0259\u015fhurla\u015fan Turxan, N\u0259rgiz, Camal Museyibovlar\u0131n n\u00f6vb\u0259ti layih\u0259si 9 noyabr Az\u0259rbaycanda D\u00f6vl\u0259t Bayra\u011f\u0131 G\u00fcn\u00fcn\u0259 h\u0259sr olunub.<\/p>\n<p><strong>ARANTV.AZ<\/strong> x\u0259b\u0259r verir ki, onlar bu videoda Qaraba\u011f qazisi, 2015-ci ilin oktyabr\u0131nda d\u00f6y\u00fc\u015f tap\u015f\u0131r\u0131\u011f\u0131 yerin\u0259 yetir\u0259rk\u0259n d\u00fc\u015fm\u0259nin nam\u0259lum minas\u0131n\u0131n partlamas\u0131 n\u0259tic\u0259sind\u0259 aya\u011f\u0131n\u0131 v\u0259 g\u00f6z\u00fcn\u00fc itirmi\u015f Kamil Musavi il\u0259 birlikd\u0259 \u00e7\u0259kilibl\u0259r. \u015e\u0259hidl\u0259r Xiyaban\u0131nda \u00e7\u0259kil\u0259n videoda V\u0259t\u0259n\u0259, bayra\u011fa sevgid\u0259n b\u0259hs olunur. Sosial \u015f\u0259b\u0259k\u0259d\u0259 payla\u015f\u0131lan video h\u0259r k\u0259s t\u0259r\u0259find\u0259n maraqla qar\u015f\u0131lan\u0131b.<\/p>\n<p>Extreme Film LLC-nin layih\u0259si olan videonun idea m\u00fc\u0259llifi Tural M\u00fcseyibov, rejissoru Emin \u018fhm\u0259dov, redaktoru Sevinc \u0130sag\u0259nd\u0259rovad\u0131r.<\/p>\n<p>Xat\u0131rladaq ki, Turxan, N\u0259rgiz, Camal Museyibovlar ke\u00e7mi\u015f x\u0259b\u0259r apar\u0131c\u0131s\u0131, haz\u0131rda D\u00f6vl\u0259t D\u0259niz Agentliyinin m\u0259tbuat xidm\u0259tinin r\u0259hb\u0259ri Tural M\u00fcseyibovun \u00f6vladlar\u0131d\u0131r.<\/p>\n<div><\/div>\n<p>Milli.Az<\/p>\n<p><iframe loading=\"lazy\" src=\"https:\/\/daytube.az\/embed\/89386\" width=\"670\" height=\"400\" frameborder=\"0\" allowfullscreen=\"allowfullscreen\" data-mce-fragment=\"1\"><\/iframe><\/p>\n<\/div>\n","protected":false},"excerpt":{"rendered":"<p>V\u0259t\u0259np\u0259rv\u0259r videolar haz\u0131rlamaqla Az\u0259rbaycanda m\u0259\u015fhurla\u015fan Turxan, N\u0259rgiz, Camal Museyibovlar\u0131n n\u00f6vb\u0259ti layih\u0259si 9 noyabr Az\u0259rbaycanda D\u00f6vl\u0259t Bayra\u011f\u0131 G\u00fcn\u00fcn\u0259 h\u0259sr olunub. ARANTV.AZ x\u0259b\u0259r verir ki, onlar bu videoda Qaraba\u011f qazisi, 2015-ci ilin oktyabr\u0131nda d\u00f6y\u00fc\u015f tap\u015f\u0131r\u0131\u011f\u0131 yerin\u0259 yetir\u0259rk\u0259n d\u00fc\u015fm\u0259nin nam\u0259lum minas\u0131n\u0131n partlamas\u0131 n\u0259tic\u0259sind\u0259 aya\u011f\u0131n\u0131 v\u0259 g\u00f6z\u00fcn\u00fc itirmi\u015f Kamil Musavi il\u0259 birlikd\u0259 \u00e7\u0259kilibl\u0259r. \u015e\u0259hidl\u0259r Xiyaban\u0131nda \u00e7\u0259kil\u0259n videoda V\u0259t\u0259n\u0259, bayra\u011fa sevgid\u0259n b\u0259hs olunur. Sosial \u015f\u0259b\u0259k\u0259d\u0259 payla\u015f\u0131lan video h\u0259r k\u0259s t\u0259r\u0259find\u0259n maraqla qar\u015f\u0131lan\u0131b. Extreme Film LLC-nin layih\u0259si olan videonun idea m\u00fc\u0259llifi Tural M\u00fcseyibov, rejissoru Emin \u018fhm\u0259dov, redaktoru Sevinc \u0130sag\u0259nd\u0259rovad\u0131r. Xat\u0131rladaq ki, Turxan, N\u0259rgiz, Camal Museyibovlar ke\u00e7mi\u015f&hellip;<\/p>\n","protected":false},"author":2,"featured_media":94070,"comment_status":"closed","ping_status":"closed","sticky":false,"template":"","format":"standard","meta":{"om_disable_all_campaigns":false,"_monsterinsights_skip_tracking":false,"_monsterinsights_sitenote_active":false,"_monsterinsights_sitenote_note":"","_monsterinsights_sitenote_category":0},"categories":[1],"tags":[],"aioseo_notices":[],"gutentor_comment":0,"rttpg_featured_image_url":{"full":["https:\/\/arantv.az\/wp-content\/uploads\/2019\/11\/800739.jpg",800,600,false],"landscape":["https:\/\/arantv.az\/wp-content\/uploads\/2019\/11\/800739.jpg",800,600,false],"portraits":["https:\/\/arantv.az\/wp-content\/uploads\/2019\/11\/800739.jpg",800,600,false],"thumbnail":["https:\/\/arantv.az\/wp-content\/uploads\/2019\/11\/800739-150x150.jpg",150,150,true],"medium":["https:\/\/arantv.az\/wp-content\/uploads\/2019\/11\/800739-300x225.jpg",300,225,true],"large":["https:\/\/arantv.az\/wp-content\/uploads\/2019\/11\/800739.jpg",640,480,false],"1536x1536":["https:\/\/arantv.az\/wp-content\/uploads\/2019\/11\/800739.jpg",800,600,false],"2048x2048":["https:\/\/arantv.az\/wp-content\/uploads\/2019\/11\/800739.jpg",800,600,false],"post-thumbnail":["https:\/\/arantv.az\/wp-content\/uploads\/2019\/11\/800739-240x172.jpg",240,172,true],"advps-thumb-one":["https:\/\/arantv.az\/wp-content\/uploads\/2019\/11\/800739.jpg",800,600,false]},"rttpg_author":{"display_name":"V\u00fcsal Rafiqo\u011flu","author_link":"https:\/\/arantv.az\/?author=2"},"rttpg_comment":0,"rttpg_category":"<a href=\"https:\/\/arantv.az\/?cat=1\" rel=\"category\">C\u0259miyy\u0259t<\/a>","rttpg_excerpt":"V\u0259t\u0259np\u0259rv\u0259r videolar haz\u0131rlamaqla Az\u0259rbaycanda m\u0259\u015fhurla\u015fan Turxan, N\u0259rgiz, Camal Museyibovlar\u0131n n\u00f6vb\u0259ti layih\u0259si 9 noyabr Az\u0259rbaycanda D\u00f6vl\u0259t Bayra\u011f\u0131 G\u00fcn\u00fcn\u0259 h\u0259sr olunub. ARANTV.AZ x\u0259b\u0259r verir ki, onlar bu videoda Qaraba\u011f qazisi, 2015-ci ilin oktyabr\u0131nda d\u00f6y\u00fc\u015f tap\u015f\u0131r\u0131\u011f\u0131 yerin\u0259 yetir\u0259rk\u0259n d\u00fc\u015fm\u0259nin nam\u0259lum minas\u0131n\u0131n partlamas\u0131 n\u0259tic\u0259sind\u0259 aya\u011f\u0131n\u0131 v\u0259 g\u00f6z\u00fcn\u00fc itirmi\u015f Kamil Musavi il\u0259 birlikd\u0259 \u00e7\u0259kilibl\u0259r. \u015e\u0259hidl\u0259r Xiyaban\u0131nda \u00e7\u0259kil\u0259n videoda V\u0259t\u0259n\u0259, bayra\u011fa&hellip;","_links":{"self":[{"href":"https:\/\/arantv.az\/index.php?rest_route=\/wp\/v2\/posts\/94069"}],"collection":[{"href":"https:\/\/arantv.az\/index.php?rest_route=\/wp\/v2\/posts"}],"about":[{"href":"https:\/\/arantv.az\/index.php?rest_route=\/wp\/v2\/types\/post"}],"author":[{"embeddable":true,"href":"https:\/\/arantv.az\/index.php?rest_route=\/wp\/v2\/users\/2"}],"replies":[{"embeddable":true,"href":"https:\/\/arantv.az\/index.php?rest_route=%2Fwp%2Fv2%2Fcomments&post=94069"}],"version-history":[{"count":0,"href":"https:\/\/arantv.az\/index.php?rest_route=\/wp\/v2\/posts\/94069\/revisions"}],"wp:featuredmedia":[{"embeddable":true,"href":"https:\/\/arantv.az\/index.php?rest_route=\/wp\/v2\/media\/94070"}],"wp:attachment":[{"href":"https:\/\/arantv.az\/index.php?rest_route=%2Fwp%2Fv2%2Fmedia&parent=94069"}],"wp:term":[{"taxonomy":"category","embeddable":true,"href":"https:\/\/arantv.az\/index.php?rest_route=%2Fwp%2Fv2%2Fcategories&post=94069"},{"taxonomy":"post_tag","embeddable":true,"href":"https:\/\/arantv.az\/index.php?rest_route=%2Fwp%2Fv2%2Ftags&post=94069"}],"curies":[{"name":"wp","href":"https:\/\/api.w.org\/{rel}","templated":true}]}}