{"id":94073,"date":"2019-11-08T14:44:46","date_gmt":"2019-11-08T11:44:46","guid":{"rendered":"http:\/\/arantv.az\/?p=94073"},"modified":"2019-11-08T14:44:46","modified_gmt":"2019-11-08T11:44:46","slug":"g%c9%99l%c9%99n-il-az%c9%99rbaycanda-isl%c9%99m%c9%99k-ist%c9%99y%c9%99n-%c9%99cn%c9%99bil%c9%99r-ucun-6725-yerlik-kvota-ayrilacaq","status":"publish","type":"post","link":"https:\/\/arantv.az\/?p=94073","title":{"rendered":"G\u0259l\u0259n il Az\u0259rbaycanda i\u015fl\u0259m\u0259k ist\u0259y\u0259n \u0259cn\u0259bil\u0259r \u00fc\u00e7\u00fcn 6725 yerlik kvota ayr\u0131lacaq"},"content":{"rendered":"<p>&#8220;G\u0259l\u0259n il Az\u0259rbaycanda \u0259m\u0259k f\u0259aliyy\u0259tin\u0259 c\u0259lb olunmaq ist\u0259y\u0259n \u0259cn\u0259bil\u0259r \u00fc\u00e7\u00fcn 6725 yerlik kvotan\u0131n ayr\u0131lmas\u0131 n\u0259z\u0259rd\u0259 tutulub&#8221;.<\/p>\n<p><strong>ARANTV.AZ<\/strong>\u00a0\u00a0<a href=\"https:\/\/az.trend.az\/\" target=\"_blank\" rel=\"noopener\">Trend<\/a>-\u0259 istinad\u0259n x\u0259b\u0259r verir ki, bunu \u018fm\u0259k v\u0259 \u018fhalinin Sosial M\u00fcdafi\u0259si nazirinin m\u00fcavini Anar \u018fliyev bu g\u00fcn ke\u00e7iril\u0259n m\u0259tbuat konfrans\u0131nda deyib.<\/p>\n<p>O, art\u0131q kvotan\u0131n ayr\u0131lmas\u0131 il\u0259 ba\u011fl\u0131 Nazirl\u0259r Kabinetin\u0259 m\u00fcraci\u0259t etdikl\u0259rini, s\u0259n\u0259din t\u0259sdiqinin g\u00f6zl\u0259nildiyini s\u00f6yl\u0259yib.<\/p>\n<div>\n<div id=\"AdviadNativeVideo0\" class=\"AdviadNativeVideo\"><\/div>\n<\/div>\n<p>Nazir m\u00fcavini bildirib ki, bu kvota i\u015f\u0259g\u00f6t\u00fcr\u0259nl\u0259rl\u0259 s\u0131x \u0259m\u0259kda\u015fl\u0131q n\u0259tic\u0259sind\u0259 m\u00fc\u0259yy\u0259n edilir: &#8220;\u00d6lk\u0259mizd\u0259 b\u0259zi ixtisaslar \u00fczr\u0259 i\u015f\u00e7i q\u00fcvv\u0259sini t\u0259min ed\u0259 bilmirik. T\u0259min ed\u0259 bilm\u0259diyimiz sah\u0259l\u0259r \u00fczr\u0259 \u00e7al\u0131\u015f\u0131r\u0131q ki, \u0259n y\u00fcks\u0259k ixtisasl\u0131 \u015f\u0259xsl\u0259r g\u0259tirilsin. Dig\u0259r istiqam\u0259tl\u0259rd\u0259 is\u0259 yerli \u0259m\u0259k bazar\u0131n\u0131n imkanlar\u0131 hesab\u0131na t\u0259labat\u0131 \u00f6d\u0259yirik&#8221;.<\/p>\n","protected":false},"excerpt":{"rendered":"<p>&#8220;G\u0259l\u0259n il Az\u0259rbaycanda \u0259m\u0259k f\u0259aliyy\u0259tin\u0259 c\u0259lb olunmaq ist\u0259y\u0259n \u0259cn\u0259bil\u0259r \u00fc\u00e7\u00fcn 6725 yerlik kvotan\u0131n ayr\u0131lmas\u0131 n\u0259z\u0259rd\u0259 tutulub&#8221;. ARANTV.AZ\u00a0\u00a0Trend-\u0259 istinad\u0259n x\u0259b\u0259r verir ki, bunu \u018fm\u0259k v\u0259 \u018fhalinin Sosial M\u00fcdafi\u0259si nazirinin m\u00fcavini Anar \u018fliyev bu g\u00fcn ke\u00e7iril\u0259n m\u0259tbuat konfrans\u0131nda deyib. O, art\u0131q kvotan\u0131n ayr\u0131lmas\u0131 il\u0259 ba\u011fl\u0131 Nazirl\u0259r Kabinetin\u0259 m\u00fcraci\u0259t etdikl\u0259rini, s\u0259n\u0259din t\u0259sdiqinin g\u00f6zl\u0259nildiyini s\u00f6yl\u0259yib. Nazir m\u00fcavini bildirib ki, bu kvota i\u015f\u0259g\u00f6t\u00fcr\u0259nl\u0259rl\u0259 s\u0131x \u0259m\u0259kda\u015fl\u0131q n\u0259tic\u0259sind\u0259 m\u00fc\u0259yy\u0259n edilir: &#8220;\u00d6lk\u0259mizd\u0259 b\u0259zi ixtisaslar \u00fczr\u0259 i\u015f\u00e7i q\u00fcvv\u0259sini t\u0259min ed\u0259 bilmirik. T\u0259min ed\u0259 bilm\u0259diyimiz sah\u0259l\u0259r \u00fczr\u0259 \u00e7al\u0131\u015f\u0131r\u0131q ki, \u0259n y\u00fcks\u0259k ixtisasl\u0131 \u015f\u0259xsl\u0259r g\u0259tirilsin. Dig\u0259r istiqam\u0259tl\u0259rd\u0259 is\u0259 yerli \u0259m\u0259k bazar\u0131n\u0131n&hellip;<\/p>\n","protected":false},"author":2,"featured_media":94074,"comment_status":"closed","ping_status":"closed","sticky":false,"template":"","format":"standard","meta":{"om_disable_all_campaigns":false,"_monsterinsights_skip_tracking":false,"_monsterinsights_sitenote_active":false,"_monsterinsights_sitenote_note":"","_monsterinsights_sitenote_category":0},"categories":[1],"tags":[],"aioseo_notices":[],"gutentor_comment":0,"rttpg_featured_image_url":{"full":["https:\/\/arantv.az\/wp-content\/uploads\/2019\/11\/is_rejimi_015.jpg",800,600,false],"landscape":["https:\/\/arantv.az\/wp-content\/uploads\/2019\/11\/is_rejimi_015.jpg",800,600,false],"portraits":["https:\/\/arantv.az\/wp-content\/uploads\/2019\/11\/is_rejimi_015.jpg",800,600,false],"thumbnail":["https:\/\/arantv.az\/wp-content\/uploads\/2019\/11\/is_rejimi_015-150x150.jpg",150,150,true],"medium":["https:\/\/arantv.az\/wp-content\/uploads\/2019\/11\/is_rejimi_015-300x225.jpg",300,225,true],"large":["https:\/\/arantv.az\/wp-content\/uploads\/2019\/11\/is_rejimi_015.jpg",640,480,false],"1536x1536":["https:\/\/arantv.az\/wp-content\/uploads\/2019\/11\/is_rejimi_015.jpg",800,600,false],"2048x2048":["https:\/\/arantv.az\/wp-content\/uploads\/2019\/11\/is_rejimi_015.jpg",800,600,false],"post-thumbnail":["https:\/\/arantv.az\/wp-content\/uploads\/2019\/11\/is_rejimi_015-240x172.jpg",240,172,true],"advps-thumb-one":["https:\/\/arantv.az\/wp-content\/uploads\/2019\/11\/is_rejimi_015.jpg",800,600,false]},"rttpg_author":{"display_name":"V\u00fcsal Rafiqo\u011flu","author_link":"https:\/\/arantv.az\/?author=2"},"rttpg_comment":0,"rttpg_category":"<a href=\"https:\/\/arantv.az\/?cat=1\" rel=\"category\">C\u0259miyy\u0259t<\/a>","rttpg_excerpt":"&#8220;G\u0259l\u0259n il Az\u0259rbaycanda \u0259m\u0259k f\u0259aliyy\u0259tin\u0259 c\u0259lb olunmaq ist\u0259y\u0259n \u0259cn\u0259bil\u0259r \u00fc\u00e7\u00fcn 6725 yerlik kvotan\u0131n ayr\u0131lmas\u0131 n\u0259z\u0259rd\u0259 tutulub&#8221;. ARANTV.AZ\u00a0\u00a0Trend-\u0259 istinad\u0259n x\u0259b\u0259r verir ki, bunu \u018fm\u0259k v\u0259 \u018fhalinin Sosial M\u00fcdafi\u0259si nazirinin m\u00fcavini Anar \u018fliyev bu g\u00fcn ke\u00e7iril\u0259n m\u0259tbuat konfrans\u0131nda deyib. O, art\u0131q kvotan\u0131n ayr\u0131lmas\u0131 il\u0259 ba\u011fl\u0131 Nazirl\u0259r Kabinetin\u0259 m\u00fcraci\u0259t etdikl\u0259rini, s\u0259n\u0259din t\u0259sdiqinin g\u00f6zl\u0259nildiyini s\u00f6yl\u0259yib. Nazir m\u00fcavini bildirib ki,&hellip;","_links":{"self":[{"href":"https:\/\/arantv.az\/index.php?rest_route=\/wp\/v2\/posts\/94073"}],"collection":[{"href":"https:\/\/arantv.az\/index.php?rest_route=\/wp\/v2\/posts"}],"about":[{"href":"https:\/\/arantv.az\/index.php?rest_route=\/wp\/v2\/types\/post"}],"author":[{"embeddable":true,"href":"https:\/\/arantv.az\/index.php?rest_route=\/wp\/v2\/users\/2"}],"replies":[{"embeddable":true,"href":"https:\/\/arantv.az\/index.php?rest_route=%2Fwp%2Fv2%2Fcomments&post=94073"}],"version-history":[{"count":0,"href":"https:\/\/arantv.az\/index.php?rest_route=\/wp\/v2\/posts\/94073\/revisions"}],"wp:featuredmedia":[{"embeddable":true,"href":"https:\/\/arantv.az\/index.php?rest_route=\/wp\/v2\/media\/94074"}],"wp:attachment":[{"href":"https:\/\/arantv.az\/index.php?rest_route=%2Fwp%2Fv2%2Fmedia&parent=94073"}],"wp:term":[{"taxonomy":"category","embeddable":true,"href":"https:\/\/arantv.az\/index.php?rest_route=%2Fwp%2Fv2%2Fcategories&post=94073"},{"taxonomy":"post_tag","embeddable":true,"href":"https:\/\/arantv.az\/index.php?rest_route=%2Fwp%2Fv2%2Ftags&post=94073"}],"curies":[{"name":"wp","href":"https:\/\/api.w.org\/{rel}","templated":true}]}}