{"id":94077,"date":"2019-11-08T14:45:55","date_gmt":"2019-11-08T11:45:55","guid":{"rendered":"http:\/\/arantv.az\/?p=94077"},"modified":"2019-11-08T14:45:55","modified_gmt":"2019-11-08T11:45:55","slug":"bu-s%c9%99xsl%c9%99rin-kvota-il%c9%99-is%c9%99-q%c9%99buluna-elektron-qaydada-n%c9%99zar%c9%99t-edil%c9%99c%c9%99k","status":"publish","type":"post","link":"https:\/\/arantv.az\/?p=94077","title":{"rendered":"Bu \u015f\u0259xsl\u0259rin kvota il\u0259 i\u015f\u0259 q\u0259buluna elektron qaydada n\u0259zar\u0259t edil\u0259c\u0259k"},"content":{"rendered":"<p>&#8220;\u018fm\u0259k v\u0259 \u018fhalinin Sosial M\u00fcdafi\u0259si Nazirliyi (\u018f\u018fSMN) yeni yarad\u0131lan &#8220;M\u0259\u015f\u011fulluq&#8221; alt sistemi vasit\u0259sil\u0259 m\u00fc\u0259ssis\u0259l\u0259rd\u0259 m\u00fc\u0259yy\u0259n kateqoriyal\u0131 \u015f\u0259xsl\u0259rin i\u015f\u0259 g\u00f6t\u00fcr\u00fclm\u0259si \u00fc\u00e7\u00fcn ayr\u0131lan kvotaya n\u0259zar\u0259ti elektron qaydada h\u0259yata ke\u00e7ir\u0259c\u0259k&#8221;.<\/p>\n<p><strong>ARANTV.AZ<\/strong>\u00a0\u00a0<a href=\"https:\/\/az.trend.az\/\" target=\"_blank\" rel=\"noopener\">Trend<\/a>-\u0259 istinad\u0259n x\u0259b\u0259r verir ki, bunu \u018fm\u0259k v\u0259 \u018fhalinin Sosial M\u00fcdafi\u0259si nazirinin m\u00fcavini Anar \u018fliyev bu g\u00fcn ke\u00e7iril\u0259n m\u0259tbuat konfrans\u0131nda deyib.<\/p>\n<p>Onun s\u00f6zl\u0259rin\u0259 g\u00f6r\u0259, m\u00f6vcud qanunvericiliy\u0259 \u0259sas\u0259n, x\u00fcsusi qay\u011f\u0131ya ehtiyac\u0131 olan \u015f\u0259xsl\u0259rin, x\u00fcsusil\u0259 \u0259lilliyi olan \u015f\u0259xsl\u0259rin i\u015f\u0259 q\u0259bulu kvota \u0259sas\u0131nda h\u0259yata ke\u00e7irilir. Bu kvota m\u00fc\u0259ssis\u0259l\u0259rd\u0259ki i\u015f yerl\u0259rinin 5 faizi h\u0259cmind\u0259 m\u00fc\u0259yy\u0259n edilib:<\/p>\n<p>&#8220;Yerli m\u0259\u015f\u011fulluq xidm\u0259ti t\u0259r\u0259find\u0259n yerl\u0259rd\u0259 m\u0259\u015f\u011fulluq proqramlar\u0131 h\u0259yata ke\u00e7irilir. H\u0259min proqramlarda bu kvotaya aid olan m\u00fc\u0259ssis\u0259l\u0259rin siyah\u0131s\u0131 m\u00fc\u0259yy\u0259n olunur v\u0259 kvota \u0259sas\u0131nda \u015f\u0259xsl\u0259rin i\u015f\u0259 q\u0259bulu apar\u0131l\u0131r. Biz dey\u0259 bil\u0259rik ki, bu sah\u0259d\u0259 i\u015fl\u0259r apar\u0131l\u0131r v\u0259 ciddi problem yoxdur&#8221; .<\/p>\n<div>\n<div id=\"AdviadNativeVideo0\" class=\"AdviadNativeVideo\"><\/div>\n<\/div>\n<p>A.\u018fliyev \u0259lav\u0259 edib ki, h\u0259m &#8220;M\u0259\u015f\u011fulluq haqq\u0131nda&#8221; qanunda, h\u0259m d\u0259 \u018f\u018fSMN-nin &#8220;M\u0259\u015f\u011fulluq&#8221; alt sistemind\u0259 i\u015f\u0259g\u00f6t\u00fcr\u0259nl\u0259r \u00fc\u00e7\u00fcn ona t\u0259klif olunan namiz\u0259dl\u0259rin m\u0259cburi qaydada i\u015f\u0259 q\u0259bul olunmas\u0131 il\u0259 ba\u011fl\u0131 he\u00e7 bir mexanizm yoxdur: &#8220;S\u00f6hb\u0259t ondan gedir ki, ist\u0259nil\u0259n i\u015faxtaran \u015f\u0259xsl\u0259 ba\u011fl\u0131 m\u0259lumat i\u015f\u0259g\u00f6t\u00fcr\u0259nl\u0259rin \u015f\u0259xsi kabinetin\u0259 g\u00f6nd\u0259rilir. Amma i\u015f\u0259g\u00f6t\u00fcr\u0259n namiz\u0259di b\u0259y\u0259ndiyi t\u0259qdird\u0259 g\u00f6nd\u0259ri\u015fi t\u0259sdiq edir, y\u0259ni bununla ba\u011fl\u0131 bir m\u0259hdudiyy\u0259t yoxdur&#8221;.<\/p>\n","protected":false},"excerpt":{"rendered":"<p>&#8220;\u018fm\u0259k v\u0259 \u018fhalinin Sosial M\u00fcdafi\u0259si Nazirliyi (\u018f\u018fSMN) yeni yarad\u0131lan &#8220;M\u0259\u015f\u011fulluq&#8221; alt sistemi vasit\u0259sil\u0259 m\u00fc\u0259ssis\u0259l\u0259rd\u0259 m\u00fc\u0259yy\u0259n kateqoriyal\u0131 \u015f\u0259xsl\u0259rin i\u015f\u0259 g\u00f6t\u00fcr\u00fclm\u0259si \u00fc\u00e7\u00fcn ayr\u0131lan kvotaya n\u0259zar\u0259ti elektron qaydada h\u0259yata ke\u00e7ir\u0259c\u0259k&#8221;. ARANTV.AZ\u00a0\u00a0Trend-\u0259 istinad\u0259n x\u0259b\u0259r verir ki, bunu \u018fm\u0259k v\u0259 \u018fhalinin Sosial M\u00fcdafi\u0259si nazirinin m\u00fcavini Anar \u018fliyev bu g\u00fcn ke\u00e7iril\u0259n m\u0259tbuat konfrans\u0131nda deyib. Onun s\u00f6zl\u0259rin\u0259 g\u00f6r\u0259, m\u00f6vcud qanunvericiliy\u0259 \u0259sas\u0259n, x\u00fcsusi qay\u011f\u0131ya ehtiyac\u0131 olan \u015f\u0259xsl\u0259rin, x\u00fcsusil\u0259 \u0259lilliyi olan \u015f\u0259xsl\u0259rin i\u015f\u0259 q\u0259bulu kvota \u0259sas\u0131nda h\u0259yata ke\u00e7irilir. Bu kvota m\u00fc\u0259ssis\u0259l\u0259rd\u0259ki i\u015f yerl\u0259rinin 5 faizi h\u0259cmind\u0259 m\u00fc\u0259yy\u0259n edilib: &#8220;Yerli m\u0259\u015f\u011fulluq xidm\u0259ti t\u0259r\u0259find\u0259n yerl\u0259rd\u0259 m\u0259\u015f\u011fulluq proqramlar\u0131 h\u0259yata ke\u00e7irilir. H\u0259min proqramlarda&hellip;<\/p>\n","protected":false},"author":2,"featured_media":94078,"comment_status":"closed","ping_status":"closed","sticky":false,"template":"","format":"standard","meta":{"om_disable_all_campaigns":false,"_monsterinsights_skip_tracking":false,"_monsterinsights_sitenote_active":false,"_monsterinsights_sitenote_note":"","_monsterinsights_sitenote_category":0},"categories":[1],"tags":[],"aioseo_notices":[],"gutentor_comment":0,"rttpg_featured_image_url":{"full":["https:\/\/arantv.az\/wp-content\/uploads\/2019\/11\/800769.jpg",800,600,false],"landscape":["https:\/\/arantv.az\/wp-content\/uploads\/2019\/11\/800769.jpg",800,600,false],"portraits":["https:\/\/arantv.az\/wp-content\/uploads\/2019\/11\/800769.jpg",800,600,false],"thumbnail":["https:\/\/arantv.az\/wp-content\/uploads\/2019\/11\/800769-150x150.jpg",150,150,true],"medium":["https:\/\/arantv.az\/wp-content\/uploads\/2019\/11\/800769-300x225.jpg",300,225,true],"large":["https:\/\/arantv.az\/wp-content\/uploads\/2019\/11\/800769.jpg",640,480,false],"1536x1536":["https:\/\/arantv.az\/wp-content\/uploads\/2019\/11\/800769.jpg",800,600,false],"2048x2048":["https:\/\/arantv.az\/wp-content\/uploads\/2019\/11\/800769.jpg",800,600,false],"post-thumbnail":["https:\/\/arantv.az\/wp-content\/uploads\/2019\/11\/800769-240x172.jpg",240,172,true],"advps-thumb-one":["https:\/\/arantv.az\/wp-content\/uploads\/2019\/11\/800769.jpg",800,600,false]},"rttpg_author":{"display_name":"V\u00fcsal Rafiqo\u011flu","author_link":"https:\/\/arantv.az\/?author=2"},"rttpg_comment":0,"rttpg_category":"<a href=\"https:\/\/arantv.az\/?cat=1\" rel=\"category\">C\u0259miyy\u0259t<\/a>","rttpg_excerpt":"&#8220;\u018fm\u0259k v\u0259 \u018fhalinin Sosial M\u00fcdafi\u0259si Nazirliyi (\u018f\u018fSMN) yeni yarad\u0131lan &#8220;M\u0259\u015f\u011fulluq&#8221; alt sistemi vasit\u0259sil\u0259 m\u00fc\u0259ssis\u0259l\u0259rd\u0259 m\u00fc\u0259yy\u0259n kateqoriyal\u0131 \u015f\u0259xsl\u0259rin i\u015f\u0259 g\u00f6t\u00fcr\u00fclm\u0259si \u00fc\u00e7\u00fcn ayr\u0131lan kvotaya n\u0259zar\u0259ti elektron qaydada h\u0259yata ke\u00e7ir\u0259c\u0259k&#8221;. ARANTV.AZ\u00a0\u00a0Trend-\u0259 istinad\u0259n x\u0259b\u0259r verir ki, bunu \u018fm\u0259k v\u0259 \u018fhalinin Sosial M\u00fcdafi\u0259si nazirinin m\u00fcavini Anar \u018fliyev bu g\u00fcn ke\u00e7iril\u0259n m\u0259tbuat konfrans\u0131nda deyib. Onun s\u00f6zl\u0259rin\u0259 g\u00f6r\u0259, m\u00f6vcud qanunvericiliy\u0259 \u0259sas\u0259n, x\u00fcsusi&hellip;","_links":{"self":[{"href":"https:\/\/arantv.az\/index.php?rest_route=\/wp\/v2\/posts\/94077"}],"collection":[{"href":"https:\/\/arantv.az\/index.php?rest_route=\/wp\/v2\/posts"}],"about":[{"href":"https:\/\/arantv.az\/index.php?rest_route=\/wp\/v2\/types\/post"}],"author":[{"embeddable":true,"href":"https:\/\/arantv.az\/index.php?rest_route=\/wp\/v2\/users\/2"}],"replies":[{"embeddable":true,"href":"https:\/\/arantv.az\/index.php?rest_route=%2Fwp%2Fv2%2Fcomments&post=94077"}],"version-history":[{"count":0,"href":"https:\/\/arantv.az\/index.php?rest_route=\/wp\/v2\/posts\/94077\/revisions"}],"wp:featuredmedia":[{"embeddable":true,"href":"https:\/\/arantv.az\/index.php?rest_route=\/wp\/v2\/media\/94078"}],"wp:attachment":[{"href":"https:\/\/arantv.az\/index.php?rest_route=%2Fwp%2Fv2%2Fmedia&parent=94077"}],"wp:term":[{"taxonomy":"category","embeddable":true,"href":"https:\/\/arantv.az\/index.php?rest_route=%2Fwp%2Fv2%2Fcategories&post=94077"},{"taxonomy":"post_tag","embeddable":true,"href":"https:\/\/arantv.az\/index.php?rest_route=%2Fwp%2Fv2%2Ftags&post=94077"}],"curies":[{"name":"wp","href":"https:\/\/api.w.org\/{rel}","templated":true}]}}