{"id":94098,"date":"2019-11-08T14:57:28","date_gmt":"2019-11-08T11:57:28","guid":{"rendered":"http:\/\/arantv.az\/?p=94098"},"modified":"2019-11-08T14:57:28","modified_gmt":"2019-11-08T11:57:28","slug":"r%c9%99smi-bakidan-mnatsakanyana-cavab","status":"publish","type":"post","link":"https:\/\/arantv.az\/?p=94098","title":{"rendered":"R\u0259smi Bak\u0131dan Mnatsakanyana &#8211; CAVAB"},"content":{"rendered":"<p>\u018fslind\u0259, Erm\u0259nistan Xarici \u0130\u015fl\u0259r naziri (Z\u00f6hrab Mnatsakanyan) yeni he\u00e7 bir fikir s\u00f6yl\u0259m\u0259yib. M\u0259s\u0259l\u0259nin beyn\u0259lxalq h\u00fcquqi t\u0259r\u0259fini bir k\u0259nara qoyaq, bu, he\u00e7 normal d\u00fc\u015f\u00fcnc\u0259 \u00e7\u0259r\u00e7iv\u0259sin\u0259 bel\u0259 s\u0131\u011fm\u0131r.<\/p>\n<p><strong>ARANTV.AZ<\/strong>-\u0131n m\u0259lumat\u0131na g\u00f6r\u0259, bunu Xarici \u0130\u015fl\u0259r Nazirliyinin m\u0259tbuat katibi Leyla Abdullayeva deyib.<\/p>\n<p>O bildirib ki, bir \u00f6lk\u0259 qanunsuz \u015f\u0259kild\u0259 dig\u0259r \u00f6lk\u0259nin \u0259razil\u0259rini i\u015f\u011fal edir, bu \u0259razil\u0259rd\u0259 tarix\u0259n ya\u015fayan yerli az\u0259rbaycanl\u0131lar\u0131 etnik t\u0259mizl\u0259m\u0259y\u0259 m\u0259ruz qoyur. Sonra da iddia edir ki, \u201cbu \u0259razil\u0259rd\u0259 ya\u015fayan 150.000 erm\u0259ninin t\u0259hl\u00fck\u0259sizlik problemi var.<\/p>\n<div id=\"AdviadNativeVideo0\" class=\"AdviadNativeVideo\"><\/div>\n<p>\u201cBu erm\u0259nil\u0259rin ail\u0259l\u0259ri, evl\u0259ri, adlar\u0131 oldu\u011funu s\u0259sl\u0259ndir\u0259n erm\u0259ni nazir g\u00f6r\u0259s\u0259n \u00f6z \u00f6lk\u0259sinin t\u0259cav\u00fczkar siyas\u0259ti n\u0259tic\u0259sind\u0259 1 milyondan art\u0131q az\u0259rbaycanl\u0131n\u0131n evl\u0259rind\u0259n m\u0259hrum oldu\u011funu, ail\u0259l\u0259rinin param- par\u00e7a oldu\u011funu, adlar\u0131n\u0131n m\u0259cburi k\u00f6\u00e7k\u00fcn v\u0259 qa\u00e7q\u0131na \u00e7evrildiyini he\u00e7 d\u00fc\u015f\u00fcn\u00fcbm\u00fc? \u018flb\u0259tt\u0259 yox! \u018fg\u0259r d\u00fc\u015f\u00fcns\u0259ydi bu kimi c\u0259f\u0259ng fikirl\u0259rl\u0259 \u00f6z\u00fcn\u00fc v\u0259 xalq\u0131n\u0131 aldatmazd\u0131, \u00a0m\u00fcnaqi\u015f\u0259nin h\u0259lli istiqam\u0259tind\u0259 real add\u0131mlar at\u0131lard\u0131\u201d.<\/p>\n<p>L.Abdullayeva bildirib ki, h\u0259qiq\u0259t d\u00fcnya ictimaiyy\u0259tin\u0259 \u00e7ox yax\u015f\u0131 b\u0259llidir.<\/p>\n<p>\u201cMnatsakanyan anlamal\u0131d\u0131r ki, onun dediyi kimi bizim v\u0259 ya sizin h\u0259qiq\u0259t olmur. H\u0259qiq\u0259t birdir v\u0259 bu h\u0259qiq\u0259t d\u00fcnya ictimaiyy\u0259tin\u0259 \u00e7ox yax\u015f\u0131 b\u0259llidir. Sad\u0259c\u0259 m\u00f6vcud h\u0259qiq\u0259tl\u0259ri saxtala\u015fd\u0131raraq onu \u00f6z maraqlar\u0131 namin\u0259 m\u00fcxt\u0259lif \u015f\u0259kill\u0259rd\u0259 t\u0259qdim etm\u0259k t\u0259cr\u00fcb\u0259si d\u0259 m\u00f6vcuddur. Bunu da \u0259n yax\u015f\u0131 Erm\u0259nistan bacar\u0131r\u201doxu.az<\/p>\n","protected":false},"excerpt":{"rendered":"<p>\u018fslind\u0259, Erm\u0259nistan Xarici \u0130\u015fl\u0259r naziri (Z\u00f6hrab Mnatsakanyan) yeni he\u00e7 bir fikir s\u00f6yl\u0259m\u0259yib. M\u0259s\u0259l\u0259nin beyn\u0259lxalq h\u00fcquqi t\u0259r\u0259fini bir k\u0259nara qoyaq, bu, he\u00e7 normal d\u00fc\u015f\u00fcnc\u0259 \u00e7\u0259r\u00e7iv\u0259sin\u0259 bel\u0259 s\u0131\u011fm\u0131r. ARANTV.AZ-\u0131n m\u0259lumat\u0131na g\u00f6r\u0259, bunu Xarici \u0130\u015fl\u0259r Nazirliyinin m\u0259tbuat katibi Leyla Abdullayeva deyib. O bildirib ki, bir \u00f6lk\u0259 qanunsuz \u015f\u0259kild\u0259 dig\u0259r \u00f6lk\u0259nin \u0259razil\u0259rini i\u015f\u011fal edir, bu \u0259razil\u0259rd\u0259 tarix\u0259n ya\u015fayan yerli az\u0259rbaycanl\u0131lar\u0131 etnik t\u0259mizl\u0259m\u0259y\u0259 m\u0259ruz qoyur. Sonra da iddia edir ki, \u201cbu \u0259razil\u0259rd\u0259 ya\u015fayan 150.000 erm\u0259ninin t\u0259hl\u00fck\u0259sizlik problemi var. \u201cBu erm\u0259nil\u0259rin ail\u0259l\u0259ri, evl\u0259ri, adlar\u0131 oldu\u011funu s\u0259sl\u0259ndir\u0259n erm\u0259ni nazir g\u00f6r\u0259s\u0259n \u00f6z \u00f6lk\u0259sinin t\u0259cav\u00fczkar siyas\u0259ti n\u0259tic\u0259sind\u0259 1 milyondan&hellip;<\/p>\n","protected":false},"author":2,"featured_media":94099,"comment_status":"closed","ping_status":"closed","sticky":false,"template":"","format":"standard","meta":{"om_disable_all_campaigns":false,"_monsterinsights_skip_tracking":false,"_monsterinsights_sitenote_active":false,"_monsterinsights_sitenote_note":"","_monsterinsights_sitenote_category":0},"categories":[4],"tags":[],"aioseo_notices":[],"gutentor_comment":0,"rttpg_featured_image_url":{"full":["https:\/\/arantv.az\/wp-content\/uploads\/2019\/11\/4535-1568043420.jpg",620,335,false],"landscape":["https:\/\/arantv.az\/wp-content\/uploads\/2019\/11\/4535-1568043420.jpg",620,335,false],"portraits":["https:\/\/arantv.az\/wp-content\/uploads\/2019\/11\/4535-1568043420.jpg",620,335,false],"thumbnail":["https:\/\/arantv.az\/wp-content\/uploads\/2019\/11\/4535-1568043420-150x150.jpg",150,150,true],"medium":["https:\/\/arantv.az\/wp-content\/uploads\/2019\/11\/4535-1568043420-300x162.jpg",300,162,true],"large":["https:\/\/arantv.az\/wp-content\/uploads\/2019\/11\/4535-1568043420.jpg",620,335,false],"1536x1536":["https:\/\/arantv.az\/wp-content\/uploads\/2019\/11\/4535-1568043420.jpg",620,335,false],"2048x2048":["https:\/\/arantv.az\/wp-content\/uploads\/2019\/11\/4535-1568043420.jpg",620,335,false],"post-thumbnail":["https:\/\/arantv.az\/wp-content\/uploads\/2019\/11\/4535-1568043420-240x172.jpg",240,172,true],"advps-thumb-one":["https:\/\/arantv.az\/wp-content\/uploads\/2019\/11\/4535-1568043420.jpg",620,335,false]},"rttpg_author":{"display_name":"V\u00fcsal Rafiqo\u011flu","author_link":"https:\/\/arantv.az\/?author=2"},"rttpg_comment":0,"rttpg_category":"<a href=\"https:\/\/arantv.az\/?cat=4\" rel=\"category\">Siyas\u0259t<\/a>","rttpg_excerpt":"\u018fslind\u0259, Erm\u0259nistan Xarici \u0130\u015fl\u0259r naziri (Z\u00f6hrab Mnatsakanyan) yeni he\u00e7 bir fikir s\u00f6yl\u0259m\u0259yib. M\u0259s\u0259l\u0259nin beyn\u0259lxalq h\u00fcquqi t\u0259r\u0259fini bir k\u0259nara qoyaq, bu, he\u00e7 normal d\u00fc\u015f\u00fcnc\u0259 \u00e7\u0259r\u00e7iv\u0259sin\u0259 bel\u0259 s\u0131\u011fm\u0131r. ARANTV.AZ-\u0131n m\u0259lumat\u0131na g\u00f6r\u0259, bunu Xarici \u0130\u015fl\u0259r Nazirliyinin m\u0259tbuat katibi Leyla Abdullayeva deyib. O bildirib ki, bir \u00f6lk\u0259 qanunsuz \u015f\u0259kild\u0259 dig\u0259r \u00f6lk\u0259nin \u0259razil\u0259rini i\u015f\u011fal edir, bu \u0259razil\u0259rd\u0259 tarix\u0259n ya\u015fayan yerli&hellip;","_links":{"self":[{"href":"https:\/\/arantv.az\/index.php?rest_route=\/wp\/v2\/posts\/94098"}],"collection":[{"href":"https:\/\/arantv.az\/index.php?rest_route=\/wp\/v2\/posts"}],"about":[{"href":"https:\/\/arantv.az\/index.php?rest_route=\/wp\/v2\/types\/post"}],"author":[{"embeddable":true,"href":"https:\/\/arantv.az\/index.php?rest_route=\/wp\/v2\/users\/2"}],"replies":[{"embeddable":true,"href":"https:\/\/arantv.az\/index.php?rest_route=%2Fwp%2Fv2%2Fcomments&post=94098"}],"version-history":[{"count":0,"href":"https:\/\/arantv.az\/index.php?rest_route=\/wp\/v2\/posts\/94098\/revisions"}],"wp:featuredmedia":[{"embeddable":true,"href":"https:\/\/arantv.az\/index.php?rest_route=\/wp\/v2\/media\/94099"}],"wp:attachment":[{"href":"https:\/\/arantv.az\/index.php?rest_route=%2Fwp%2Fv2%2Fmedia&parent=94098"}],"wp:term":[{"taxonomy":"category","embeddable":true,"href":"https:\/\/arantv.az\/index.php?rest_route=%2Fwp%2Fv2%2Fcategories&post=94098"},{"taxonomy":"post_tag","embeddable":true,"href":"https:\/\/arantv.az\/index.php?rest_route=%2Fwp%2Fv2%2Ftags&post=94098"}],"curies":[{"name":"wp","href":"https:\/\/api.w.org\/{rel}","templated":true}]}}