{"id":94124,"date":"2019-11-08T15:08:04","date_gmt":"2019-11-08T12:08:04","guid":{"rendered":"http:\/\/arantv.az\/?p=94124"},"modified":"2019-11-08T15:08:04","modified_gmt":"2019-11-08T12:08:04","slug":"https-saglamolun-az-index-php-xeberler-24672-2019-11-08-11-48-10-html","status":"publish","type":"post","link":"https:\/\/arantv.az\/?p=94124","title":{"rendered":"https:\/\/saglamolun.az\/index.php\/xeberler\/24672-2019-11-08-11-48-10.html"},"content":{"rendered":"<p>Noyabr\u0131n 16-dan etibar\u0259n 2019-20120-ci d\u0259rs ilinin ilk &#8211; pay\u0131z t\u0259tili ba\u015flay\u0131r.<\/p>\n<p><strong>ARANTV.AZ<\/strong>\u00a0 x\u0259b\u0259r verir ki, t\u0259til 16-20 noyabr tarixl\u0259rini \u0259hat\u0259 ed\u0259c\u0259k.<\/p>\n<p>5 g\u00fcnl\u00fck pay\u0131z t\u0259tilind\u0259n sonra m\u0259kt\u0259blil\u0259r noyabr\u0131n 21-d\u0259 d\u0259rs\u0259 ged\u0259c\u0259kl\u0259r.<\/p>\n<div><\/div>\n<p>Qeyd ed\u0259k ki, t\u0259dris ilind\u0259 \u015fagirdl\u0259r \u00fc\u00e7\u00fcn pay\u0131z t\u0259tili il\u0259 yana\u015f\u0131, 5 g\u00fcn q\u0131\u015f t\u0259tili (27-31 yanvar) v\u0259 ibtidai sinifl\u0259r \u00fc\u00e7\u00fcn 5 g\u00fcnl\u00fck \u0259lav\u0259 yaz t\u0259tili (1-5 may) olacaq. H\u0259m\u00e7inin Yeni il v\u0259 Novruz bayram\u0131 g\u00fcnl\u0259ri il\u0259 \u0259laq\u0259dar \u00f6lk\u0259d\u0259 qeyri-i\u015f g\u00fcnl\u0259ri hesab edil\u0259n g\u00fcnl\u0259rd\u0259 \u015fagirdl\u0259r d\u0259rs\u0259 getm\u0259y\u0259c\u0259kl\u0259r.<\/p>\n","protected":false},"excerpt":{"rendered":"<p>Noyabr\u0131n 16-dan etibar\u0259n 2019-20120-ci d\u0259rs ilinin ilk &#8211; pay\u0131z t\u0259tili ba\u015flay\u0131r. ARANTV.AZ\u00a0 x\u0259b\u0259r verir ki, t\u0259til 16-20 noyabr tarixl\u0259rini \u0259hat\u0259 ed\u0259c\u0259k. 5 g\u00fcnl\u00fck pay\u0131z t\u0259tilind\u0259n sonra m\u0259kt\u0259blil\u0259r noyabr\u0131n 21-d\u0259 d\u0259rs\u0259 ged\u0259c\u0259kl\u0259r. Qeyd ed\u0259k ki, t\u0259dris ilind\u0259 \u015fagirdl\u0259r \u00fc\u00e7\u00fcn pay\u0131z t\u0259tili il\u0259 yana\u015f\u0131, 5 g\u00fcn q\u0131\u015f t\u0259tili (27-31 yanvar) v\u0259 ibtidai sinifl\u0259r \u00fc\u00e7\u00fcn 5 g\u00fcnl\u00fck \u0259lav\u0259 yaz t\u0259tili (1-5 may) olacaq. H\u0259m\u00e7inin Yeni il v\u0259 Novruz bayram\u0131 g\u00fcnl\u0259ri il\u0259 \u0259laq\u0259dar \u00f6lk\u0259d\u0259 qeyri-i\u015f g\u00fcnl\u0259ri hesab edil\u0259n g\u00fcnl\u0259rd\u0259 \u015fagirdl\u0259r d\u0259rs\u0259 getm\u0259y\u0259c\u0259kl\u0259r.<\/p>\n","protected":false},"author":2,"featured_media":94125,"comment_status":"closed","ping_status":"closed","sticky":false,"template":"","format":"standard","meta":{"om_disable_all_campaigns":false,"_monsterinsights_skip_tracking":false,"_monsterinsights_sitenote_active":false,"_monsterinsights_sitenote_note":"","_monsterinsights_sitenote_category":0},"categories":[23],"tags":[],"aioseo_notices":[],"gutentor_comment":0,"rttpg_featured_image_url":{"full":["https:\/\/arantv.az\/wp-content\/uploads\/2019\/11\/tetill.jpg",590,400,false],"landscape":["https:\/\/arantv.az\/wp-content\/uploads\/2019\/11\/tetill.jpg",590,400,false],"portraits":["https:\/\/arantv.az\/wp-content\/uploads\/2019\/11\/tetill.jpg",590,400,false],"thumbnail":["https:\/\/arantv.az\/wp-content\/uploads\/2019\/11\/tetill-150x150.jpg",150,150,true],"medium":["https:\/\/arantv.az\/wp-content\/uploads\/2019\/11\/tetill-300x203.jpg",300,203,true],"large":["https:\/\/arantv.az\/wp-content\/uploads\/2019\/11\/tetill.jpg",590,400,false],"1536x1536":["https:\/\/arantv.az\/wp-content\/uploads\/2019\/11\/tetill.jpg",590,400,false],"2048x2048":["https:\/\/arantv.az\/wp-content\/uploads\/2019\/11\/tetill.jpg",590,400,false],"post-thumbnail":["https:\/\/arantv.az\/wp-content\/uploads\/2019\/11\/tetill-240x172.jpg",240,172,true],"advps-thumb-one":["https:\/\/arantv.az\/wp-content\/uploads\/2019\/11\/tetill.jpg",590,400,false]},"rttpg_author":{"display_name":"V\u00fcsal Rafiqo\u011flu","author_link":"https:\/\/arantv.az\/?author=2"},"rttpg_comment":0,"rttpg_category":"<a href=\"https:\/\/arantv.az\/?cat=23\" rel=\"category\">T\u0259hsil<\/a>","rttpg_excerpt":"Noyabr\u0131n 16-dan etibar\u0259n 2019-20120-ci d\u0259rs ilinin ilk &#8211; pay\u0131z t\u0259tili ba\u015flay\u0131r. ARANTV.AZ\u00a0 x\u0259b\u0259r verir ki, t\u0259til 16-20 noyabr tarixl\u0259rini \u0259hat\u0259 ed\u0259c\u0259k. 5 g\u00fcnl\u00fck pay\u0131z t\u0259tilind\u0259n sonra m\u0259kt\u0259blil\u0259r noyabr\u0131n 21-d\u0259 d\u0259rs\u0259 ged\u0259c\u0259kl\u0259r. Qeyd ed\u0259k ki, t\u0259dris ilind\u0259 \u015fagirdl\u0259r \u00fc\u00e7\u00fcn pay\u0131z t\u0259tili il\u0259 yana\u015f\u0131, 5 g\u00fcn q\u0131\u015f t\u0259tili (27-31 yanvar) v\u0259 ibtidai sinifl\u0259r \u00fc\u00e7\u00fcn 5 g\u00fcnl\u00fck \u0259lav\u0259&hellip;","_links":{"self":[{"href":"https:\/\/arantv.az\/index.php?rest_route=\/wp\/v2\/posts\/94124"}],"collection":[{"href":"https:\/\/arantv.az\/index.php?rest_route=\/wp\/v2\/posts"}],"about":[{"href":"https:\/\/arantv.az\/index.php?rest_route=\/wp\/v2\/types\/post"}],"author":[{"embeddable":true,"href":"https:\/\/arantv.az\/index.php?rest_route=\/wp\/v2\/users\/2"}],"replies":[{"embeddable":true,"href":"https:\/\/arantv.az\/index.php?rest_route=%2Fwp%2Fv2%2Fcomments&post=94124"}],"version-history":[{"count":0,"href":"https:\/\/arantv.az\/index.php?rest_route=\/wp\/v2\/posts\/94124\/revisions"}],"wp:featuredmedia":[{"embeddable":true,"href":"https:\/\/arantv.az\/index.php?rest_route=\/wp\/v2\/media\/94125"}],"wp:attachment":[{"href":"https:\/\/arantv.az\/index.php?rest_route=%2Fwp%2Fv2%2Fmedia&parent=94124"}],"wp:term":[{"taxonomy":"category","embeddable":true,"href":"https:\/\/arantv.az\/index.php?rest_route=%2Fwp%2Fv2%2Fcategories&post=94124"},{"taxonomy":"post_tag","embeddable":true,"href":"https:\/\/arantv.az\/index.php?rest_route=%2Fwp%2Fv2%2Ftags&post=94124"}],"curies":[{"name":"wp","href":"https:\/\/api.w.org\/{rel}","templated":true}]}}