{"id":94143,"date":"2019-11-08T15:36:34","date_gmt":"2019-11-08T12:36:34","guid":{"rendered":"http:\/\/arantv.az\/?p=94143"},"modified":"2019-11-08T15:36:34","modified_gmt":"2019-11-08T12:36:34","slug":"almaniyada-saxtada-partlayis-38-n%c9%99f%c9%99r","status":"publish","type":"post","link":"https:\/\/arantv.az\/?p=94143","title":{"rendered":"Almaniyada \u015faxtada PARTLAYI\u015e &#8211; 38 n\u0259f\u0259r&#8230;"},"content":{"rendered":"<p>Almaniyada \u015faxtada partlay\u0131\u015f olub.<\/p>\n<p><strong>ARANTV.AZ<\/strong> APA-ya istinad\u0259n x\u0259b\u0259r verir ki, partlay\u0131\u015f Saksoniya-Anhalt federal torpa\u011f\u0131nda yerl\u0259\u015f\u0259n m\u0259d\u0259nd\u0259 qeyd\u0259 al\u0131n\u0131b.<\/p>\n<p>Q\u0259za zaman\u0131 \u015faxtada 38 n\u0259f\u0259r olub. X\u0259sar\u0259t alan iki n\u0259f\u0259r x\u0259st\u0259xanaya yerl\u0259\u015fdirilib.<\/p>\n<p>Onlarla insan yeralt\u0131 s\u0131\u011f\u0131nacaqdad\u0131r.<\/p>\n<div>\n<div id=\"AdviadNativeVideo0\" class=\"AdviadNativeVideo\"><\/div>\n<\/div>\n<p>Hadis\u0259 yerind\u0259 xilasedicil\u0259r \u00e7al\u0131\u015f\u0131r.<\/p>\n<p>Partlay\u0131\u015f\u0131n ba\u015f verm\u0259 s\u0259b\u0259bi h\u0259l\u0259lik m\u0259lum deyil.<\/p>\n","protected":false},"excerpt":{"rendered":"<p>Almaniyada \u015faxtada partlay\u0131\u015f olub. ARANTV.AZ APA-ya istinad\u0259n x\u0259b\u0259r verir ki, partlay\u0131\u015f Saksoniya-Anhalt federal torpa\u011f\u0131nda yerl\u0259\u015f\u0259n m\u0259d\u0259nd\u0259 qeyd\u0259 al\u0131n\u0131b. Q\u0259za zaman\u0131 \u015faxtada 38 n\u0259f\u0259r olub. X\u0259sar\u0259t alan iki n\u0259f\u0259r x\u0259st\u0259xanaya yerl\u0259\u015fdirilib. Onlarla insan yeralt\u0131 s\u0131\u011f\u0131nacaqdad\u0131r. Hadis\u0259 yerind\u0259 xilasedicil\u0259r \u00e7al\u0131\u015f\u0131r. Partlay\u0131\u015f\u0131n ba\u015f verm\u0259 s\u0259b\u0259bi h\u0259l\u0259lik m\u0259lum deyil.<\/p>\n","protected":false},"author":2,"featured_media":94144,"comment_status":"closed","ping_status":"closed","sticky":false,"template":"","format":"standard","meta":{"om_disable_all_campaigns":false,"_monsterinsights_skip_tracking":false,"_monsterinsights_sitenote_active":false,"_monsterinsights_sitenote_note":"","_monsterinsights_sitenote_category":0},"categories":[7],"tags":[],"aioseo_notices":[],"gutentor_comment":0,"rttpg_featured_image_url":{"full":["https:\/\/arantv.az\/wp-content\/uploads\/2019\/11\/800798.jpg",600,450,false],"landscape":["https:\/\/arantv.az\/wp-content\/uploads\/2019\/11\/800798.jpg",600,450,false],"portraits":["https:\/\/arantv.az\/wp-content\/uploads\/2019\/11\/800798.jpg",600,450,false],"thumbnail":["https:\/\/arantv.az\/wp-content\/uploads\/2019\/11\/800798-150x150.jpg",150,150,true],"medium":["https:\/\/arantv.az\/wp-content\/uploads\/2019\/11\/800798-300x225.jpg",300,225,true],"large":["https:\/\/arantv.az\/wp-content\/uploads\/2019\/11\/800798.jpg",600,450,false],"1536x1536":["https:\/\/arantv.az\/wp-content\/uploads\/2019\/11\/800798.jpg",600,450,false],"2048x2048":["https:\/\/arantv.az\/wp-content\/uploads\/2019\/11\/800798.jpg",600,450,false],"post-thumbnail":["https:\/\/arantv.az\/wp-content\/uploads\/2019\/11\/800798-240x172.jpg",240,172,true],"advps-thumb-one":["https:\/\/arantv.az\/wp-content\/uploads\/2019\/11\/800798.jpg",600,450,false]},"rttpg_author":{"display_name":"V\u00fcsal Rafiqo\u011flu","author_link":"https:\/\/arantv.az\/?author=2"},"rttpg_comment":0,"rttpg_category":"<a href=\"https:\/\/arantv.az\/?cat=7\" rel=\"category\">D\u00fcnya<\/a>","rttpg_excerpt":"Almaniyada \u015faxtada partlay\u0131\u015f olub. ARANTV.AZ APA-ya istinad\u0259n x\u0259b\u0259r verir ki, partlay\u0131\u015f Saksoniya-Anhalt federal torpa\u011f\u0131nda yerl\u0259\u015f\u0259n m\u0259d\u0259nd\u0259 qeyd\u0259 al\u0131n\u0131b. Q\u0259za zaman\u0131 \u015faxtada 38 n\u0259f\u0259r olub. X\u0259sar\u0259t alan iki n\u0259f\u0259r x\u0259st\u0259xanaya yerl\u0259\u015fdirilib. Onlarla insan yeralt\u0131 s\u0131\u011f\u0131nacaqdad\u0131r. Hadis\u0259 yerind\u0259 xilasedicil\u0259r \u00e7al\u0131\u015f\u0131r. Partlay\u0131\u015f\u0131n ba\u015f verm\u0259 s\u0259b\u0259bi h\u0259l\u0259lik m\u0259lum deyil.","_links":{"self":[{"href":"https:\/\/arantv.az\/index.php?rest_route=\/wp\/v2\/posts\/94143"}],"collection":[{"href":"https:\/\/arantv.az\/index.php?rest_route=\/wp\/v2\/posts"}],"about":[{"href":"https:\/\/arantv.az\/index.php?rest_route=\/wp\/v2\/types\/post"}],"author":[{"embeddable":true,"href":"https:\/\/arantv.az\/index.php?rest_route=\/wp\/v2\/users\/2"}],"replies":[{"embeddable":true,"href":"https:\/\/arantv.az\/index.php?rest_route=%2Fwp%2Fv2%2Fcomments&post=94143"}],"version-history":[{"count":0,"href":"https:\/\/arantv.az\/index.php?rest_route=\/wp\/v2\/posts\/94143\/revisions"}],"wp:featuredmedia":[{"embeddable":true,"href":"https:\/\/arantv.az\/index.php?rest_route=\/wp\/v2\/media\/94144"}],"wp:attachment":[{"href":"https:\/\/arantv.az\/index.php?rest_route=%2Fwp%2Fv2%2Fmedia&parent=94143"}],"wp:term":[{"taxonomy":"category","embeddable":true,"href":"https:\/\/arantv.az\/index.php?rest_route=%2Fwp%2Fv2%2Fcategories&post=94143"},{"taxonomy":"post_tag","embeddable":true,"href":"https:\/\/arantv.az\/index.php?rest_route=%2Fwp%2Fv2%2Ftags&post=94143"}],"curies":[{"name":"wp","href":"https:\/\/api.w.org\/{rel}","templated":true}]}}