{"id":94152,"date":"2019-11-08T15:52:58","date_gmt":"2019-11-08T12:52:58","guid":{"rendered":"http:\/\/arantv.az\/?p=94152"},"modified":"2019-11-08T15:52:58","modified_gmt":"2019-11-08T12:52:58","slug":"xalcaci-r%c9%99ssam-az%c9%99rbaycanda-xalcaciliq-s%c9%99n%c9%99tinin-inkisafi-yeni-m%c9%99rh%c9%99l%c9%99y%c9%99-q%c9%99d%c9%99m-qoyub","status":"publish","type":"post","link":"https:\/\/arantv.az\/?p=94152","title":{"rendered":"Xal\u00e7a\u00e7\u0131-r\u0259ssam: &#8220;Az\u0259rbaycanda xal\u00e7a\u00e7\u0131l\u0131q s\u0259n\u0259tinin inki\u015faf\u0131 yeni m\u0259rh\u0259l\u0259y\u0259 q\u0259d\u0259m qoyub&#8221;"},"content":{"rendered":"<p>Son ill\u0259r Az\u0259rbaycanda xal\u00e7a\u00e7\u0131l\u0131q s\u0259nayesinin inki\u015faf\u0131 geni\u015f f\u00fcs\u0259t al\u0131b. T\u0259bii ki, bu s\u0259n\u0259tin inki\u015faf\u0131nda Prezident \u0130lham \u018fliyevin imzalad\u0131\u011f\u0131 m\u00fcvafiq f\u0259rman v\u0259 s\u0259r\u0259ncamlar\u0131n b\u00f6y\u00fck rolu var. D\u00f6vl\u0259t ba\u015f\u00e7\u0131s\u0131n\u0131n bir ne\u00e7\u0259 g\u00fcn \u00f6nc\u0259 imzalad\u0131\u011f\u0131 &#8220;Goranboy rayonunun Yuxar\u0131 A\u011fcak\u0259nd q\u0259s\u0259b\u0259sind\u0259 Xocal\u0131 filial\u0131 \u00fc\u00e7\u00fcn xal\u00e7a istehsal\u0131 emalatxanas\u0131n\u0131n tikintisi, avadanl\u0131q v\u0259 d\u0259zgahlarla t\u0259chizat\u0131 v\u0259 infrastrukturun yarad\u0131lmas\u0131 il\u0259 ba\u011fl\u0131 t\u0259dbirl\u0259r haqq\u0131nda&#8221; s\u0259r\u0259ncam bu sah\u0259y\u0259 ayr\u0131lan x\u00fcsusi diqq\u0259t v\u0259 qay\u011f\u0131n\u0131n bariz n\u00fcmun\u0259sidir. Eyni zamanda, bu, Prezidentin Az\u0259rbaycanda xal\u00e7a\u00e7\u0131l\u0131\u011f\u0131n inki\u015faf\u0131na y\u00f6n\u0259lmi\u015f bir s\u0131ra f\u0259rman v\u0259 s\u0259r\u0259ncamlar\u0131ndan n\u00f6vb\u0259tisidir. H\u0259m\u00e7inin, Prezident t\u0259r\u0259find\u0259n 2018-2022-ci ill\u0259r \u00fc\u00e7\u00fcn D\u00f6vl\u0259t Proqram\u0131n\u0131n t\u0259sdiql\u0259nm\u0259si, Prezidentin \u00f6t\u0259n ilin avqustun 28-d\u0259 &#8220;\u0130smay\u0131ll\u0131 rayonunda yeni xal\u00e7a istehsal\u0131 emalatxanas\u0131n\u0131n tikintisi, t\u0259chiz edilm\u0259si v\u0259 infrastrukturunun yarad\u0131lmas\u0131 il\u0259 ba\u011fl\u0131 t\u0259dbirl\u0259r haqq\u0131nda&#8221; s\u0259r\u0259ncam\u0131 v\u0259 dig\u0259r m\u00fch\u00fcm q\u0259rar, tap\u015f\u0131r\u0131q v\u0259 g\u00f6st\u0259ri\u015fl\u0259r Az\u0259rbaycanda xal\u00e7a s\u0259n\u0259tinin qorunmas\u0131 v\u0259 inki\u015faf\u0131na y\u00f6n\u0259lib.<\/p>\n<p>Xal\u00e7a\u00e7\u0131-r\u0259ssam, Az\u0259rbaycan\u0131n Xalq r\u0259ssam\u0131 Eldar Mikay\u0131lzad\u0259 &#8220;Report&#8221;a a\u00e7\u0131qlamas\u0131nda bildirib ki, Az\u0259rbaycanda xal\u00e7a\u00e7\u0131l\u0131q s\u0259n\u0259ti v\u0259 s\u0259nayesi Prezident \u0130lham \u018fliyevin diqq\u0259t v\u0259 qay\u011f\u0131s\u0131 say\u0259sind\u0259 inki\u015faf edib: &#8220;Bu sah\u0259y\u0259 ayr\u0131lan maliyy\u0259 yard\u0131mlar\u0131 il\u0259 xal\u00e7a\u00e7\u0131l\u0131q s\u0259n\u0259ti \u00f6z\u00fcn\u00fcn yeni inki\u015faf m\u0259rh\u0259l\u0259sin\u0259 q\u0259d\u0259m qoyub. Bununla ba\u011fl\u0131 h\u0259yata ke\u00e7iril\u0259n b\u00fct\u00fcn layih\u0259l\u0259ri m\u00fcsb\u0259t d\u0259y\u0259rl\u0259ndirir\u0259m. \u00c7\u00fcnki xal\u00e7a\u00e7\u0131l\u0131q bizim milli s\u0259n\u0259timiz, tariximiz, \u0259n\u0259n\u0259miz v\u0259 qan yadda\u015f\u0131m\u0131zd\u0131r. Bu s\u0259n\u0259tin inki\u015faf\u0131 il\u0259 ba\u011fl\u0131 at\u0131lan b\u00fct\u00fcn add\u0131mlar b\u00f6y\u00fck \u0259h\u0259miyy\u0259t da\u015f\u0131y\u0131r. Ona g\u00f6r\u0259 d\u0259 bu s\u0259n\u0259tin inki\u015faf\u0131na t\u00f6hf\u0259 ver\u0259n h\u0259r bir \u015f\u0259xsin qar\u015f\u0131s\u0131nda ba\u015f \u0259ym\u0259k bizim borcumuzdur. Xal\u00e7a\u00e7\u0131l\u0131q s\u0259n\u0259tinin inki\u015faf\u0131 q\u0259dimd\u0259n indiy\u0259d\u0259k nec\u0259 g\u0259lib \u00e7\u0131x\u0131b bilirik. N\u0259n\u0259 evd\u0259 xal\u00e7a toxuyub v\u0259 yan\u0131nda oturan q\u0131z\u0131 da bundan h\u0259v\u0259sl\u0259n\u0259r\u0259k \u00f6yr\u0259nib. Bu, \u0259n\u0259n\u0259 bel\u0259likl\u0259 davam edib&#8221;.<\/p>\n<div><\/div>\n<p>E.Mikay\u0131lzad\u0259 bildirib ki, Prezident \u0130lham \u018fliyevin 2016-c\u0131 ild\u0259 &#8220;Az\u0259rxal\u00e7a&#8221; A\u00e7\u0131q S\u0259hmdar C\u0259miyy\u0259tinin yarad\u0131lmas\u0131 haqq\u0131nda imzalad\u0131\u011f\u0131 s\u0259r\u0259ncamla bu s\u0259n\u0259t daha da inki\u015faf etm\u0259y\u0259 ba\u015flay\u0131b: &#8220;Q\u0259dim d\u00f6vrl\u0259rd\u0259 evl\u0259rd\u0259 xal\u00e7a toxuma \u0259n\u0259n\u0259si bu g\u00fcn d\u0259 davam edir. M\u0259n o qurumda h\u0259l\u0259 \u0130stehsalat Birliyi kimi f\u0259aliyy\u0259t g\u00f6st\u0259rdiyi zaman m\u00fcxt\u0259lif v\u0259zif\u0259l\u0259rd\u0259 i\u015fl\u0259mi\u015f\u0259m. O zaman i\u015f\u00e7il\u0259r h\u0259m fabrikd\u0259, h\u0259m d\u0259 ev \u015f\u0259raitind\u0259 i\u015fl\u0259yirdil\u0259r. Fabrikl\u0259r\u0259 g\u0259lm\u0259kd\u0259 \u00e7\u0259tinlik \u00e7\u0259k\u0259n ucqar k\u0259nd sakinl\u0259rinin xal\u00e7a toxumalar\u0131 \u00fc\u00e7\u00fcn evl\u0259rind\u0259 d\u0259zgahlar qura\u015fd\u0131r\u0131l\u0131r v\u0259 onlar \u00fc\u00e7\u00fcn \u015f\u0259rait yarad\u0131l\u0131rd\u0131. Ona g\u00f6r\u0259 hesab edir\u0259m ki, bu \u0259n\u0259n\u0259 evl\u0259rd\u0259 d\u0259 ya\u015fad\u0131lmal\u0131d\u0131r. Eyni zamanda m\u0259n bir m\u0259s\u0259l\u0259ni d\u0259 qeyd edim ki, d\u00f6vl\u0259t ba\u015f\u00e7\u0131s\u0131n\u0131n v\u0259 Birinci vitse-prezident Mehriban xan\u0131m \u018fliyevan\u0131n xal\u00e7a\u00e7\u0131l\u0131q s\u0259nayesinin inki\u015faf\u0131na g\u00f6st\u0259rdiyi diqq\u0259t v\u0259 qay\u011f\u0131 xal\u00e7a\u00e7\u0131l\u0131q m\u0259d\u0259niyy\u0259tinin qorunmas\u0131na t\u0259kan verm\u0259kl\u0259 yana\u015f\u0131, h\u0259m d\u0259 sosial \u0259saslara malikdir. \u00c7\u00fcnki bu istiqam\u0259td\u0259 yeni i\u015f yerl\u0259rinin a\u00e7\u0131lmas\u0131 h\u0259m d\u0259 insanlar\u0131n m\u0259\u015f\u011fuliyy\u0259ti dem\u0259kdir. Bununla da bu sah\u0259d\u0259 \u00e7al\u0131\u015fan insanlar\u0131n g\u0259lirl\u0259ri art\u0131r&#8221;.<\/p>\n<p>Xal\u00e7a\u00e7\u0131-r\u0259ssam Eldar Mikay\u0131lzad\u0259:<\/p>\n<p>&#8220;Birinci vitse-prezidentin t\u0259\u015f\u0259bb\u00fcs\u00fc il\u0259 Az\u0259rbaycan\u0131n xal\u00e7a\u00e7\u0131l\u0131q s\u0259n\u0259ti beyn\u0259lxalq s\u0259viyy\u0259d\u0259 tan\u0131n\u0131b&#8221;.<\/p>\n<p>Xalq r\u0259ssam\u0131 vur\u011fulay\u0131b ki, Birinci vitse-prezident Mehriban \u018fliyevan\u0131n t\u0259\u015f\u0259bb\u00fcs\u00fc v\u0259 t\u00f6hf\u0259si say\u0259sind\u0259 Az\u0259rbaycan\u0131n xal\u00e7a s\u0259n\u0259ti UNESKO-nun B\u0259\u015f\u0259riyy\u0259tin qeyri-maddi m\u0259d\u0259ni irsinin Reprezentativ siyah\u0131s\u0131na daxil edilib: &#8220;Bu, b\u00fct\u00f6vl\u00fckd\u0259 Az\u0259rbaycan m\u0259d\u0259niyy\u0259tinin beyn\u0259lxalq s\u0259viyy\u0259d\u0259 tan\u0131nmas\u0131na t\u0259kan verib. Biz bilirik ki, Az\u0259rbaycanda xal\u00e7a\u00e7\u0131l\u0131q s\u0259n\u0259tinin inki\u015faf\u0131nda Prezident \u0130lham \u018fliyev il\u0259 yana\u015f\u0131 Az\u0259rbaycan\u0131n Birinci vitse-prezidenti Mehriban \u018fliyevan\u0131n m\u00fcst\u0259sna rolu var. M\u0259n \u015f\u0259xs\u0259n \u00f6z ad\u0131mdan Mehriban xan\u0131ma bu sah\u0259y\u0259 x\u00fcsusi diqq\u0259t ay\u0131rd\u0131\u011f\u0131na g\u00f6r\u0259 dua\u00e7\u0131yam. Mehriban xan\u0131m t\u0259kc\u0259 xal\u00e7a\u00e7\u0131l\u0131q s\u0259n\u0259tin\u0259 deyil, h\u0259m d\u0259 milli \u0259n\u0259n\u0259l\u0259rimizin, tariximizin, mu\u011fam\u0131m\u0131z\u0131n, a\u015f\u0131q s\u0259n\u0259timizin v\u0259 bu kimi dig\u0259r sah\u0259l\u0259rin qorunub saxlan\u0131lmas\u0131 v\u0259 inki\u015faf\u0131na diqq\u0259t yetirib. UNESKO daxilind\u0259 bizim xal\u00e7a\u00e7\u0131l\u0131q s\u0259n\u0259tinin n\u00fcfuzunun art\u0131r\u0131lmas\u0131 m\u0259hz Mehriban xan\u0131m\u0131n f\u0259aliyy\u0259ti il\u0259 ba\u011fl\u0131d\u0131r. H\u0259tta m\u0259nim \u00f6z\u00fcm\u0259 d\u0259 b\u00f6y\u00fck k\u00f6m\u0259klik g\u00f6st\u0259ribl\u0259r. \u015e\u0259ki Xal\u00e7a M\u0259kt\u0259bini yaratm\u0131\u015f\u0131q. S\u0259rgi ke\u00e7irmi\u015fik. Ona g\u00f6r\u0259 d\u0259 tam \u0259minlikl\u0259 dey\u0259 bil\u0259r\u0259m ki, Heyd\u0259r \u018fliyev Fondunun, x\u00fcsusil\u0259 d\u0259 Mehriban xan\u0131m\u0131n t\u0259\u015f\u0259bb\u00fcs\u00fc il\u0259 bu sah\u0259nin inki\u015faf\u0131 il\u0259 ba\u011fl\u0131 \u00e7ox b\u00f6y\u00fck i\u015fl\u0259r g\u00f6r\u00fcl\u00fcr&#8221;.<\/p>\n<p>Xal\u00e7a\u00e7\u0131-r\u0259ssam qeyd edib ki, &#8220;Az\u0259rbaycan xal\u00e7as\u0131&#8221; art\u0131q brenddir: &#8220;Bu brend sad\u0259c\u0259 olaraq bir m\u00fcdd\u0259t yaddan \u00e7\u0131xm\u0131\u015fd\u0131 v\u0259 unudulmu\u015fdu. Amma d\u00f6vl\u0259timizin ba\u015f\u00e7\u0131s\u0131n\u0131n qay\u011f\u0131s\u0131 n\u0259tic\u0259sind\u0259 bu brend art\u0131q b\u0259rpa olunub. D\u00fcnyada &#8220;Az\u0259rbaycan xal\u00e7as\u0131&#8221; brend\u0259 \u00e7evrilib. Az\u0259rbaycan xal\u00e7alar\u0131 Orta Asiya, Uzaq \u015e\u0259rq xal\u00e7alar\u0131ndan \u00e7ox f\u0259rql\u0259nir. \u00c7\u00fcnki Az\u0259rbaycan xal\u00e7alar\u0131 interaktivdir. D\u00fcnyada yegan\u0259 interaktiv xal\u00e7a Az\u0259rbaycan xal\u00e7as\u0131d\u0131r. Ona g\u00f6r\u0259 d\u0259 d\u00fcnyan\u0131n muzeyl\u0259rinin mara\u011f\u0131 daha \u00e7ox Az\u0259rbaycan xal\u00e7alar\u0131nad\u0131r.<\/p>\n<p>Eyni zamanda, Prezident \u0130lham \u018fliyev dahi Az\u0259rbaycan \u015fairi \u0130mad\u0259ddin N\u0259siminin anadan olmas\u0131n\u0131n 650 illik yubileyinin qeyd edilm\u0259si haqq\u0131nda s\u0259r\u0259ncam imzalay\u0131b. Bu \u00e7\u0259r\u00e7iv\u0259d\u0259 Heyd\u0259r \u018fliyev Fondu, M\u0259d\u0259niyy\u0259t Nazirliyi v\u0259 Az\u0259rbaycan Xal\u00e7a Muzeyi N\u0259simiy\u0259 h\u0259sr olunmu\u015f bir xal\u00e7an\u0131n eskizi \u00fc\u00e7\u00fcn m\u00fcsabiq\u0259 elan etmi\u015fdi. R\u0259ssaml\u0131q Akademiyas\u0131nda bizim t\u0259l\u0259b\u0259miz olan 3 g\u0259nc d\u0259 m\u00fcsabiq\u0259d\u0259 i\u015ftirak edib. M\u00fcsabiq\u0259d\u0259 N\u0259siminin portreti \u0259ks olan yeni formatda, yeni obrazda xal\u00e7a t\u0259qdim olundu. H\u0259min xal\u00e7an\u0131n m\u00fc\u0259llifi m\u0259n\u0259m. Bu m\u00fcsabiq\u0259 h\u0259m Az\u0259rbaycanda xal\u00e7a s\u0259n\u0259tin\u0259, h\u0259m d\u0259 Az\u0259rbaycan\u0131n dahi \u015fairi \u0130mad\u0259ddin N\u0259simiy\u0259 veril\u0259n y\u00fcks\u0259k qiym\u0259tin g\u00f6st\u0259ricisidir&#8221;.<\/p>\n","protected":false},"excerpt":{"rendered":"<p>Son ill\u0259r Az\u0259rbaycanda xal\u00e7a\u00e7\u0131l\u0131q s\u0259nayesinin inki\u015faf\u0131 geni\u015f f\u00fcs\u0259t al\u0131b. T\u0259bii ki, bu s\u0259n\u0259tin inki\u015faf\u0131nda Prezident \u0130lham \u018fliyevin imzalad\u0131\u011f\u0131 m\u00fcvafiq f\u0259rman v\u0259 s\u0259r\u0259ncamlar\u0131n b\u00f6y\u00fck rolu var. D\u00f6vl\u0259t ba\u015f\u00e7\u0131s\u0131n\u0131n bir ne\u00e7\u0259 g\u00fcn \u00f6nc\u0259 imzalad\u0131\u011f\u0131 &#8220;Goranboy rayonunun Yuxar\u0131 A\u011fcak\u0259nd q\u0259s\u0259b\u0259sind\u0259 Xocal\u0131 filial\u0131 \u00fc\u00e7\u00fcn xal\u00e7a istehsal\u0131 emalatxanas\u0131n\u0131n tikintisi, avadanl\u0131q v\u0259 d\u0259zgahlarla t\u0259chizat\u0131 v\u0259 infrastrukturun yarad\u0131lmas\u0131 il\u0259 ba\u011fl\u0131 t\u0259dbirl\u0259r haqq\u0131nda&#8221; s\u0259r\u0259ncam bu sah\u0259y\u0259 ayr\u0131lan x\u00fcsusi diqq\u0259t v\u0259 qay\u011f\u0131n\u0131n bariz n\u00fcmun\u0259sidir. Eyni zamanda, bu, Prezidentin Az\u0259rbaycanda xal\u00e7a\u00e7\u0131l\u0131\u011f\u0131n inki\u015faf\u0131na y\u00f6n\u0259lmi\u015f bir s\u0131ra f\u0259rman v\u0259 s\u0259r\u0259ncamlar\u0131ndan n\u00f6vb\u0259tisidir. H\u0259m\u00e7inin, Prezident t\u0259r\u0259find\u0259n 2018-2022-ci ill\u0259r \u00fc\u00e7\u00fcn D\u00f6vl\u0259t Proqram\u0131n\u0131n t\u0259sdiql\u0259nm\u0259si, Prezidentin \u00f6t\u0259n&hellip;<\/p>\n","protected":false},"author":2,"featured_media":94153,"comment_status":"closed","ping_status":"closed","sticky":false,"template":"","format":"standard","meta":{"om_disable_all_campaigns":false,"_monsterinsights_skip_tracking":false,"_monsterinsights_sitenote_active":false,"_monsterinsights_sitenote_note":"","_monsterinsights_sitenote_category":0},"categories":[1],"tags":[],"aioseo_notices":[],"gutentor_comment":0,"rttpg_featured_image_url":{"full":["https:\/\/arantv.az\/wp-content\/uploads\/2019\/11\/d61136d6072e32dae8c7523e4c77184d.jpg",650,441,false],"landscape":["https:\/\/arantv.az\/wp-content\/uploads\/2019\/11\/d61136d6072e32dae8c7523e4c77184d.jpg",650,441,false],"portraits":["https:\/\/arantv.az\/wp-content\/uploads\/2019\/11\/d61136d6072e32dae8c7523e4c77184d.jpg",650,441,false],"thumbnail":["https:\/\/arantv.az\/wp-content\/uploads\/2019\/11\/d61136d6072e32dae8c7523e4c77184d-150x150.jpg",150,150,true],"medium":["https:\/\/arantv.az\/wp-content\/uploads\/2019\/11\/d61136d6072e32dae8c7523e4c77184d-300x204.jpg",300,204,true],"large":["https:\/\/arantv.az\/wp-content\/uploads\/2019\/11\/d61136d6072e32dae8c7523e4c77184d.jpg",640,434,false],"1536x1536":["https:\/\/arantv.az\/wp-content\/uploads\/2019\/11\/d61136d6072e32dae8c7523e4c77184d.jpg",650,441,false],"2048x2048":["https:\/\/arantv.az\/wp-content\/uploads\/2019\/11\/d61136d6072e32dae8c7523e4c77184d.jpg",650,441,false],"post-thumbnail":["https:\/\/arantv.az\/wp-content\/uploads\/2019\/11\/d61136d6072e32dae8c7523e4c77184d-240x172.jpg",240,172,true],"advps-thumb-one":["https:\/\/arantv.az\/wp-content\/uploads\/2019\/11\/d61136d6072e32dae8c7523e4c77184d.jpg",650,441,false]},"rttpg_author":{"display_name":"V\u00fcsal Rafiqo\u011flu","author_link":"https:\/\/arantv.az\/?author=2"},"rttpg_comment":0,"rttpg_category":"<a href=\"https:\/\/arantv.az\/?cat=1\" rel=\"category\">C\u0259miyy\u0259t<\/a>","rttpg_excerpt":"Son ill\u0259r Az\u0259rbaycanda xal\u00e7a\u00e7\u0131l\u0131q s\u0259nayesinin inki\u015faf\u0131 geni\u015f f\u00fcs\u0259t al\u0131b. T\u0259bii ki, bu s\u0259n\u0259tin inki\u015faf\u0131nda Prezident \u0130lham \u018fliyevin imzalad\u0131\u011f\u0131 m\u00fcvafiq f\u0259rman v\u0259 s\u0259r\u0259ncamlar\u0131n b\u00f6y\u00fck rolu var. D\u00f6vl\u0259t ba\u015f\u00e7\u0131s\u0131n\u0131n bir ne\u00e7\u0259 g\u00fcn \u00f6nc\u0259 imzalad\u0131\u011f\u0131 &#8220;Goranboy rayonunun Yuxar\u0131 A\u011fcak\u0259nd q\u0259s\u0259b\u0259sind\u0259 Xocal\u0131 filial\u0131 \u00fc\u00e7\u00fcn xal\u00e7a istehsal\u0131 emalatxanas\u0131n\u0131n tikintisi, avadanl\u0131q v\u0259 d\u0259zgahlarla t\u0259chizat\u0131 v\u0259 infrastrukturun yarad\u0131lmas\u0131 il\u0259 ba\u011fl\u0131 t\u0259dbirl\u0259r haqq\u0131nda&#8221;&hellip;","_links":{"self":[{"href":"https:\/\/arantv.az\/index.php?rest_route=\/wp\/v2\/posts\/94152"}],"collection":[{"href":"https:\/\/arantv.az\/index.php?rest_route=\/wp\/v2\/posts"}],"about":[{"href":"https:\/\/arantv.az\/index.php?rest_route=\/wp\/v2\/types\/post"}],"author":[{"embeddable":true,"href":"https:\/\/arantv.az\/index.php?rest_route=\/wp\/v2\/users\/2"}],"replies":[{"embeddable":true,"href":"https:\/\/arantv.az\/index.php?rest_route=%2Fwp%2Fv2%2Fcomments&post=94152"}],"version-history":[{"count":0,"href":"https:\/\/arantv.az\/index.php?rest_route=\/wp\/v2\/posts\/94152\/revisions"}],"wp:featuredmedia":[{"embeddable":true,"href":"https:\/\/arantv.az\/index.php?rest_route=\/wp\/v2\/media\/94153"}],"wp:attachment":[{"href":"https:\/\/arantv.az\/index.php?rest_route=%2Fwp%2Fv2%2Fmedia&parent=94152"}],"wp:term":[{"taxonomy":"category","embeddable":true,"href":"https:\/\/arantv.az\/index.php?rest_route=%2Fwp%2Fv2%2Fcategories&post=94152"},{"taxonomy":"post_tag","embeddable":true,"href":"https:\/\/arantv.az\/index.php?rest_route=%2Fwp%2Fv2%2Ftags&post=94152"}],"curies":[{"name":"wp","href":"https:\/\/api.w.org\/{rel}","templated":true}]}}