{"id":94156,"date":"2019-11-08T15:58:18","date_gmt":"2019-11-08T12:58:18","guid":{"rendered":"http:\/\/arantv.az\/?p=94156"},"modified":"2019-11-08T15:58:18","modified_gmt":"2019-11-08T12:58:18","slug":"lavrov-qarabag-munaqis%c9%99sini-muzakir%c9%99-etm%c9%99k-ucun-yerevana-gedir","status":"publish","type":"post","link":"https:\/\/arantv.az\/?p=94156","title":{"rendered":"Lavrov Qaraba\u011f m\u00fcnaqi\u015f\u0259sini m\u00fczakir\u0259 etm\u0259k \u00fc\u00e7\u00fcn Yerevana gedir"},"content":{"rendered":"<p>Rusiya Xarici \u0130\u015fl\u0259r naziri Sergey Lavrov noyabr\u0131n 10-11-d\u0259 Yerevana r\u0259smi s\u0259f\u0259r ed\u0259c\u0259k.<\/p>\n<p><strong>ARANTV.AZ<\/strong>-\u0131n\u00a0<a href=\"https:\/\/iz.ru\/941148\/2019-11-08\/v-mid-rasskazali-o-predstoiashchikh-poezdkakh-lavrova-vo-frantciiu-i-armeniiu\" target=\"_blank\" rel=\"noopener\">Rusiya K\u0130V<\/a>-\u0259 istinad\u0259n m\u0259lumat\u0131na g\u00f6r\u0259, bunu \u00f6lk\u0259nin Xarici \u0130\u015fl\u0259r Nazirliyinin m\u0259tbuat katibi Mariya Zaxarova deyib.<\/p>\n<div id=\"AdviadNativeVideo0\" class=\"AdviadNativeVideo\"><\/div>\n<p>O bildirib ki, S.Lavrov Erm\u0259nistan\u0131n Ba\u015f naziri, Prezidenti, Xarici \u0130\u015fl\u0259r naziri il\u0259 g\u00f6r\u00fc\u015f\u0259c\u0259k.<\/p>\n<p>Onun s\u00f6zl\u0259rin\u0259 g\u00f6r\u0259, Rusiya-Erm\u0259nistan aras\u0131nda ikit\u0259r\u0259fli \u0259m\u0259kda\u015fl\u0131\u011f\u0131n geni\u015f spektri, regional t\u0259hl\u00fck\u0259sizlik v\u0259 Da\u011fl\u0131q Qaraba\u011f m\u00fcnaqi\u015f\u0259sinin nizamlanmas\u0131 m\u0259s\u0259l\u0259l\u0259ri m\u00fczakir\u0259 edil\u0259c\u0259k.<\/p>\n","protected":false},"excerpt":{"rendered":"<p>Rusiya Xarici \u0130\u015fl\u0259r naziri Sergey Lavrov noyabr\u0131n 10-11-d\u0259 Yerevana r\u0259smi s\u0259f\u0259r ed\u0259c\u0259k. ARANTV.AZ-\u0131n\u00a0Rusiya K\u0130V-\u0259 istinad\u0259n m\u0259lumat\u0131na g\u00f6r\u0259, bunu \u00f6lk\u0259nin Xarici \u0130\u015fl\u0259r Nazirliyinin m\u0259tbuat katibi Mariya Zaxarova deyib. O bildirib ki, S.Lavrov Erm\u0259nistan\u0131n Ba\u015f naziri, Prezidenti, Xarici \u0130\u015fl\u0259r naziri il\u0259 g\u00f6r\u00fc\u015f\u0259c\u0259k. Onun s\u00f6zl\u0259rin\u0259 g\u00f6r\u0259, Rusiya-Erm\u0259nistan aras\u0131nda ikit\u0259r\u0259fli \u0259m\u0259kda\u015fl\u0131\u011f\u0131n geni\u015f spektri, regional t\u0259hl\u00fck\u0259sizlik v\u0259 Da\u011fl\u0131q Qaraba\u011f m\u00fcnaqi\u015f\u0259sinin nizamlanmas\u0131 m\u0259s\u0259l\u0259l\u0259ri m\u00fczakir\u0259 edil\u0259c\u0259k.<\/p>\n","protected":false},"author":2,"featured_media":94157,"comment_status":"closed","ping_status":"closed","sticky":false,"template":"","format":"standard","meta":{"om_disable_all_campaigns":false,"_monsterinsights_skip_tracking":false,"_monsterinsights_sitenote_active":false,"_monsterinsights_sitenote_note":"","_monsterinsights_sitenote_category":0},"categories":[4],"tags":[],"aioseo_notices":[],"gutentor_comment":0,"rttpg_featured_image_url":{"full":["https:\/\/arantv.az\/wp-content\/uploads\/2019\/11\/lavrov.jpg",620,414,false],"landscape":["https:\/\/arantv.az\/wp-content\/uploads\/2019\/11\/lavrov.jpg",620,414,false],"portraits":["https:\/\/arantv.az\/wp-content\/uploads\/2019\/11\/lavrov.jpg",620,414,false],"thumbnail":["https:\/\/arantv.az\/wp-content\/uploads\/2019\/11\/lavrov-150x150.jpg",150,150,true],"medium":["https:\/\/arantv.az\/wp-content\/uploads\/2019\/11\/lavrov-300x200.jpg",300,200,true],"large":["https:\/\/arantv.az\/wp-content\/uploads\/2019\/11\/lavrov.jpg",620,414,false],"1536x1536":["https:\/\/arantv.az\/wp-content\/uploads\/2019\/11\/lavrov.jpg",620,414,false],"2048x2048":["https:\/\/arantv.az\/wp-content\/uploads\/2019\/11\/lavrov.jpg",620,414,false],"post-thumbnail":["https:\/\/arantv.az\/wp-content\/uploads\/2019\/11\/lavrov-240x172.jpg",240,172,true],"advps-thumb-one":["https:\/\/arantv.az\/wp-content\/uploads\/2019\/11\/lavrov.jpg",620,414,false]},"rttpg_author":{"display_name":"V\u00fcsal Rafiqo\u011flu","author_link":"https:\/\/arantv.az\/?author=2"},"rttpg_comment":0,"rttpg_category":"<a href=\"https:\/\/arantv.az\/?cat=4\" rel=\"category\">Siyas\u0259t<\/a>","rttpg_excerpt":"Rusiya Xarici \u0130\u015fl\u0259r naziri Sergey Lavrov noyabr\u0131n 10-11-d\u0259 Yerevana r\u0259smi s\u0259f\u0259r ed\u0259c\u0259k. ARANTV.AZ-\u0131n\u00a0Rusiya K\u0130V-\u0259 istinad\u0259n m\u0259lumat\u0131na g\u00f6r\u0259, bunu \u00f6lk\u0259nin Xarici \u0130\u015fl\u0259r Nazirliyinin m\u0259tbuat katibi Mariya Zaxarova deyib. O bildirib ki, S.Lavrov Erm\u0259nistan\u0131n Ba\u015f naziri, Prezidenti, Xarici \u0130\u015fl\u0259r naziri il\u0259 g\u00f6r\u00fc\u015f\u0259c\u0259k. Onun s\u00f6zl\u0259rin\u0259 g\u00f6r\u0259, Rusiya-Erm\u0259nistan aras\u0131nda ikit\u0259r\u0259fli \u0259m\u0259kda\u015fl\u0131\u011f\u0131n geni\u015f spektri, regional t\u0259hl\u00fck\u0259sizlik v\u0259 Da\u011fl\u0131q Qaraba\u011f m\u00fcnaqi\u015f\u0259sinin&hellip;","_links":{"self":[{"href":"https:\/\/arantv.az\/index.php?rest_route=\/wp\/v2\/posts\/94156"}],"collection":[{"href":"https:\/\/arantv.az\/index.php?rest_route=\/wp\/v2\/posts"}],"about":[{"href":"https:\/\/arantv.az\/index.php?rest_route=\/wp\/v2\/types\/post"}],"author":[{"embeddable":true,"href":"https:\/\/arantv.az\/index.php?rest_route=\/wp\/v2\/users\/2"}],"replies":[{"embeddable":true,"href":"https:\/\/arantv.az\/index.php?rest_route=%2Fwp%2Fv2%2Fcomments&post=94156"}],"version-history":[{"count":0,"href":"https:\/\/arantv.az\/index.php?rest_route=\/wp\/v2\/posts\/94156\/revisions"}],"wp:featuredmedia":[{"embeddable":true,"href":"https:\/\/arantv.az\/index.php?rest_route=\/wp\/v2\/media\/94157"}],"wp:attachment":[{"href":"https:\/\/arantv.az\/index.php?rest_route=%2Fwp%2Fv2%2Fmedia&parent=94156"}],"wp:term":[{"taxonomy":"category","embeddable":true,"href":"https:\/\/arantv.az\/index.php?rest_route=%2Fwp%2Fv2%2Fcategories&post=94156"},{"taxonomy":"post_tag","embeddable":true,"href":"https:\/\/arantv.az\/index.php?rest_route=%2Fwp%2Fv2%2Ftags&post=94156"}],"curies":[{"name":"wp","href":"https:\/\/api.w.org\/{rel}","templated":true}]}}