{"id":94172,"date":"2019-11-08T16:13:01","date_gmt":"2019-11-08T13:13:01","guid":{"rendered":"http:\/\/arantv.az\/?p=94172"},"modified":"2019-11-08T16:13:01","modified_gmt":"2019-11-08T13:13:01","slug":"mariya-zaxarova-az%c9%99rbaycanla-rusiya-arasinda-munasib%c9%99tl%c9%99r-n%c9%99h%c9%99ng-perspektivl%c9%99r%c9%99-malikdir","status":"publish","type":"post","link":"https:\/\/arantv.az\/?p=94172","title":{"rendered":"Mariya Zaxarova: &#8220;Az\u0259rbaycanla Rusiya aras\u0131nda m\u00fcnasib\u0259tl\u0259r n\u0259h\u0259ng perspektivl\u0259r\u0259 malikdir&#8221;"},"content":{"rendered":"<p>&#8220;Az\u0259rbaycanla Rusiya aras\u0131nda m\u00fcnasib\u0259tl\u0259r n\u0259h\u0259ng perspektivl\u0259r\u0259 malikdir&#8221;.<\/p>\n<p><strong>ARANTV.AZ<\/strong>\u00a0\u00a0<a href=\"https:\/\/az.trend.az\/\" target=\"_blank\" rel=\"noopener\">Trend<\/a>-\u0259 istinad\u0259n x\u0259b\u0259r verir ki, bunu Rusiya Xarici \u0130\u015fl\u0259r Nazirliyinin r\u0259smi n\u00fcmay\u0259nd\u0259si Mariya Zaxarova brifinq zaman\u0131 deyib.<\/p>\n<p>O bildirib ki, \u00f6lk\u0259l\u0259r aras\u0131nda m\u00fcnasib\u0259tl\u0259r dinamik inki\u015faf edir:<\/p>\n<p>&#8220;Bizi \u00fcmumi tarix, bu g\u00fcn v\u0259 g\u0259l\u0259c\u0259k birl\u0259\u015fdirir. Ona g\u00f6r\u0259 d\u0259 bu m\u00fcnasib\u0259tl\u0259r g\u0259l\u0259c\u0259y\u0259 y\u00f6n\u0259lib v\u0259 n\u0259h\u0259ng perspektivl\u0259r\u0259 malikdir&#8221;.<\/p>\n<p>M.Zaxarova daha sonra bildirib ki, Rusiya-Az\u0259rbaycan regionlararas\u0131 yubiley forumu Moskvada ke\u00e7iril\u0259c\u0259k:<\/p>\n<p>&#8220;Forum noyabr\u0131n 22-23-d\u0259 planla\u015fd\u0131r\u0131l\u0131b. Bu, onuncu regionlararas\u0131 forum olacaq. T\u0259dbirin t\u0259\u015fkilat\u00e7\u0131lar\u0131 Rusiyan\u0131n \u0130qtisadi \u0130nki\u015faf Nazirliyi v\u0259 Az\u0259rbaycan\u0131n \u0130qtisadiyyat Nazirliyidir&#8221;.<\/p>\n<p>O \u0259lav\u0259 edib ki, regionlararas\u0131 \u0259laq\u0259l\u0259r Rusiya v\u0259 Az\u0259rbaycan\u0131n \u00e7oxplanl\u0131 ikit\u0259r\u0259fli m\u00fcnasib\u0259tl\u0259rind\u0259 b\u00f6y\u00fck \u0259h\u0259miyy\u0259t da\u015f\u0131y\u0131r v\u0259 geni\u015fl\u0259nm\u0259kd\u0259 davam edir:<\/p>\n<p>&#8220;Buraya Rusiyan\u0131n 70-d\u0259n \u00e7ox subyekti c\u0259lb olunub. Rusiyan\u0131n 17 subyekti Az\u0259rbaycanla ticari-iqtisadi, elmi-texniki v\u0259 m\u0259d\u0259ni \u0259m\u0259kda\u015fl\u0131q \u00fczr\u0259 sazi\u015fl\u0259r\u0259 malikdir. Az\u0259rbaycanla ticar\u0259t h\u0259cminin \u00fc\u00e7d\u0259 bir hiss\u0259sind\u0259n \u00e7oxu Moskva v\u0259 Moskva vilay\u0259tinin pay\u0131na d\u00fc\u015f\u00fcr. Ticar\u0259t t\u0259r\u0259fda\u015flar\u0131 aras\u0131nda ilk onlu\u011fa Stavropol diyar\u0131, Krasnodar diyar\u0131, \u00c7elyabinsk, Sverdlovsk, Saratov, Orenburq vilay\u0259tl\u0259ri, el\u0259c\u0259 d\u0259 Sankt-Peterburq \u015f\u0259h\u0259ri v\u0259 Tatar\u0131stan respublikas\u0131 daxildir&#8221;.<\/p>\n","protected":false},"excerpt":{"rendered":"<p>&#8220;Az\u0259rbaycanla Rusiya aras\u0131nda m\u00fcnasib\u0259tl\u0259r n\u0259h\u0259ng perspektivl\u0259r\u0259 malikdir&#8221;. ARANTV.AZ\u00a0\u00a0Trend-\u0259 istinad\u0259n x\u0259b\u0259r verir ki, bunu Rusiya Xarici \u0130\u015fl\u0259r Nazirliyinin r\u0259smi n\u00fcmay\u0259nd\u0259si Mariya Zaxarova brifinq zaman\u0131 deyib. O bildirib ki, \u00f6lk\u0259l\u0259r aras\u0131nda m\u00fcnasib\u0259tl\u0259r dinamik inki\u015faf edir: &#8220;Bizi \u00fcmumi tarix, bu g\u00fcn v\u0259 g\u0259l\u0259c\u0259k birl\u0259\u015fdirir. Ona g\u00f6r\u0259 d\u0259 bu m\u00fcnasib\u0259tl\u0259r g\u0259l\u0259c\u0259y\u0259 y\u00f6n\u0259lib v\u0259 n\u0259h\u0259ng perspektivl\u0259r\u0259 malikdir&#8221;. M.Zaxarova daha sonra bildirib ki, Rusiya-Az\u0259rbaycan regionlararas\u0131 yubiley forumu Moskvada ke\u00e7iril\u0259c\u0259k: &#8220;Forum noyabr\u0131n 22-23-d\u0259 planla\u015fd\u0131r\u0131l\u0131b. Bu, onuncu regionlararas\u0131 forum olacaq. T\u0259dbirin t\u0259\u015fkilat\u00e7\u0131lar\u0131 Rusiyan\u0131n \u0130qtisadi \u0130nki\u015faf Nazirliyi v\u0259 Az\u0259rbaycan\u0131n \u0130qtisadiyyat Nazirliyidir&#8221;. O \u0259lav\u0259 edib ki, regionlararas\u0131 \u0259laq\u0259l\u0259r Rusiya v\u0259&hellip;<\/p>\n","protected":false},"author":2,"featured_media":94173,"comment_status":"closed","ping_status":"closed","sticky":false,"template":"","format":"standard","meta":{"om_disable_all_campaigns":false,"_monsterinsights_skip_tracking":false,"_monsterinsights_sitenote_active":false,"_monsterinsights_sitenote_note":"","_monsterinsights_sitenote_category":0},"categories":[4],"tags":[],"aioseo_notices":[],"gutentor_comment":0,"rttpg_featured_image_url":{"full":["https:\/\/arantv.az\/wp-content\/uploads\/2019\/11\/800841.jpg",800,600,false],"landscape":["https:\/\/arantv.az\/wp-content\/uploads\/2019\/11\/800841.jpg",800,600,false],"portraits":["https:\/\/arantv.az\/wp-content\/uploads\/2019\/11\/800841.jpg",800,600,false],"thumbnail":["https:\/\/arantv.az\/wp-content\/uploads\/2019\/11\/800841-150x150.jpg",150,150,true],"medium":["https:\/\/arantv.az\/wp-content\/uploads\/2019\/11\/800841-300x225.jpg",300,225,true],"large":["https:\/\/arantv.az\/wp-content\/uploads\/2019\/11\/800841.jpg",640,480,false],"1536x1536":["https:\/\/arantv.az\/wp-content\/uploads\/2019\/11\/800841.jpg",800,600,false],"2048x2048":["https:\/\/arantv.az\/wp-content\/uploads\/2019\/11\/800841.jpg",800,600,false],"post-thumbnail":["https:\/\/arantv.az\/wp-content\/uploads\/2019\/11\/800841-240x172.jpg",240,172,true],"advps-thumb-one":["https:\/\/arantv.az\/wp-content\/uploads\/2019\/11\/800841.jpg",800,600,false]},"rttpg_author":{"display_name":"V\u00fcsal Rafiqo\u011flu","author_link":"https:\/\/arantv.az\/?author=2"},"rttpg_comment":0,"rttpg_category":"<a href=\"https:\/\/arantv.az\/?cat=4\" rel=\"category\">Siyas\u0259t<\/a>","rttpg_excerpt":"&#8220;Az\u0259rbaycanla Rusiya aras\u0131nda m\u00fcnasib\u0259tl\u0259r n\u0259h\u0259ng perspektivl\u0259r\u0259 malikdir&#8221;. ARANTV.AZ\u00a0\u00a0Trend-\u0259 istinad\u0259n x\u0259b\u0259r verir ki, bunu Rusiya Xarici \u0130\u015fl\u0259r Nazirliyinin r\u0259smi n\u00fcmay\u0259nd\u0259si Mariya Zaxarova brifinq zaman\u0131 deyib. O bildirib ki, \u00f6lk\u0259l\u0259r aras\u0131nda m\u00fcnasib\u0259tl\u0259r dinamik inki\u015faf edir: &#8220;Bizi \u00fcmumi tarix, bu g\u00fcn v\u0259 g\u0259l\u0259c\u0259k birl\u0259\u015fdirir. Ona g\u00f6r\u0259 d\u0259 bu m\u00fcnasib\u0259tl\u0259r g\u0259l\u0259c\u0259y\u0259 y\u00f6n\u0259lib v\u0259 n\u0259h\u0259ng perspektivl\u0259r\u0259 malikdir&#8221;. M.Zaxarova daha sonra&hellip;","_links":{"self":[{"href":"https:\/\/arantv.az\/index.php?rest_route=\/wp\/v2\/posts\/94172"}],"collection":[{"href":"https:\/\/arantv.az\/index.php?rest_route=\/wp\/v2\/posts"}],"about":[{"href":"https:\/\/arantv.az\/index.php?rest_route=\/wp\/v2\/types\/post"}],"author":[{"embeddable":true,"href":"https:\/\/arantv.az\/index.php?rest_route=\/wp\/v2\/users\/2"}],"replies":[{"embeddable":true,"href":"https:\/\/arantv.az\/index.php?rest_route=%2Fwp%2Fv2%2Fcomments&post=94172"}],"version-history":[{"count":0,"href":"https:\/\/arantv.az\/index.php?rest_route=\/wp\/v2\/posts\/94172\/revisions"}],"wp:featuredmedia":[{"embeddable":true,"href":"https:\/\/arantv.az\/index.php?rest_route=\/wp\/v2\/media\/94173"}],"wp:attachment":[{"href":"https:\/\/arantv.az\/index.php?rest_route=%2Fwp%2Fv2%2Fmedia&parent=94172"}],"wp:term":[{"taxonomy":"category","embeddable":true,"href":"https:\/\/arantv.az\/index.php?rest_route=%2Fwp%2Fv2%2Fcategories&post=94172"},{"taxonomy":"post_tag","embeddable":true,"href":"https:\/\/arantv.az\/index.php?rest_route=%2Fwp%2Fv2%2Ftags&post=94172"}],"curies":[{"name":"wp","href":"https:\/\/api.w.org\/{rel}","templated":true}]}}