{"id":94196,"date":"2019-11-09T08:30:02","date_gmt":"2019-11-09T05:30:02","guid":{"rendered":"http:\/\/arantv.az\/?p=94196"},"modified":"2019-11-09T08:30:02","modified_gmt":"2019-11-09T05:30:02","slug":"turkiy%c9%99li-taninmislardan-moht%c9%99s%c9%99m-az%c9%99rbaycan-dovl%c9%99t-bayragi-gunu-t%c9%99briki-video","status":"publish","type":"post","link":"https:\/\/arantv.az\/?p=94196","title":{"rendered":"T\u00fcrkiy\u0259li tan\u0131nm\u0131\u015flardan m\u00f6ht\u0259\u015f\u0259m Az\u0259rbaycan D\u00f6vl\u0259t Bayra\u011f\u0131 G\u00fcn\u00fc t\u0259briki &#8211; V\u0130DEO"},"content":{"rendered":"<p>Bu g\u00fcn Az\u0259rbaycan D\u00f6vl\u0259t Bayra\u011f\u0131 G\u00fcn\u00fcd\u00fcr.<\/p>\n<p>T\u00fcrkiy\u0259nin tan\u0131nm\u0131\u015f siyasi, ictimai xadiml\u0259ri, s\u0259n\u0259t adamlar\u0131 bu m\u00fcnasib\u0259tl\u0259 Az\u0259rbaycan xalq\u0131n\u0131 \u201c<a href=\"https:\/\/www.youtube.com\/watch?v=Q2bqMUa_u7s&amp;feature=youtu.be&amp;fbclid=IwAR1IxhTHWA56fOE3wzAb-dl2oS_UWt9o2ISP6_Wg4i3vwhx-49AmQ2ACW1I\" target=\"_blank\" rel=\"noopener\">HaberGlobal<\/a>\u201da g\u00f6nd\u0259rdikl\u0259ri maraql\u0131 video il\u0259 t\u0259brik edibl\u0259r.<\/p>\n<p>T\u00fcrkiy\u0259nin Xarici \u0130\u015fl\u0259r naziri M\u00f6vlud \u00c7avu\u015fo\u011flu bayram t\u0259brikini bu s\u00f6zl\u0259rl\u0259 dil\u0259 g\u0259tirib:<\/p>\n<p>\u201cBir mill\u0259t, iki d\u00f6vl\u0259t\u201d ifad\u0259si il\u0259 g\u00fccl\u0259n\u0259n qarda\u015fl\u0131\u011f\u0131m\u0131z\u0131 daha y\u00fcks\u0259k s\u0259viyy\u0259l\u0259r\u0259 \u00e7\u0131xarmaq h\u0259m ortaq miras\u0131m\u0131za, h\u0259m d\u0259 g\u0259l\u0259c\u0259k n\u0259sill\u0259r\u0259 olan borcumuz v\u0259 v\u0259zif\u0259mizdir. \u00c7\u00fcnki azadl\u0131\u011f\u0131m\u0131z, g\u0259l\u0259c\u0259yimiz, \u0259min-amanl\u0131\u011f\u0131m\u0131z bir-birin\u0259 ba\u011fl\u0131d\u0131r. T\u00fcrkiy\u0259 Az\u0259rbaycand\u0131r, Az\u0259rbaycan T\u00fcrkiy\u0259dir!\u201d.<\/p>\n<p>Az\u0259rbaycan\u0131n X\u0130N r\u0259hb\u0259ri Elmar M\u0259mm\u0259dyarov bu d\u0259y\u0259rli t\u0259brik\u0259 g\u00f6r\u0259 h\u0259mkar\u0131na d\u0259rin t\u0259\u015f\u0259kk\u00fcr\u00fcn\u00fc ifad\u0259 edib.<\/p>\n<p>T\u00fcrkiy\u0259 B\u00f6y\u00fck Mill\u0259t M\u0259clisinin s\u0259dri Mustafa \u015e\u0259ntop bildirib ki, Az\u0259rbaycan T\u00fcrkiy\u0259nin olmad\u0131\u011f\u0131 yerd\u0259 h\u0259mi\u015f\u0259 onlar\u0131n h\u00fcquqlar\u0131n\u0131 layiqinc\u0259 m\u00fcdafi\u0259 edib.<\/p>\n<p>T\u00fcrkiy\u0259 B\u00f6y\u00fck Mill\u0259t M\u0259clisinin s\u0259drinin v\u0259kili Levent G\u00f6k, CHP lideri Kamal K\u0131l\u0131\u00e7daro\u011flu, \u0130stanbul B\u00f6y\u00fck \u015e\u0259h\u0259r B\u0259l\u0259diyy\u0259sinin ba\u015f\u00e7\u0131s\u0131 \u018fkr\u0259m \u0130mamo\u011flu, Az\u0259rbaycan Parlamentl\u0259raras\u0131 Dostluq qrupunun s\u0259dri \u015eamil Ayr\u0131m, MHP r\u0259hb\u0259rinin k\u00f6m\u0259k\u00e7isi M\u00f6vlud Karakaya, AKP qrup ba\u015fqan v\u0259kili M\u0259h\u0259mm\u0259d \u018fmin Akba\u015fo\u011flu, tan\u0131nm\u0131\u015f t\u00fcrkiy\u0259li aktyor v\u0259 \u015foumen Okan Bay\u00fclgen, modelyer v\u0259 m\u00fc\u011f\u0259nni \u0130vana S\u0259rt, m\u00fc\u011f\u0259nni Hakan Peker, musiqi\u00e7i Mustafa Ceceli, futbol \u015f\u0259rh\u00e7isi T\u00fcmer M\u0259tin, tan\u0131nm\u0131\u015f apar\u0131c\u0131 S\u0259ba T\u00fcmer, aktyor S\u0259lim Bayraqdar, m\u00fc\u011f\u0259nni Ebru Ya\u015far kimi tan\u0131nm\u0131\u015f siyas\u0259t, ictimaiyy\u0259t v\u0259 s\u0259n\u0259t d\u00fcnyas\u0131ndan olanlar Az\u0259rbaycan\u0131 Bayraq G\u00fcn\u00fc m\u00fcnasib\u0259til\u0259 t\u0259brik edib, Bayra\u011f\u0131m\u0131z\u0131n \u0259b\u0259di dal\u011falanmas\u0131n\u0131 arzulay\u0131blar.<\/p>\n<div><iframe loading=\"lazy\" src=\"https:\/\/www.youtube.com\/embed\/Q2bqMUa_u7s\" width=\"560\" height=\"315\" frameborder=\"0\" allowfullscreen=\"allowfullscreen\" data-mce-fragment=\"1\"><\/iframe><\/div>\n<p>Qeyd ed\u0259k ki, Az\u0259rbaycan\u0131n \u00fc\u00e7r\u0259ngli bayra\u011f\u0131 d\u00f6vl\u0259t r\u0259mzi olaraq Az\u0259rbaycan Xalq C\u00fcmhuriyy\u0259ti (AXC) H\u00f6kum\u0259tinin 1918-ci il 9 noyabr tarixli iclas\u0131nda q\u0259bul olunub.<\/p>\n<p>1920-ci il aprelin 27-d\u0259 bol\u015fevik i\u015f\u011fal\u0131ndan sonra AXC-nin bayra\u011f\u0131 Az\u0259rbaycan SSR-in q\u0131rm\u0131z\u0131 r\u0259ngli oraq-\u00e7\u0259kicli bayra\u011f\u0131 il\u0259 \u0259v\u0259zl\u0259nib. 1990-c\u0131 il noyabr\u0131n 17-d\u0259 Nax\u00e7\u0131van MR Ali M\u0259clisinin q\u0259rar\u0131 il\u0259 b\u0259rpa olunaraq muxtar respublikan\u0131n d\u00f6vl\u0259t bayra\u011f\u0131 kimi q\u0259bul olunub. 1991-ci il fevral\u0131n 5-d\u0259 Az\u0259rbaycan Ali Sovetinin q\u0259rar\u0131 il\u0259 haz\u0131rk\u0131 \u00fc\u00e7r\u0259ngli v\u0259 ay-ulduzlu bayraq m\u00fcst\u0259qil respublikan\u0131n d\u00f6vl\u0259t bayra\u011f\u0131 elan edilib.<\/p>\n<p>Az\u0259rbaycan Prezidenti \u0130lham \u018fliyevin 2009-cu il noyabr\u0131n 18-d\u0259 imzalad\u0131\u011f\u0131 s\u0259r\u0259ncamla 9 noyabr tarixi D\u00f6vl\u0259t Bayra\u011f\u0131 g\u00fcn\u00fc kimi qeyd olunur.<\/p>\n","protected":false},"excerpt":{"rendered":"<p>Bu g\u00fcn Az\u0259rbaycan D\u00f6vl\u0259t Bayra\u011f\u0131 G\u00fcn\u00fcd\u00fcr. T\u00fcrkiy\u0259nin tan\u0131nm\u0131\u015f siyasi, ictimai xadiml\u0259ri, s\u0259n\u0259t adamlar\u0131 bu m\u00fcnasib\u0259tl\u0259 Az\u0259rbaycan xalq\u0131n\u0131 \u201cHaberGlobal\u201da g\u00f6nd\u0259rdikl\u0259ri maraql\u0131 video il\u0259 t\u0259brik edibl\u0259r. T\u00fcrkiy\u0259nin Xarici \u0130\u015fl\u0259r naziri M\u00f6vlud \u00c7avu\u015fo\u011flu bayram t\u0259brikini bu s\u00f6zl\u0259rl\u0259 dil\u0259 g\u0259tirib: \u201cBir mill\u0259t, iki d\u00f6vl\u0259t\u201d ifad\u0259si il\u0259 g\u00fccl\u0259n\u0259n qarda\u015fl\u0131\u011f\u0131m\u0131z\u0131 daha y\u00fcks\u0259k s\u0259viyy\u0259l\u0259r\u0259 \u00e7\u0131xarmaq h\u0259m ortaq miras\u0131m\u0131za, h\u0259m d\u0259 g\u0259l\u0259c\u0259k n\u0259sill\u0259r\u0259 olan borcumuz v\u0259 v\u0259zif\u0259mizdir. \u00c7\u00fcnki azadl\u0131\u011f\u0131m\u0131z, g\u0259l\u0259c\u0259yimiz, \u0259min-amanl\u0131\u011f\u0131m\u0131z bir-birin\u0259 ba\u011fl\u0131d\u0131r. T\u00fcrkiy\u0259 Az\u0259rbaycand\u0131r, Az\u0259rbaycan T\u00fcrkiy\u0259dir!\u201d. Az\u0259rbaycan\u0131n X\u0130N r\u0259hb\u0259ri Elmar M\u0259mm\u0259dyarov bu d\u0259y\u0259rli t\u0259brik\u0259 g\u00f6r\u0259 h\u0259mkar\u0131na d\u0259rin t\u0259\u015f\u0259kk\u00fcr\u00fcn\u00fc ifad\u0259 edib. T\u00fcrkiy\u0259 B\u00f6y\u00fck Mill\u0259t M\u0259clisinin s\u0259dri Mustafa \u015e\u0259ntop&hellip;<\/p>\n","protected":false},"author":2,"featured_media":94197,"comment_status":"closed","ping_status":"closed","sticky":false,"template":"","format":"standard","meta":{"om_disable_all_campaigns":false,"_monsterinsights_skip_tracking":false,"_monsterinsights_sitenote_active":false,"_monsterinsights_sitenote_note":"","_monsterinsights_sitenote_category":0},"categories":[1],"tags":[],"aioseo_notices":[],"gutentor_comment":0,"rttpg_featured_image_url":{"full":["https:\/\/arantv.az\/wp-content\/uploads\/2019\/11\/bayraq.jpg",620,414,false],"landscape":["https:\/\/arantv.az\/wp-content\/uploads\/2019\/11\/bayraq.jpg",620,414,false],"portraits":["https:\/\/arantv.az\/wp-content\/uploads\/2019\/11\/bayraq.jpg",620,414,false],"thumbnail":["https:\/\/arantv.az\/wp-content\/uploads\/2019\/11\/bayraq-150x150.jpg",150,150,true],"medium":["https:\/\/arantv.az\/wp-content\/uploads\/2019\/11\/bayraq-300x200.jpg",300,200,true],"large":["https:\/\/arantv.az\/wp-content\/uploads\/2019\/11\/bayraq.jpg",620,414,false],"1536x1536":["https:\/\/arantv.az\/wp-content\/uploads\/2019\/11\/bayraq.jpg",620,414,false],"2048x2048":["https:\/\/arantv.az\/wp-content\/uploads\/2019\/11\/bayraq.jpg",620,414,false],"post-thumbnail":["https:\/\/arantv.az\/wp-content\/uploads\/2019\/11\/bayraq-240x172.jpg",240,172,true],"advps-thumb-one":["https:\/\/arantv.az\/wp-content\/uploads\/2019\/11\/bayraq.jpg",620,414,false]},"rttpg_author":{"display_name":"V\u00fcsal Rafiqo\u011flu","author_link":"https:\/\/arantv.az\/?author=2"},"rttpg_comment":0,"rttpg_category":"<a href=\"https:\/\/arantv.az\/?cat=1\" rel=\"category\">C\u0259miyy\u0259t<\/a>","rttpg_excerpt":"Bu g\u00fcn Az\u0259rbaycan D\u00f6vl\u0259t Bayra\u011f\u0131 G\u00fcn\u00fcd\u00fcr. T\u00fcrkiy\u0259nin tan\u0131nm\u0131\u015f siyasi, ictimai xadiml\u0259ri, s\u0259n\u0259t adamlar\u0131 bu m\u00fcnasib\u0259tl\u0259 Az\u0259rbaycan xalq\u0131n\u0131 \u201cHaberGlobal\u201da g\u00f6nd\u0259rdikl\u0259ri maraql\u0131 video il\u0259 t\u0259brik edibl\u0259r. T\u00fcrkiy\u0259nin Xarici \u0130\u015fl\u0259r naziri M\u00f6vlud \u00c7avu\u015fo\u011flu bayram t\u0259brikini bu s\u00f6zl\u0259rl\u0259 dil\u0259 g\u0259tirib: \u201cBir mill\u0259t, iki d\u00f6vl\u0259t\u201d ifad\u0259si il\u0259 g\u00fccl\u0259n\u0259n qarda\u015fl\u0131\u011f\u0131m\u0131z\u0131 daha y\u00fcks\u0259k s\u0259viyy\u0259l\u0259r\u0259 \u00e7\u0131xarmaq h\u0259m ortaq miras\u0131m\u0131za, h\u0259m d\u0259 g\u0259l\u0259c\u0259k n\u0259sill\u0259r\u0259&hellip;","_links":{"self":[{"href":"https:\/\/arantv.az\/index.php?rest_route=\/wp\/v2\/posts\/94196"}],"collection":[{"href":"https:\/\/arantv.az\/index.php?rest_route=\/wp\/v2\/posts"}],"about":[{"href":"https:\/\/arantv.az\/index.php?rest_route=\/wp\/v2\/types\/post"}],"author":[{"embeddable":true,"href":"https:\/\/arantv.az\/index.php?rest_route=\/wp\/v2\/users\/2"}],"replies":[{"embeddable":true,"href":"https:\/\/arantv.az\/index.php?rest_route=%2Fwp%2Fv2%2Fcomments&post=94196"}],"version-history":[{"count":0,"href":"https:\/\/arantv.az\/index.php?rest_route=\/wp\/v2\/posts\/94196\/revisions"}],"wp:featuredmedia":[{"embeddable":true,"href":"https:\/\/arantv.az\/index.php?rest_route=\/wp\/v2\/media\/94197"}],"wp:attachment":[{"href":"https:\/\/arantv.az\/index.php?rest_route=%2Fwp%2Fv2%2Fmedia&parent=94196"}],"wp:term":[{"taxonomy":"category","embeddable":true,"href":"https:\/\/arantv.az\/index.php?rest_route=%2Fwp%2Fv2%2Fcategories&post=94196"},{"taxonomy":"post_tag","embeddable":true,"href":"https:\/\/arantv.az\/index.php?rest_route=%2Fwp%2Fv2%2Ftags&post=94196"}],"curies":[{"name":"wp","href":"https:\/\/api.w.org\/{rel}","templated":true}]}}