{"id":94204,"date":"2019-11-09T08:32:30","date_gmt":"2019-11-09T05:32:30","guid":{"rendered":"http:\/\/arantv.az\/?p=94204"},"modified":"2019-11-09T08:32:30","modified_gmt":"2019-11-09T05:32:30","slug":"mehriban-%c9%99liyevadan-bayraq-gunu-paylasimi-video","status":"publish","type":"post","link":"https:\/\/arantv.az\/?p=94204","title":{"rendered":"Mehriban \u018fliyevadan Bayraq G\u00fcn\u00fc payla\u015f\u0131m\u0131 &#8211; V\u0130DEO"},"content":{"rendered":"<p>Az\u0259rbaycan Respublikas\u0131n\u0131n Birinci vitse-prezidenti Mehriban \u018fliyeva \u201cInstagram\u201dda D\u00f6vl\u0259t Bayra\u011f\u0131 G\u00fcn\u00fc m\u00fcnasib\u0259til\u0259 video\u00e7arx payla\u015f\u0131b.<\/p>\n<p><a href=\"https:\/\/www.instagram.com\/explore\/tags\/azerbaycan\/\">#Azerbaycan<\/a>\u00a0<a href=\"https:\/\/www.instagram.com\/explore\/tags\/bayraq\/\">#bayraq<\/a>\u00a0<a href=\"https:\/\/www.instagram.com\/explore\/tags\/ilhamlaazerbaycan\/\">#ilhamlaazerbaycan<\/a>\u00a0h\u0259\u015ft\u0259qi il\u0259 payla\u015f\u0131lan\u00a0videonu t\u0259qdim edirik:<\/p>\n<div><iframe loading=\"lazy\" id=\"instagram-embed-0\" class=\"instagram-media instagram-media-rendered\" src=\"https:\/\/www.instagram.com\/p\/B4nfpr3A0uX\/embed\/captioned\/?cr=1&amp;v=12&amp;wp=540&amp;rd=https%3A%2F%2Foxu.az&amp;rp=%2Fpolitics%2F342017#%7B%22ci%22%3A0%2C%22os%22%3A3483.9450000000625%2C%22ls%22%3A1515.630000000101%2C%22le%22%3A1792.470000000094%7D\" width=\"300\" height=\"598\" frameborder=\"0\" scrolling=\"no\" allowfullscreen=\"allowfullscreen\" data-instgrm-payload-id=\"instagram-media-payload-0\" data-mce-fragment=\"1\"><\/iframe><\/div>\n<p>Qeyd ed\u0259k ki, bu g\u00fcn Az\u0259rbaycanda D\u00f6vl\u0259t Bayra\u011f\u0131 G\u00fcn\u00fc qeyd olunur.<\/p>\n<p>Az\u0259rbaycan Prezidenti \u0130lham \u018fliyevin 17 noyabr 2009-cu il tarixli s\u0259r\u0259ncam\u0131na \u0259sas\u0259n, h\u0259r il noyabr ay\u0131n\u0131n 9-u Az\u0259rbaycan Respublikas\u0131n\u0131n D\u00f6vl\u0259t Bayra\u011f\u0131 G\u00fcn\u00fc kimi qeyd edilir.<\/p>\n<p>Az\u0259rbaycan Respublikas\u0131 m\u00fcst\u0259qilliyini b\u0259rpa etdikd\u0259n sonra Az\u0259rbaycan\u0131n D\u00f6vl\u0259t Bayra\u011f\u0131 milli suverenliyin simvolu kimi \u00f6lk\u0259nin b\u00fct\u00fcn v\u0259t\u0259nda\u015flar\u0131 \u00fc\u00e7\u00fcn m\u00fcq\u0259dd\u0259s d\u00f6vl\u0259t\u00e7ilik r\u0259mzl\u0259rind\u0259n birin\u0259 \u00e7evrilib.<\/p>\n","protected":false},"excerpt":{"rendered":"<p>Az\u0259rbaycan Respublikas\u0131n\u0131n Birinci vitse-prezidenti Mehriban \u018fliyeva \u201cInstagram\u201dda D\u00f6vl\u0259t Bayra\u011f\u0131 G\u00fcn\u00fc m\u00fcnasib\u0259til\u0259 video\u00e7arx payla\u015f\u0131b. #Azerbaycan\u00a0#bayraq\u00a0#ilhamlaazerbaycan\u00a0h\u0259\u015ft\u0259qi il\u0259 payla\u015f\u0131lan\u00a0videonu t\u0259qdim edirik: Qeyd ed\u0259k ki, bu g\u00fcn Az\u0259rbaycanda D\u00f6vl\u0259t Bayra\u011f\u0131 G\u00fcn\u00fc qeyd olunur. Az\u0259rbaycan Prezidenti \u0130lham \u018fliyevin 17 noyabr 2009-cu il tarixli s\u0259r\u0259ncam\u0131na \u0259sas\u0259n, h\u0259r il noyabr ay\u0131n\u0131n 9-u Az\u0259rbaycan Respublikas\u0131n\u0131n D\u00f6vl\u0259t Bayra\u011f\u0131 G\u00fcn\u00fc kimi qeyd edilir. Az\u0259rbaycan Respublikas\u0131 m\u00fcst\u0259qilliyini b\u0259rpa etdikd\u0259n sonra Az\u0259rbaycan\u0131n D\u00f6vl\u0259t Bayra\u011f\u0131 milli suverenliyin simvolu kimi \u00f6lk\u0259nin b\u00fct\u00fcn v\u0259t\u0259nda\u015flar\u0131 \u00fc\u00e7\u00fcn m\u00fcq\u0259dd\u0259s d\u00f6vl\u0259t\u00e7ilik r\u0259mzl\u0259rind\u0259n birin\u0259 \u00e7evrilib.<\/p>\n","protected":false},"author":2,"featured_media":94205,"comment_status":"closed","ping_status":"closed","sticky":false,"template":"","format":"standard","meta":{"om_disable_all_campaigns":false,"_monsterinsights_skip_tracking":false,"_monsterinsights_sitenote_active":false,"_monsterinsights_sitenote_note":"","_monsterinsights_sitenote_category":0},"categories":[4],"tags":[],"aioseo_notices":[],"gutentor_comment":0,"rttpg_featured_image_url":{"full":["https:\/\/arantv.az\/wp-content\/uploads\/2019\/11\/m.jpg",620,412,false],"landscape":["https:\/\/arantv.az\/wp-content\/uploads\/2019\/11\/m.jpg",620,412,false],"portraits":["https:\/\/arantv.az\/wp-content\/uploads\/2019\/11\/m.jpg",620,412,false],"thumbnail":["https:\/\/arantv.az\/wp-content\/uploads\/2019\/11\/m-150x150.jpg",150,150,true],"medium":["https:\/\/arantv.az\/wp-content\/uploads\/2019\/11\/m-300x199.jpg",300,199,true],"large":["https:\/\/arantv.az\/wp-content\/uploads\/2019\/11\/m.jpg",620,412,false],"1536x1536":["https:\/\/arantv.az\/wp-content\/uploads\/2019\/11\/m.jpg",620,412,false],"2048x2048":["https:\/\/arantv.az\/wp-content\/uploads\/2019\/11\/m.jpg",620,412,false],"post-thumbnail":["https:\/\/arantv.az\/wp-content\/uploads\/2019\/11\/m-240x172.jpg",240,172,true],"advps-thumb-one":["https:\/\/arantv.az\/wp-content\/uploads\/2019\/11\/m.jpg",620,412,false]},"rttpg_author":{"display_name":"V\u00fcsal Rafiqo\u011flu","author_link":"https:\/\/arantv.az\/?author=2"},"rttpg_comment":0,"rttpg_category":"<a href=\"https:\/\/arantv.az\/?cat=4\" rel=\"category\">Siyas\u0259t<\/a>","rttpg_excerpt":"Az\u0259rbaycan Respublikas\u0131n\u0131n Birinci vitse-prezidenti Mehriban \u018fliyeva \u201cInstagram\u201dda D\u00f6vl\u0259t Bayra\u011f\u0131 G\u00fcn\u00fc m\u00fcnasib\u0259til\u0259 video\u00e7arx payla\u015f\u0131b. #Azerbaycan\u00a0#bayraq\u00a0#ilhamlaazerbaycan\u00a0h\u0259\u015ft\u0259qi il\u0259 payla\u015f\u0131lan\u00a0videonu t\u0259qdim edirik: Qeyd ed\u0259k ki, bu g\u00fcn Az\u0259rbaycanda D\u00f6vl\u0259t Bayra\u011f\u0131 G\u00fcn\u00fc qeyd olunur. Az\u0259rbaycan Prezidenti \u0130lham \u018fliyevin 17 noyabr 2009-cu il tarixli s\u0259r\u0259ncam\u0131na \u0259sas\u0259n, h\u0259r il noyabr ay\u0131n\u0131n 9-u Az\u0259rbaycan Respublikas\u0131n\u0131n D\u00f6vl\u0259t Bayra\u011f\u0131 G\u00fcn\u00fc kimi qeyd edilir. Az\u0259rbaycan Respublikas\u0131&hellip;","_links":{"self":[{"href":"https:\/\/arantv.az\/index.php?rest_route=\/wp\/v2\/posts\/94204"}],"collection":[{"href":"https:\/\/arantv.az\/index.php?rest_route=\/wp\/v2\/posts"}],"about":[{"href":"https:\/\/arantv.az\/index.php?rest_route=\/wp\/v2\/types\/post"}],"author":[{"embeddable":true,"href":"https:\/\/arantv.az\/index.php?rest_route=\/wp\/v2\/users\/2"}],"replies":[{"embeddable":true,"href":"https:\/\/arantv.az\/index.php?rest_route=%2Fwp%2Fv2%2Fcomments&post=94204"}],"version-history":[{"count":0,"href":"https:\/\/arantv.az\/index.php?rest_route=\/wp\/v2\/posts\/94204\/revisions"}],"wp:featuredmedia":[{"embeddable":true,"href":"https:\/\/arantv.az\/index.php?rest_route=\/wp\/v2\/media\/94205"}],"wp:attachment":[{"href":"https:\/\/arantv.az\/index.php?rest_route=%2Fwp%2Fv2%2Fmedia&parent=94204"}],"wp:term":[{"taxonomy":"category","embeddable":true,"href":"https:\/\/arantv.az\/index.php?rest_route=%2Fwp%2Fv2%2Fcategories&post=94204"},{"taxonomy":"post_tag","embeddable":true,"href":"https:\/\/arantv.az\/index.php?rest_route=%2Fwp%2Fv2%2Ftags&post=94204"}],"curies":[{"name":"wp","href":"https:\/\/api.w.org\/{rel}","templated":true}]}}