{"id":94208,"date":"2019-11-09T08:36:07","date_gmt":"2019-11-09T05:36:07","guid":{"rendered":"http:\/\/arantv.az\/?p=94208"},"modified":"2019-11-09T08:36:07","modified_gmt":"2019-11-09T05:36:07","slug":"mehriban-%c9%99liyeva-az%c9%99rbaycan-xalqini-t%c9%99brik-etdi-video","status":"publish","type":"post","link":"https:\/\/arantv.az\/?p=94208","title":{"rendered":"Mehriban \u018fliyeva Az\u0259rbaycan xalq\u0131n\u0131 t\u0259brik etdi &#8211; V\u0130DEO"},"content":{"rendered":"<p>Az\u0259rbaycan Respublikas\u0131n\u0131n Birinci vitse-prezidenti Mehriban \u018fliyeva\u00a09 Noyabr &#8211; D\u00f6vl\u0259t Bayra\u011f\u0131 G\u00fcn\u00fc m\u00fcnasib\u0259til\u0259 Az\u0259rbaycan xalq\u0131n\u0131 t\u0259brik edib.<\/p>\n<p>Birinci vitse-prezidentin t\u0259brikind\u0259 deyilir:<\/p>\n<p>\u201c\u018fziz h\u0259mv\u0259t\u0259nl\u0259r!<\/p>\n<p>9 noyabr &#8211; Az\u0259rbaycan Respublikas\u0131n\u0131n D\u00f6vl\u0259t Bayra\u011f\u0131 G\u00fcn\u00fc m\u00fcnasib\u0259til\u0259 h\u0259r birinizi t\u0259brik edir\u0259m! Qoy \u00fc\u00e7r\u0259ngli bayra\u011f\u0131m\u0131z m\u00fcst\u0259qil Az\u0259rbaycan\u0131n \u00fcz\u0259rind\u0259 daim \u0259z\u0259m\u0259tl\u0259 dal\u011falans\u0131n! Xalq\u0131m\u0131za cansa\u011fl\u0131\u011f\u0131, s\u0259ad\u0259t, xo\u015f g\u00fcnl\u0259r v\u0259 sevgi, V\u0259t\u0259nimiz\u0259 is\u0259 rifah, s\u00fclh v\u0259 t\u0259r\u0259qqi arzulay\u0131ram!\u201d<\/p>\n<div><iframe loading=\"lazy\" id=\"instagram-embed-0\" class=\"instagram-media instagram-media-rendered\" src=\"https:\/\/www.instagram.com\/p\/B4odCI-gGDw\/embed\/captioned\/?cr=1&amp;v=12&amp;wp=540&amp;rd=https%3A%2F%2Foxu.az&amp;rp=%2Fpolitics%2F342028#%7B%22ci%22%3A0%2C%22os%22%3A4151.679999999942%2C%22ls%22%3A2084.449999999947%2C%22le%22%3A2088.300000000004%7D\" width=\"300\" height=\"1014\" frameborder=\"0\" scrolling=\"no\" allowfullscreen=\"allowfullscreen\" data-instgrm-payload-id=\"instagram-media-payload-0\" data-mce-fragment=\"1\"><\/iframe><\/div>\n<p>&nbsp;<\/p>\n","protected":false},"excerpt":{"rendered":"<p>Az\u0259rbaycan Respublikas\u0131n\u0131n Birinci vitse-prezidenti Mehriban \u018fliyeva\u00a09 Noyabr &#8211; D\u00f6vl\u0259t Bayra\u011f\u0131 G\u00fcn\u00fc m\u00fcnasib\u0259til\u0259 Az\u0259rbaycan xalq\u0131n\u0131 t\u0259brik edib. Birinci vitse-prezidentin t\u0259brikind\u0259 deyilir: \u201c\u018fziz h\u0259mv\u0259t\u0259nl\u0259r! 9 noyabr &#8211; Az\u0259rbaycan Respublikas\u0131n\u0131n D\u00f6vl\u0259t Bayra\u011f\u0131 G\u00fcn\u00fc m\u00fcnasib\u0259til\u0259 h\u0259r birinizi t\u0259brik edir\u0259m! Qoy \u00fc\u00e7r\u0259ngli bayra\u011f\u0131m\u0131z m\u00fcst\u0259qil Az\u0259rbaycan\u0131n \u00fcz\u0259rind\u0259 daim \u0259z\u0259m\u0259tl\u0259 dal\u011falans\u0131n! Xalq\u0131m\u0131za cansa\u011fl\u0131\u011f\u0131, s\u0259ad\u0259t, xo\u015f g\u00fcnl\u0259r v\u0259 sevgi, V\u0259t\u0259nimiz\u0259 is\u0259 rifah, s\u00fclh v\u0259 t\u0259r\u0259qqi arzulay\u0131ram!\u201d &nbsp;<\/p>\n","protected":false},"author":2,"featured_media":94209,"comment_status":"closed","ping_status":"closed","sticky":false,"template":"","format":"standard","meta":{"om_disable_all_campaigns":false,"_monsterinsights_skip_tracking":false,"_monsterinsights_sitenote_active":false,"_monsterinsights_sitenote_note":"","_monsterinsights_sitenote_category":0},"categories":[8],"tags":[],"aioseo_notices":[],"gutentor_comment":0,"rttpg_featured_image_url":{"full":["https:\/\/arantv.az\/wp-content\/uploads\/2019\/11\/mehriban.jpg",573,411,false],"landscape":["https:\/\/arantv.az\/wp-content\/uploads\/2019\/11\/mehriban.jpg",573,411,false],"portraits":["https:\/\/arantv.az\/wp-content\/uploads\/2019\/11\/mehriban.jpg",573,411,false],"thumbnail":["https:\/\/arantv.az\/wp-content\/uploads\/2019\/11\/mehriban-150x150.jpg",150,150,true],"medium":["https:\/\/arantv.az\/wp-content\/uploads\/2019\/11\/mehriban-300x215.jpg",300,215,true],"large":["https:\/\/arantv.az\/wp-content\/uploads\/2019\/11\/mehriban.jpg",573,411,false],"1536x1536":["https:\/\/arantv.az\/wp-content\/uploads\/2019\/11\/mehriban.jpg",573,411,false],"2048x2048":["https:\/\/arantv.az\/wp-content\/uploads\/2019\/11\/mehriban.jpg",573,411,false],"post-thumbnail":["https:\/\/arantv.az\/wp-content\/uploads\/2019\/11\/mehriban-240x172.jpg",240,172,true],"advps-thumb-one":["https:\/\/arantv.az\/wp-content\/uploads\/2019\/11\/mehriban.jpg",573,411,false]},"rttpg_author":{"display_name":"V\u00fcsal Rafiqo\u011flu","author_link":"https:\/\/arantv.az\/?author=2"},"rttpg_comment":0,"rttpg_category":"<a href=\"https:\/\/arantv.az\/?cat=8\" rel=\"category\">\u018fsas s\u0259hif\u0259<\/a>","rttpg_excerpt":"Az\u0259rbaycan Respublikas\u0131n\u0131n Birinci vitse-prezidenti Mehriban \u018fliyeva\u00a09 Noyabr &#8211; D\u00f6vl\u0259t Bayra\u011f\u0131 G\u00fcn\u00fc m\u00fcnasib\u0259til\u0259 Az\u0259rbaycan xalq\u0131n\u0131 t\u0259brik edib. Birinci vitse-prezidentin t\u0259brikind\u0259 deyilir: \u201c\u018fziz h\u0259mv\u0259t\u0259nl\u0259r! 9 noyabr &#8211; Az\u0259rbaycan Respublikas\u0131n\u0131n D\u00f6vl\u0259t Bayra\u011f\u0131 G\u00fcn\u00fc m\u00fcnasib\u0259til\u0259 h\u0259r birinizi t\u0259brik edir\u0259m! Qoy \u00fc\u00e7r\u0259ngli bayra\u011f\u0131m\u0131z m\u00fcst\u0259qil Az\u0259rbaycan\u0131n \u00fcz\u0259rind\u0259 daim \u0259z\u0259m\u0259tl\u0259 dal\u011falans\u0131n! Xalq\u0131m\u0131za cansa\u011fl\u0131\u011f\u0131, s\u0259ad\u0259t, xo\u015f g\u00fcnl\u0259r v\u0259 sevgi, V\u0259t\u0259nimiz\u0259 is\u0259 rifah, s\u00fclh&hellip;","_links":{"self":[{"href":"https:\/\/arantv.az\/index.php?rest_route=\/wp\/v2\/posts\/94208"}],"collection":[{"href":"https:\/\/arantv.az\/index.php?rest_route=\/wp\/v2\/posts"}],"about":[{"href":"https:\/\/arantv.az\/index.php?rest_route=\/wp\/v2\/types\/post"}],"author":[{"embeddable":true,"href":"https:\/\/arantv.az\/index.php?rest_route=\/wp\/v2\/users\/2"}],"replies":[{"embeddable":true,"href":"https:\/\/arantv.az\/index.php?rest_route=%2Fwp%2Fv2%2Fcomments&post=94208"}],"version-history":[{"count":0,"href":"https:\/\/arantv.az\/index.php?rest_route=\/wp\/v2\/posts\/94208\/revisions"}],"wp:featuredmedia":[{"embeddable":true,"href":"https:\/\/arantv.az\/index.php?rest_route=\/wp\/v2\/media\/94209"}],"wp:attachment":[{"href":"https:\/\/arantv.az\/index.php?rest_route=%2Fwp%2Fv2%2Fmedia&parent=94208"}],"wp:term":[{"taxonomy":"category","embeddable":true,"href":"https:\/\/arantv.az\/index.php?rest_route=%2Fwp%2Fv2%2Fcategories&post=94208"},{"taxonomy":"post_tag","embeddable":true,"href":"https:\/\/arantv.az\/index.php?rest_route=%2Fwp%2Fv2%2Ftags&post=94208"}],"curies":[{"name":"wp","href":"https:\/\/api.w.org\/{rel}","templated":true}]}}