{"id":94212,"date":"2019-11-09T08:40:22","date_gmt":"2019-11-09T05:40:22","guid":{"rendered":"http:\/\/arantv.az\/?p=94212"},"modified":"2019-11-09T08:40:22","modified_gmt":"2019-11-09T05:40:22","slug":"%c9%99dal%c9%99t-sukurov-s%c9%99rdar-ortac-v%c9%99-royani-n%c9%99-birl%c9%99sdirir-video","status":"publish","type":"post","link":"https:\/\/arantv.az\/?p=94212","title":{"rendered":"\u018fdal\u0259t \u015e\u00fck\u00fcrov, S\u0259rdar Orta\u00e7 v\u0259 R\u00f6yan\u0131 n\u0259 birl\u0259\u015fdirir? &#8211; Video"},"content":{"rendered":"<p>Xalq artisti R\u00f6ya Ayxan \u0259m\u0259kdar artist \u018fdal\u0259t \u015e\u00fck\u00fcrovun mahn\u0131s\u0131na klip \u00e7\u0259kdirib. <strong>ARANTV.AZ<\/strong>-\u0131n m\u0259lumat\u0131na g\u00f6r\u0259, &#8220;Dedin yox&#8221; adlanan b\u0259st\u0259nin s\u00f6zl\u0259ri v\u0259 musiqisi \u018f.\u015e\u00fck\u00fcrova m\u0259xsusdur. Xalq artisti s\u00f6z\u00fcged\u0259n b\u0259st\u0259ni ekranla\u015fd\u0131rmaq \u00fc\u00e7\u00fcn rejissor F\u0259rhad \u018fliy\u0259 m\u00fcraci\u0259t edib, klipin \u00e7\u0259kili\u015fl\u0259ri Bak\u0131da ba\u015f tutub. R\u00f6yan\u0131n klipid\u0259ki stili \u00fcz\u0259rind\u0259 Elnur H\u0259s\u0259nov \u00e7al\u0131\u015f\u0131b. Qeyd ed\u0259k ki, b\u0259st\u0259ni ilk d\u0259f\u0259 \u0259m\u0259kdar artist \u018fdal\u0259t \u015e\u00fck\u00fcrov oxuyub. Daha sonra is\u0259 &#8220;\u00c7ek elini kalbimden&#8221; albomunda t\u00fcrkiy\u0259li m\u00fc\u011f\u0259nni S\u0259rdar Orta\u00e7 ifa edib.<\/p>\n<p><iframe loading=\"lazy\" width=\"640\" height=\"360\" src=\"https:\/\/www.youtube.com\/embed\/5TcW7MYdC4M?feature=oembed\" frameborder=\"0\" allow=\"accelerometer; autoplay; encrypted-media; gyroscope; picture-in-picture\" allowfullscreen><\/iframe><\/p>\n","protected":false},"excerpt":{"rendered":"<p>Xalq artisti R\u00f6ya Ayxan \u0259m\u0259kdar artist \u018fdal\u0259t \u015e\u00fck\u00fcrovun mahn\u0131s\u0131na klip \u00e7\u0259kdirib. ARANTV.AZ-\u0131n m\u0259lumat\u0131na g\u00f6r\u0259, &#8220;Dedin yox&#8221; adlanan b\u0259st\u0259nin s\u00f6zl\u0259ri v\u0259 musiqisi \u018f.\u015e\u00fck\u00fcrova m\u0259xsusdur. Xalq artisti s\u00f6z\u00fcged\u0259n b\u0259st\u0259ni ekranla\u015fd\u0131rmaq \u00fc\u00e7\u00fcn rejissor F\u0259rhad \u018fliy\u0259 m\u00fcraci\u0259t edib, klipin \u00e7\u0259kili\u015fl\u0259ri Bak\u0131da ba\u015f tutub. R\u00f6yan\u0131n klipid\u0259ki stili \u00fcz\u0259rind\u0259 Elnur H\u0259s\u0259nov \u00e7al\u0131\u015f\u0131b. Qeyd ed\u0259k ki, b\u0259st\u0259ni ilk d\u0259f\u0259 \u0259m\u0259kdar artist \u018fdal\u0259t \u015e\u00fck\u00fcrov oxuyub. Daha sonra is\u0259 &#8220;\u00c7ek elini kalbimden&#8221; albomunda t\u00fcrkiy\u0259li m\u00fc\u011f\u0259nni S\u0259rdar Orta\u00e7 ifa edib.<\/p>\n","protected":false},"author":2,"featured_media":94213,"comment_status":"closed","ping_status":"closed","sticky":false,"template":"","format":"standard","meta":{"om_disable_all_campaigns":false,"_monsterinsights_skip_tracking":false,"_monsterinsights_sitenote_active":false,"_monsterinsights_sitenote_note":"","_monsterinsights_sitenote_category":0},"categories":[20],"tags":[],"aioseo_notices":[],"gutentor_comment":0,"rttpg_featured_image_url":{"full":["https:\/\/arantv.az\/wp-content\/uploads\/2019\/11\/75572107_942150466159926_2802539252393443328_n.jpg",960,960,false],"landscape":["https:\/\/arantv.az\/wp-content\/uploads\/2019\/11\/75572107_942150466159926_2802539252393443328_n.jpg",960,960,false],"portraits":["https:\/\/arantv.az\/wp-content\/uploads\/2019\/11\/75572107_942150466159926_2802539252393443328_n.jpg",960,960,false],"thumbnail":["https:\/\/arantv.az\/wp-content\/uploads\/2019\/11\/75572107_942150466159926_2802539252393443328_n-150x150.jpg",150,150,true],"medium":["https:\/\/arantv.az\/wp-content\/uploads\/2019\/11\/75572107_942150466159926_2802539252393443328_n-300x300.jpg",300,300,true],"large":["https:\/\/arantv.az\/wp-content\/uploads\/2019\/11\/75572107_942150466159926_2802539252393443328_n.jpg",640,640,false],"1536x1536":["https:\/\/arantv.az\/wp-content\/uploads\/2019\/11\/75572107_942150466159926_2802539252393443328_n.jpg",960,960,false],"2048x2048":["https:\/\/arantv.az\/wp-content\/uploads\/2019\/11\/75572107_942150466159926_2802539252393443328_n.jpg",960,960,false],"post-thumbnail":["https:\/\/arantv.az\/wp-content\/uploads\/2019\/11\/75572107_942150466159926_2802539252393443328_n-240x172.jpg",240,172,true],"advps-thumb-one":["https:\/\/arantv.az\/wp-content\/uploads\/2019\/11\/75572107_942150466159926_2802539252393443328_n-960x620.jpg",960,620,true]},"rttpg_author":{"display_name":"V\u00fcsal Rafiqo\u011flu","author_link":"https:\/\/arantv.az\/?author=2"},"rttpg_comment":0,"rttpg_category":"<a href=\"https:\/\/arantv.az\/?cat=20\" rel=\"category\">\u015eou biznes<\/a>","rttpg_excerpt":"Xalq artisti R\u00f6ya Ayxan \u0259m\u0259kdar artist \u018fdal\u0259t \u015e\u00fck\u00fcrovun mahn\u0131s\u0131na klip \u00e7\u0259kdirib. ARANTV.AZ-\u0131n m\u0259lumat\u0131na g\u00f6r\u0259, &#8220;Dedin yox&#8221; adlanan b\u0259st\u0259nin s\u00f6zl\u0259ri v\u0259 musiqisi \u018f.\u015e\u00fck\u00fcrova m\u0259xsusdur. Xalq artisti s\u00f6z\u00fcged\u0259n b\u0259st\u0259ni ekranla\u015fd\u0131rmaq \u00fc\u00e7\u00fcn rejissor F\u0259rhad \u018fliy\u0259 m\u00fcraci\u0259t edib, klipin \u00e7\u0259kili\u015fl\u0259ri Bak\u0131da ba\u015f tutub. R\u00f6yan\u0131n klipid\u0259ki stili \u00fcz\u0259rind\u0259 Elnur H\u0259s\u0259nov \u00e7al\u0131\u015f\u0131b. Qeyd ed\u0259k ki, b\u0259st\u0259ni ilk d\u0259f\u0259 \u0259m\u0259kdar artist \u018fdal\u0259t&hellip;","_links":{"self":[{"href":"https:\/\/arantv.az\/index.php?rest_route=\/wp\/v2\/posts\/94212"}],"collection":[{"href":"https:\/\/arantv.az\/index.php?rest_route=\/wp\/v2\/posts"}],"about":[{"href":"https:\/\/arantv.az\/index.php?rest_route=\/wp\/v2\/types\/post"}],"author":[{"embeddable":true,"href":"https:\/\/arantv.az\/index.php?rest_route=\/wp\/v2\/users\/2"}],"replies":[{"embeddable":true,"href":"https:\/\/arantv.az\/index.php?rest_route=%2Fwp%2Fv2%2Fcomments&post=94212"}],"version-history":[{"count":0,"href":"https:\/\/arantv.az\/index.php?rest_route=\/wp\/v2\/posts\/94212\/revisions"}],"wp:featuredmedia":[{"embeddable":true,"href":"https:\/\/arantv.az\/index.php?rest_route=\/wp\/v2\/media\/94213"}],"wp:attachment":[{"href":"https:\/\/arantv.az\/index.php?rest_route=%2Fwp%2Fv2%2Fmedia&parent=94212"}],"wp:term":[{"taxonomy":"category","embeddable":true,"href":"https:\/\/arantv.az\/index.php?rest_route=%2Fwp%2Fv2%2Fcategories&post=94212"},{"taxonomy":"post_tag","embeddable":true,"href":"https:\/\/arantv.az\/index.php?rest_route=%2Fwp%2Fv2%2Ftags&post=94212"}],"curies":[{"name":"wp","href":"https:\/\/api.w.org\/{rel}","templated":true}]}}