{"id":94228,"date":"2019-11-09T09:03:40","date_gmt":"2019-11-09T06:03:40","guid":{"rendered":"http:\/\/arantv.az\/?p=94228"},"modified":"2019-11-09T09:03:40","modified_gmt":"2019-11-09T06:03:40","slug":"az%c9%99rbaycanda-dovl%c9%99t-bayragi-gunu-qeyd-olunur","status":"publish","type":"post","link":"https:\/\/arantv.az\/?p=94228","title":{"rendered":"Az\u0259rbaycanda D\u00f6vl\u0259t Bayra\u011f\u0131 G\u00fcn\u00fc qeyd olunur"},"content":{"rendered":"<p><b>Bu g\u00fcn Az\u0259rbaycanda D\u00f6vl\u0259t Bayra\u011f\u0131 G\u00fcn\u00fc qeyd olunur.<\/b><\/p>\n<p><b>ARANTV.AZ\u00a0<\/b>\u00a0x\u0259b\u0259r verir ki, Az\u0259rbaycan Prezidenti\u00a0<a href=\"https:\/\/report.az\/persona\/ilham-%C9%99liyev\/\" target=\"_blank\" rel=\"noopener\">\u0130lham \u018fliyev<\/a>in 17 noyabr 2009-cu il tarixli s\u0259r\u0259ncam\u0131na \u0259sas\u0259n, h\u0259r il noyabr ay\u0131n\u0131n 9-u Az\u0259rbaycan Respublikas\u0131n\u0131n D\u00f6vl\u0259t Bayra\u011f\u0131 G\u00fcn\u00fc kimi qeyd edilir.<\/p>\n<p>Az\u0259rbaycan Respublikas\u0131 m\u00fcst\u0259qilliyini b\u0259rpa etdikd\u0259n sonra Az\u0259rbaycan\u0131n D\u00f6vl\u0259t bayra\u011f\u0131 milli suverenliyin simvolu kimi \u00f6lk\u0259nin b\u00fct\u00fcn v\u0259t\u0259nda\u015flar\u0131 \u00fc\u00e7\u00fcn m\u00fcq\u0259dd\u0259s d\u00f6vl\u0259t\u00e7ilik r\u0259mzl\u0259rind\u0259n birin\u0259 \u00e7evrilib.<\/p>\n<p>Az\u0259rbaycan Xalq C\u00fcmhuriyy\u0259tinin yadigar\u0131 olan bu bayraq bizim azadl\u0131q m\u0259fkur\u0259sin\u0259, milli-m\u0259n\u0259vi d\u0259y\u0259rl\u0259r\u0259 v\u0259 \u00fcmumb\u0259\u015f\u0259ri ideallara sadiqliyimizi n\u00fcmayi\u015f etdirir.<\/p>\n<p>Az\u0259rbaycan Respublikas\u0131n\u0131n D\u00f6vl\u0259t bayra\u011f\u0131 1918-ci il noyabr\u0131n 9-da Az\u0259rbaycan Xalq C\u00fcmhuriyy\u0259ti H\u00f6kum\u0259tinin iclas\u0131nda q\u0259bul edilib v\u0259 1920-ci ilin aprel ay\u0131nad\u0259k d\u00f6vl\u0259t statusuna malik olub. H\u0259min bayraq 1990-c\u0131 il noyabr\u0131n 17-d\u0259 Nax\u00e7\u0131van Muxtar Respublikas\u0131 Ali M\u0259clisinin s\u0259dri, Az\u0259rbaycan xalq\u0131n\u0131n \u00fcmummilli lideri\u00a0<a href=\"https:\/\/report.az\/persona\/heyd%C9%99r-%C9%99liyev\/\" target=\"_blank\" rel=\"noopener\">Heyd\u0259r \u018fliyev<\/a>in t\u0259\u015f\u0259bb\u00fcs\u00fc v\u0259 r\u0259hb\u0259rliyi il\u0259 ke\u00e7iril\u0259n sessiyada Nax\u00e7\u0131van Muxtar Respublikas\u0131n\u0131n d\u00f6vl\u0259t bayra\u011f\u0131 olaraq t\u0259sdiq edilib.<\/p>\n<p>1991-ci il fevral\u0131n 5-d\u0259 Az\u0259rbaycan Respublikas\u0131n\u0131n Ali Soveti &#8220;Az\u0259rbaycan Respublikas\u0131n\u0131n D\u00f6vl\u0259t bayra\u011f\u0131 haqq\u0131nda\u201d qanun q\u0259bul ed\u0259r\u0259k onu D\u00f6vl\u0259t bayra\u011f\u0131 elan edib. 1991-ci il oktyabr\u0131n 18-d\u0259 &#8220;Az\u0259rbaycan Respublikas\u0131n\u0131n d\u00f6vl\u0259t m\u00fcst\u0259qilliyi haqq\u0131nda\u201d Konstitusiya Akt\u0131 il\u0259 Az\u0259rbaycan Respublikas\u0131 Az\u0259rbaycan Xalq C\u00fcmhuriyy\u0259tinin varisi kimi onun d\u00f6vl\u0259t r\u0259mzl\u0259rini, o c\u00fcml\u0259d\u0259n D\u00f6vl\u0259t bayra\u011f\u0131n\u0131 b\u0259rpa edib.<\/p>\n<p>2004-c\u00fc il iyunun 8-d\u0259 &#8220;Az\u0259rbaycan Respublikas\u0131 D\u00f6vl\u0259t bayra\u011f\u0131n\u0131n istifad\u0259si qaydalar\u0131 haqq\u0131nda\u201d qanunu il\u0259 bu sah\u0259d\u0259 qanunvericilik bazas\u0131 t\u0259kmill\u0259\u015fdirilib. S\u0259r\u0259ncama \u0259sas\u0259n, D\u00f6vl\u0259t bayra\u011f\u0131 Az\u0259rbaycan Respublikas\u0131n\u0131n d\u00f6vl\u0259t qurumlar\u0131n\u0131n v\u0259 diplomatik n\u00fcmay\u0259nd\u0259likl\u0259rinin binalar\u0131 \u00fcz\u0259rind\u0259 ucal\u0131r, m\u00fch\u00fcm beyn\u0259lxalq t\u0259dbirl\u0259r, m\u00f6t\u0259b\u0259r m\u0259rasiml\u0259r v\u0259 m\u0259clisl\u0259rl\u0259 yana\u015f\u0131, irimiqyasl\u0131 ictimai-siyasi toplant\u0131larda, m\u0259d\u0259ni t\u0259dbirl\u0259rd\u0259 v\u0259 idman yar\u0131\u015flar\u0131nda qald\u0131r\u0131laraq milli birliyi t\u0259c\u0259ss\u00fcm etdirir.<\/p>\n<p>2009-cu ilin noyabr ay\u0131nda D\u00f6vl\u0259t Bayra\u011f\u0131 G\u00fcn\u00fc il\u0259 ba\u011fl\u0131 \u018fm\u0259k M\u0259c\u0259ll\u0259sin\u0259 edilmi\u015f \u0259lav\u0259y\u0259 \u0259sas\u0259n, 9 noyabr &#8211; D\u00f6vl\u0259t Bayra\u011f\u0131 G\u00fcn\u00fc \u00f6lk\u0259d\u0259 qeyri-i\u015f g\u00fcn\u00fc olan bayramlar\u0131n siyah\u0131s\u0131na daxil edilib.<\/p>\n","protected":false},"excerpt":{"rendered":"<p>Bu g\u00fcn Az\u0259rbaycanda D\u00f6vl\u0259t Bayra\u011f\u0131 G\u00fcn\u00fc qeyd olunur. ARANTV.AZ\u00a0\u00a0x\u0259b\u0259r verir ki, Az\u0259rbaycan Prezidenti\u00a0\u0130lham \u018fliyevin 17 noyabr 2009-cu il tarixli s\u0259r\u0259ncam\u0131na \u0259sas\u0259n, h\u0259r il noyabr ay\u0131n\u0131n 9-u Az\u0259rbaycan Respublikas\u0131n\u0131n D\u00f6vl\u0259t Bayra\u011f\u0131 G\u00fcn\u00fc kimi qeyd edilir. Az\u0259rbaycan Respublikas\u0131 m\u00fcst\u0259qilliyini b\u0259rpa etdikd\u0259n sonra Az\u0259rbaycan\u0131n D\u00f6vl\u0259t bayra\u011f\u0131 milli suverenliyin simvolu kimi \u00f6lk\u0259nin b\u00fct\u00fcn v\u0259t\u0259nda\u015flar\u0131 \u00fc\u00e7\u00fcn m\u00fcq\u0259dd\u0259s d\u00f6vl\u0259t\u00e7ilik r\u0259mzl\u0259rind\u0259n birin\u0259 \u00e7evrilib. Az\u0259rbaycan Xalq C\u00fcmhuriyy\u0259tinin yadigar\u0131 olan bu bayraq bizim azadl\u0131q m\u0259fkur\u0259sin\u0259, milli-m\u0259n\u0259vi d\u0259y\u0259rl\u0259r\u0259 v\u0259 \u00fcmumb\u0259\u015f\u0259ri ideallara sadiqliyimizi n\u00fcmayi\u015f etdirir. Az\u0259rbaycan Respublikas\u0131n\u0131n D\u00f6vl\u0259t bayra\u011f\u0131 1918-ci il noyabr\u0131n 9-da Az\u0259rbaycan Xalq C\u00fcmhuriyy\u0259ti H\u00f6kum\u0259tinin iclas\u0131nda q\u0259bul edilib v\u0259&hellip;<\/p>\n","protected":false},"author":2,"featured_media":94229,"comment_status":"closed","ping_status":"closed","sticky":false,"template":"","format":"standard","meta":{"om_disable_all_campaigns":false,"_monsterinsights_skip_tracking":false,"_monsterinsights_sitenote_active":false,"_monsterinsights_sitenote_note":"","_monsterinsights_sitenote_category":0},"categories":[19],"tags":[],"aioseo_notices":[],"gutentor_comment":0,"rttpg_featured_image_url":{"full":["https:\/\/arantv.az\/wp-content\/uploads\/2019\/11\/1573248658_flag_azerbaijan.jpg",800,500,false],"landscape":["https:\/\/arantv.az\/wp-content\/uploads\/2019\/11\/1573248658_flag_azerbaijan.jpg",800,500,false],"portraits":["https:\/\/arantv.az\/wp-content\/uploads\/2019\/11\/1573248658_flag_azerbaijan.jpg",800,500,false],"thumbnail":["https:\/\/arantv.az\/wp-content\/uploads\/2019\/11\/1573248658_flag_azerbaijan-150x150.jpg",150,150,true],"medium":["https:\/\/arantv.az\/wp-content\/uploads\/2019\/11\/1573248658_flag_azerbaijan-300x188.jpg",300,188,true],"large":["https:\/\/arantv.az\/wp-content\/uploads\/2019\/11\/1573248658_flag_azerbaijan.jpg",640,400,false],"1536x1536":["https:\/\/arantv.az\/wp-content\/uploads\/2019\/11\/1573248658_flag_azerbaijan.jpg",800,500,false],"2048x2048":["https:\/\/arantv.az\/wp-content\/uploads\/2019\/11\/1573248658_flag_azerbaijan.jpg",800,500,false],"post-thumbnail":["https:\/\/arantv.az\/wp-content\/uploads\/2019\/11\/1573248658_flag_azerbaijan-240x172.jpg",240,172,true],"advps-thumb-one":["https:\/\/arantv.az\/wp-content\/uploads\/2019\/11\/1573248658_flag_azerbaijan.jpg",800,500,false]},"rttpg_author":{"display_name":"V\u00fcsal Rafiqo\u011flu","author_link":"https:\/\/arantv.az\/?author=2"},"rttpg_comment":0,"rttpg_category":"<a href=\"https:\/\/arantv.az\/?cat=19\" rel=\"category\">G\u00fcnd\u0259m<\/a>","rttpg_excerpt":"Bu g\u00fcn Az\u0259rbaycanda D\u00f6vl\u0259t Bayra\u011f\u0131 G\u00fcn\u00fc qeyd olunur. ARANTV.AZ\u00a0\u00a0x\u0259b\u0259r verir ki, Az\u0259rbaycan Prezidenti\u00a0\u0130lham \u018fliyevin 17 noyabr 2009-cu il tarixli s\u0259r\u0259ncam\u0131na \u0259sas\u0259n, h\u0259r il noyabr ay\u0131n\u0131n 9-u Az\u0259rbaycan Respublikas\u0131n\u0131n D\u00f6vl\u0259t Bayra\u011f\u0131 G\u00fcn\u00fc kimi qeyd edilir. Az\u0259rbaycan Respublikas\u0131 m\u00fcst\u0259qilliyini b\u0259rpa etdikd\u0259n sonra Az\u0259rbaycan\u0131n D\u00f6vl\u0259t bayra\u011f\u0131 milli suverenliyin simvolu kimi \u00f6lk\u0259nin b\u00fct\u00fcn v\u0259t\u0259nda\u015flar\u0131 \u00fc\u00e7\u00fcn m\u00fcq\u0259dd\u0259s d\u00f6vl\u0259t\u00e7ilik r\u0259mzl\u0259rind\u0259n birin\u0259&hellip;","_links":{"self":[{"href":"https:\/\/arantv.az\/index.php?rest_route=\/wp\/v2\/posts\/94228"}],"collection":[{"href":"https:\/\/arantv.az\/index.php?rest_route=\/wp\/v2\/posts"}],"about":[{"href":"https:\/\/arantv.az\/index.php?rest_route=\/wp\/v2\/types\/post"}],"author":[{"embeddable":true,"href":"https:\/\/arantv.az\/index.php?rest_route=\/wp\/v2\/users\/2"}],"replies":[{"embeddable":true,"href":"https:\/\/arantv.az\/index.php?rest_route=%2Fwp%2Fv2%2Fcomments&post=94228"}],"version-history":[{"count":0,"href":"https:\/\/arantv.az\/index.php?rest_route=\/wp\/v2\/posts\/94228\/revisions"}],"wp:featuredmedia":[{"embeddable":true,"href":"https:\/\/arantv.az\/index.php?rest_route=\/wp\/v2\/media\/94229"}],"wp:attachment":[{"href":"https:\/\/arantv.az\/index.php?rest_route=%2Fwp%2Fv2%2Fmedia&parent=94228"}],"wp:term":[{"taxonomy":"category","embeddable":true,"href":"https:\/\/arantv.az\/index.php?rest_route=%2Fwp%2Fv2%2Fcategories&post=94228"},{"taxonomy":"post_tag","embeddable":true,"href":"https:\/\/arantv.az\/index.php?rest_route=%2Fwp%2Fv2%2Ftags&post=94228"}],"curies":[{"name":"wp","href":"https:\/\/api.w.org\/{rel}","templated":true}]}}