{"id":94276,"date":"2019-11-09T09:35:12","date_gmt":"2019-11-09T06:35:12","guid":{"rendered":"http:\/\/arantv.az\/?p=94276"},"modified":"2019-11-09T09:35:12","modified_gmt":"2019-11-09T06:35:12","slug":"yolu-kecm%c9%99k-ist%c9%99y%c9%99n-s%c9%99rxos-piyadani-avtomobil-vurub","status":"publish","type":"post","link":"https:\/\/arantv.az\/?p=94276","title":{"rendered":"Yolu ke\u00e7m\u0259k ist\u0259y\u0259n s\u0259rxo\u015f piyadan\u0131 avtomobil vurub"},"content":{"rendered":"<p>Bak\u0131da bir n\u0259f\u0259rin x\u0259sar\u0259t almas\u0131 il\u0259 n\u0259tic\u0259l\u0259n\u0259n yol q\u0259zas\u0131 ba\u015f verib.<\/p>\n<p><b>ARANTV.AZ\u00a0<\/b>\u00a0open.az-a istinad\u0259n x\u0259b\u0259r verir ki, hadis\u0259 paytaxt\u0131n Sabun\u00e7u rayonunun Ma\u015fta\u011fa q\u0259s\u0259b\u0259sind\u0259 qeyd\u0259 al\u0131n\u0131b.<\/p>\n<p>Bel\u0259 ki, yolu ke\u00e7m\u0259k ist\u0259y\u0259n 1969-cu il t\u0259v\u0259ll\u00fcdl\u00fc \u0130sg\u0259nd\u0259rov Kamil Babacan o\u011flunu avtomobil vurub. Yaral\u0131 t\u0259cili tibbi yard\u0131m briqadas\u0131n\u0131n k\u00f6m\u0259kliyi il\u0259 x\u0259st\u0259xanaya \u00e7atd\u0131r\u0131l\u0131b.<\/p>\n<p>Ona d\u00f6\u015f q\u0259f\u0259sinin v\u0259 qarn\u0131n k\u00fct travmas\u0131 diaqnozu qoyulub. \u0130lkin m\u0259lumata g\u00f6r\u0259, piyada s\u0259rxo\u015f v\u0259ziyy\u0259td\u0259 olub.<\/p>\n<p>Faktla ba\u011fl\u0131 ara\u015fd\u0131rma apar\u0131l\u0131r.<\/p>\n","protected":false},"excerpt":{"rendered":"<p>Bak\u0131da bir n\u0259f\u0259rin x\u0259sar\u0259t almas\u0131 il\u0259 n\u0259tic\u0259l\u0259n\u0259n yol q\u0259zas\u0131 ba\u015f verib. ARANTV.AZ\u00a0\u00a0open.az-a istinad\u0259n x\u0259b\u0259r verir ki, hadis\u0259 paytaxt\u0131n Sabun\u00e7u rayonunun Ma\u015fta\u011fa q\u0259s\u0259b\u0259sind\u0259 qeyd\u0259 al\u0131n\u0131b. Bel\u0259 ki, yolu ke\u00e7m\u0259k ist\u0259y\u0259n 1969-cu il t\u0259v\u0259ll\u00fcdl\u00fc \u0130sg\u0259nd\u0259rov Kamil Babacan o\u011flunu avtomobil vurub. Yaral\u0131 t\u0259cili tibbi yard\u0131m briqadas\u0131n\u0131n k\u00f6m\u0259kliyi il\u0259 x\u0259st\u0259xanaya \u00e7atd\u0131r\u0131l\u0131b. Ona d\u00f6\u015f q\u0259f\u0259sinin v\u0259 qarn\u0131n k\u00fct travmas\u0131 diaqnozu qoyulub. \u0130lkin m\u0259lumata g\u00f6r\u0259, piyada s\u0259rxo\u015f v\u0259ziyy\u0259td\u0259 olub. Faktla ba\u011fl\u0131 ara\u015fd\u0131rma apar\u0131l\u0131r.<\/p>\n","protected":false},"author":2,"featured_media":94277,"comment_status":"closed","ping_status":"closed","sticky":false,"template":"","format":"standard","meta":{"om_disable_all_campaigns":false,"_monsterinsights_skip_tracking":false,"_monsterinsights_sitenote_active":false,"_monsterinsights_sitenote_note":"","_monsterinsights_sitenote_category":0},"categories":[5],"tags":[],"aioseo_notices":[],"gutentor_comment":0,"rttpg_featured_image_url":{"full":["https:\/\/arantv.az\/wp-content\/uploads\/2019\/11\/2970e343-d9a1-4ed5-8214-916347895c7c_1.jpg",549,351,false],"landscape":["https:\/\/arantv.az\/wp-content\/uploads\/2019\/11\/2970e343-d9a1-4ed5-8214-916347895c7c_1.jpg",549,351,false],"portraits":["https:\/\/arantv.az\/wp-content\/uploads\/2019\/11\/2970e343-d9a1-4ed5-8214-916347895c7c_1.jpg",549,351,false],"thumbnail":["https:\/\/arantv.az\/wp-content\/uploads\/2019\/11\/2970e343-d9a1-4ed5-8214-916347895c7c_1-150x150.jpg",150,150,true],"medium":["https:\/\/arantv.az\/wp-content\/uploads\/2019\/11\/2970e343-d9a1-4ed5-8214-916347895c7c_1-300x192.jpg",300,192,true],"large":["https:\/\/arantv.az\/wp-content\/uploads\/2019\/11\/2970e343-d9a1-4ed5-8214-916347895c7c_1.jpg",549,351,false],"1536x1536":["https:\/\/arantv.az\/wp-content\/uploads\/2019\/11\/2970e343-d9a1-4ed5-8214-916347895c7c_1.jpg",549,351,false],"2048x2048":["https:\/\/arantv.az\/wp-content\/uploads\/2019\/11\/2970e343-d9a1-4ed5-8214-916347895c7c_1.jpg",549,351,false],"post-thumbnail":["https:\/\/arantv.az\/wp-content\/uploads\/2019\/11\/2970e343-d9a1-4ed5-8214-916347895c7c_1-240x172.jpg",240,172,true],"advps-thumb-one":["https:\/\/arantv.az\/wp-content\/uploads\/2019\/11\/2970e343-d9a1-4ed5-8214-916347895c7c_1.jpg",549,351,false]},"rttpg_author":{"display_name":"V\u00fcsal Rafiqo\u011flu","author_link":"https:\/\/arantv.az\/?author=2"},"rttpg_comment":0,"rttpg_category":"<a href=\"https:\/\/arantv.az\/?cat=5\" rel=\"category\">Hadis\u0259<\/a>","rttpg_excerpt":"Bak\u0131da bir n\u0259f\u0259rin x\u0259sar\u0259t almas\u0131 il\u0259 n\u0259tic\u0259l\u0259n\u0259n yol q\u0259zas\u0131 ba\u015f verib. ARANTV.AZ\u00a0\u00a0open.az-a istinad\u0259n x\u0259b\u0259r verir ki, hadis\u0259 paytaxt\u0131n Sabun\u00e7u rayonunun Ma\u015fta\u011fa q\u0259s\u0259b\u0259sind\u0259 qeyd\u0259 al\u0131n\u0131b. Bel\u0259 ki, yolu ke\u00e7m\u0259k ist\u0259y\u0259n 1969-cu il t\u0259v\u0259ll\u00fcdl\u00fc \u0130sg\u0259nd\u0259rov Kamil Babacan o\u011flunu avtomobil vurub. Yaral\u0131 t\u0259cili tibbi yard\u0131m briqadas\u0131n\u0131n k\u00f6m\u0259kliyi il\u0259 x\u0259st\u0259xanaya \u00e7atd\u0131r\u0131l\u0131b. Ona d\u00f6\u015f q\u0259f\u0259sinin v\u0259 qarn\u0131n k\u00fct travmas\u0131 diaqnozu&hellip;","_links":{"self":[{"href":"https:\/\/arantv.az\/index.php?rest_route=\/wp\/v2\/posts\/94276"}],"collection":[{"href":"https:\/\/arantv.az\/index.php?rest_route=\/wp\/v2\/posts"}],"about":[{"href":"https:\/\/arantv.az\/index.php?rest_route=\/wp\/v2\/types\/post"}],"author":[{"embeddable":true,"href":"https:\/\/arantv.az\/index.php?rest_route=\/wp\/v2\/users\/2"}],"replies":[{"embeddable":true,"href":"https:\/\/arantv.az\/index.php?rest_route=%2Fwp%2Fv2%2Fcomments&post=94276"}],"version-history":[{"count":0,"href":"https:\/\/arantv.az\/index.php?rest_route=\/wp\/v2\/posts\/94276\/revisions"}],"wp:featuredmedia":[{"embeddable":true,"href":"https:\/\/arantv.az\/index.php?rest_route=\/wp\/v2\/media\/94277"}],"wp:attachment":[{"href":"https:\/\/arantv.az\/index.php?rest_route=%2Fwp%2Fv2%2Fmedia&parent=94276"}],"wp:term":[{"taxonomy":"category","embeddable":true,"href":"https:\/\/arantv.az\/index.php?rest_route=%2Fwp%2Fv2%2Fcategories&post=94276"},{"taxonomy":"post_tag","embeddable":true,"href":"https:\/\/arantv.az\/index.php?rest_route=%2Fwp%2Fv2%2Ftags&post=94276"}],"curies":[{"name":"wp","href":"https:\/\/api.w.org\/{rel}","templated":true}]}}