{"id":94280,"date":"2019-11-09T09:44:38","date_gmt":"2019-11-09T06:44:38","guid":{"rendered":"http:\/\/arantv.az\/?p=94280"},"modified":"2019-11-09T09:44:38","modified_gmt":"2019-11-09T06:44:38","slug":"daun-sindromlu-v%c9%99-serebral-iflicli-usaqlardan-bayraq-gunu-fl%c9%99smobu-foto-video","status":"publish","type":"post","link":"https:\/\/arantv.az\/?p=94280","title":{"rendered":"Daun sindromlu v\u0259 serebral iflicli u\u015faqlardan Bayraq G\u00fcn\u00fc fl\u0259\u015fmobu &#8211; FOTO\/V\u0130DEO"},"content":{"rendered":"<p>Daun sindromlu v\u0259 serebral iflicli u\u015faqlar Bayra\u011f\u0131 g\u00fcn\u00fc il\u0259 ba\u011fl\u0131 fl\u0259\u015fmob ke\u00e7irib.<\/p>\n<p><strong>ARANTV.AZ\u00a0\u00a0<\/strong>x\u0259b\u0259r verir ki, fl\u0259\u015fmob Yeni Az\u0259rbaycan Partiyas\u0131 (YAP) Nizami rayon t\u0259\u015fkilat\u0131 G\u0259ncl\u0259r Birliyi v\u0259 \u201cQay\u011f\u0131 \u2013 Sa\u011flam N\u0259sil Namin\u0259\u201d \u0130ctimai Birliyinin birg\u0259 d\u0259st\u0259yi il\u0259 h\u0259yata ke\u00e7irilib.<\/p>\n<p>Az\u0259rbaycan Respublikas\u0131n\u0131n D\u00f6vl\u0259t Bayra\u011f\u0131 g\u00fcn\u00fcn\u0259 h\u0259sr olunmu\u015f fl\u0259\u015fmob \u201cG\u0259nclik\u201d Mall AVM-d\u0259 ke\u00e7irilib. Fl\u0259\u015fmobda Daun sindromlu v\u0259 serebral iflicli u\u015faqlar \u00e7\u0131x\u0131\u015f edibl\u0259r.<\/p>\n<div id=\"AdviadNativeVideo0\" class=\"AdviadNativeVideo\">\n<div id=\"NMCallButton-box\">\n<div class=\"NMCall-left\"><\/div>\n<div><\/div>\n<\/div>\n<\/div>\n<p>\u0130zdiham\u0131n topla\u015fd\u0131\u011f\u0131 m\u0259rk\u0259zi hiss\u0259d\u0259 Daun sindromlu v\u0259 serebral iflicli u\u015faqlar q\u0259fild\u0259n \u201cAz\u0259rbaycan\u201d mahn\u0131s\u0131n\u0131n s\u0259dalar\u0131 alt\u0131nda \u0259ll\u0259rind\u0259 bayraqlar, \u0259yinl\u0259rind\u0259 milli geyiml\u0259rl\u0259 r\u0259qs etm\u0259y\u0259 ba\u015flay\u0131blar. Fl\u0259\u015fmob \u0259trafdak\u0131 insanlar\u0131n b\u00f6y\u00fck mara\u011f\u0131na s\u0259b\u0259b olub.<\/p>\n<p>Fl\u0259\u015fmobun ke\u00e7irilm\u0259sind\u0259 m\u0259qs\u0259d milli atributlar\u0131m\u0131za sevginin, milli \u00f6z\u00fcn\u00fcd\u0259rkin u\u015faqlara a\u015f\u0131lanmas\u0131n\u0131n \u0259h\u0259miyy\u0259tini Daun sindromlu v\u0259 serebral iflicli u\u015faqlar\u0131n vasit\u0259sil\u0259 insanlara \u00e7atd\u0131rmaqd\u0131r.<\/p>\n<div><\/div>\n<p>Qeyd ed\u0259k ki, 2013-c\u00fc ild\u0259n b\u0259ri f\u0259aliyy\u0259t g\u00f6st\u0259r\u0259n \u201cQay\u011f\u0131-Sa\u011flam N\u0259sil Namin\u0259\u201d \u0130ctimai Birliyinin n\u0259zdind\u0259 iki m\u0259rk\u0259z f\u0259aliyy\u0259t g\u00f6st\u0259rir. Bunlar \u201cDaun Sindromlu \u015e\u0259xsl\u0259rin Reabilitasiya M\u0259rk\u0259zi\u201d v\u0259 \u201cQay\u011f\u0131 U\u015faq Reabilitasiya M\u0259rk\u0259zi\u201ddir.<\/p>\n<p>H\u0259r iki m\u0259rk\u0259z Heyd\u0259r \u018fliyev Fondunun, birba\u015fa Mehriban xan\u0131m \u018fliyevan\u0131n t\u0259\u015f\u0259bb\u00fcs\u00fc il\u0259 t\u0259sis edilib.oxu.az<\/p>\n<div class=\"gallery\">\n<div class=\"gallery-i\"><img src=\"https:\/\/assets.oxu.az\/uploads\/W1siZiIsIjIwMTkvMTEvMDkvMDgvNDkvNDgvMmMwYTE2YWMtOTcyYi00YjJiLWEwMTYtZTU3NzY3ODNkNzQzL3phemEuanBnIl0sWyJwIiwiZW5jb2RlIiwianBnIiwiLXF1YWxpdHkgODAiXSxbInAiLCJ0aHVtYiIsIjU5MHg1OTBcdTAwM2UiXV0?sha=ffb62ce47ce9a381\" alt=\"\" \/><\/p>\n<div class=\"gallery-i-caption\"><\/div>\n<\/div>\n<div class=\"gallery-i\"><img src=\"https:\/\/assets.oxu.az\/uploads\/W1siZiIsIjIwMTkvMTEvMDkvMDgvNDkvNTkvZGI5YTkzMTktMWFjMS00Y2Y4LWIzZjEtNjMzODkwMzdlYTg5L3phemExLmpwZyJdLFsicCIsImVuY29kZSIsImpwZyIsIi1xdWFsaXR5IDgwIl0sWyJwIiwidGh1bWIiLCI1OTB4NTkwXHUwMDNlIl1d?sha=919de7247a7c3526\" alt=\"\" \/><\/p>\n<div class=\"gallery-i-caption\"><\/div>\n<\/div>\n<div class=\"gallery-i\"><img src=\"https:\/\/assets.oxu.az\/uploads\/W1siZiIsIjIwMTkvMTEvMDkvMDgvNTAvMDgvZGViOGVhOTctOWMwZC00YmM5LWJlYTktYzM1MDdlZmVlZTI0L3phemEyLmpwZyJdLFsicCIsImVuY29kZSIsImpwZyIsIi1xdWFsaXR5IDgwIl0sWyJwIiwidGh1bWIiLCI1OTB4NTkwXHUwMDNlIl1d?sha=ff792e4eeddf698d\" alt=\"\" \/><\/p>\n<div class=\"gallery-i-caption\"><\/div>\n<\/div>\n<div class=\"gallery-i\"><img src=\"https:\/\/assets.oxu.az\/uploads\/W1siZiIsIjIwMTkvMTEvMDkvMDgvNTAvMjAvZWUzZGE0MzEtNDg0NC00NWE5LTgwYzItN2M5OGI3ZTBhMGI2L3phemEzLmpwZyJdLFsicCIsImVuY29kZSIsImpwZyIsIi1xdWFsaXR5IDgwIl0sWyJwIiwidGh1bWIiLCI1OTB4NTkwXHUwMDNlIl1d?sha=4117e0520178b9ba\" alt=\"\" \/><\/p>\n<div class=\"gallery-i-caption\"><\/div>\n<\/div>\n<div class=\"gallery-i\"><img src=\"https:\/\/assets.oxu.az\/uploads\/W1siZiIsIjIwMTkvMTEvMDkvMDgvNTAvMzcvOWQ0YTJkYzAtM2Y1ZC00ZGVkLWJhYjUtMWYxNDg5YTE5NzY0L3phemE1LmpwZyJdLFsicCIsImVuY29kZSIsImpwZyIsIi1xdWFsaXR5IDgwIl0sWyJwIiwidGh1bWIiLCI1OTB4NTkwXHUwMDNlIl1d?sha=bae652de524b22d5\" alt=\"\" \/><\/p>\n<div class=\"gallery-i-caption\"><\/div>\n<\/div>\n<div class=\"gallery-i\"><img src=\"https:\/\/assets.oxu.az\/uploads\/W1siZiIsIjIwMTkvMTEvMDkvMDgvNTAvNDcvOTMwODg1MWUtMGE4YS00YzJkLTlmMGMtYjNkMGQ0N2Y1Y2ExL3phemE2LmpwZyJdLFsicCIsImVuY29kZSIsImpwZyIsIi1xdWFsaXR5IDgwIl0sWyJwIiwidGh1bWIiLCI1OTB4NTkwXHUwMDNlIl1d?sha=dcab99b8b26daf4b\" alt=\"\" \/><\/p>\n<div class=\"gallery-i-caption\"><\/div>\n<\/div>\n<div class=\"gallery-i\"><img src=\"https:\/\/assets.oxu.az\/uploads\/W1siZiIsIjIwMTkvMTEvMDkvMTAvMzEvNDkvZDAxZGFlYjAtY2IzMy00ZDlmLTkxYTQtYzRmZDYyNzU4ODgzL3phemE3LmpwZyJdLFsicCIsImVuY29kZSIsImpwZyIsIi1xdWFsaXR5IDgwIl0sWyJwIiwidGh1bWIiLCI1OTB4NTkwXHUwMDNlIl1d?sha=af02e50701c5346a\" alt=\"\" \/><\/p>\n<div class=\"gallery-i-caption\"><\/div>\n<\/div>\n<div class=\"gallery-i\"><img src=\"https:\/\/assets.oxu.az\/uploads\/W1siZiIsIjIwMTkvMTEvMDkvMTAvMzEvNDkvNjY5ZTFjZmQtMTk5MS00MzIzLThiYjctMTYwNDkzMmY3MjNjL3phemE4LmpwZyJdLFsicCIsImVuY29kZSIsImpwZyIsIi1xdWFsaXR5IDgwIl0sWyJwIiwidGh1bWIiLCI1OTB4NTkwXHUwMDNlIl1d?sha=1d2270b32ee29561\" alt=\"\" \/><\/div>\n<\/div>\n","protected":false},"excerpt":{"rendered":"<p>Daun sindromlu v\u0259 serebral iflicli u\u015faqlar Bayra\u011f\u0131 g\u00fcn\u00fc il\u0259 ba\u011fl\u0131 fl\u0259\u015fmob ke\u00e7irib. ARANTV.AZ\u00a0\u00a0x\u0259b\u0259r verir ki, fl\u0259\u015fmob Yeni Az\u0259rbaycan Partiyas\u0131 (YAP) Nizami rayon t\u0259\u015fkilat\u0131 G\u0259ncl\u0259r Birliyi v\u0259 \u201cQay\u011f\u0131 \u2013 Sa\u011flam N\u0259sil Namin\u0259\u201d \u0130ctimai Birliyinin birg\u0259 d\u0259st\u0259yi il\u0259 h\u0259yata ke\u00e7irilib. Az\u0259rbaycan Respublikas\u0131n\u0131n D\u00f6vl\u0259t Bayra\u011f\u0131 g\u00fcn\u00fcn\u0259 h\u0259sr olunmu\u015f fl\u0259\u015fmob \u201cG\u0259nclik\u201d Mall AVM-d\u0259 ke\u00e7irilib. Fl\u0259\u015fmobda Daun sindromlu v\u0259 serebral iflicli u\u015faqlar \u00e7\u0131x\u0131\u015f edibl\u0259r. \u0130zdiham\u0131n topla\u015fd\u0131\u011f\u0131 m\u0259rk\u0259zi hiss\u0259d\u0259 Daun sindromlu v\u0259 serebral iflicli u\u015faqlar q\u0259fild\u0259n \u201cAz\u0259rbaycan\u201d mahn\u0131s\u0131n\u0131n s\u0259dalar\u0131 alt\u0131nda \u0259ll\u0259rind\u0259 bayraqlar, \u0259yinl\u0259rind\u0259 milli geyiml\u0259rl\u0259 r\u0259qs etm\u0259y\u0259 ba\u015flay\u0131blar. Fl\u0259\u015fmob \u0259trafdak\u0131 insanlar\u0131n b\u00f6y\u00fck mara\u011f\u0131na s\u0259b\u0259b olub. Fl\u0259\u015fmobun&hellip;<\/p>\n","protected":false},"author":2,"featured_media":94281,"comment_status":"closed","ping_status":"closed","sticky":false,"template":"","format":"standard","meta":{"om_disable_all_campaigns":false,"_monsterinsights_skip_tracking":false,"_monsterinsights_sitenote_active":false,"_monsterinsights_sitenote_note":"","_monsterinsights_sitenote_category":0},"categories":[1],"tags":[],"aioseo_notices":[],"gutentor_comment":0,"rttpg_featured_image_url":{"full":["https:\/\/arantv.az\/wp-content\/uploads\/2019\/11\/zaza3.jpg",620,385,false],"landscape":["https:\/\/arantv.az\/wp-content\/uploads\/2019\/11\/zaza3.jpg",620,385,false],"portraits":["https:\/\/arantv.az\/wp-content\/uploads\/2019\/11\/zaza3.jpg",620,385,false],"thumbnail":["https:\/\/arantv.az\/wp-content\/uploads\/2019\/11\/zaza3-150x150.jpg",150,150,true],"medium":["https:\/\/arantv.az\/wp-content\/uploads\/2019\/11\/zaza3-300x186.jpg",300,186,true],"large":["https:\/\/arantv.az\/wp-content\/uploads\/2019\/11\/zaza3.jpg",620,385,false],"1536x1536":["https:\/\/arantv.az\/wp-content\/uploads\/2019\/11\/zaza3.jpg",620,385,false],"2048x2048":["https:\/\/arantv.az\/wp-content\/uploads\/2019\/11\/zaza3.jpg",620,385,false],"post-thumbnail":["https:\/\/arantv.az\/wp-content\/uploads\/2019\/11\/zaza3-240x172.jpg",240,172,true],"advps-thumb-one":["https:\/\/arantv.az\/wp-content\/uploads\/2019\/11\/zaza3.jpg",620,385,false]},"rttpg_author":{"display_name":"V\u00fcsal Rafiqo\u011flu","author_link":"https:\/\/arantv.az\/?author=2"},"rttpg_comment":0,"rttpg_category":"<a href=\"https:\/\/arantv.az\/?cat=1\" rel=\"category\">C\u0259miyy\u0259t<\/a>","rttpg_excerpt":"Daun sindromlu v\u0259 serebral iflicli u\u015faqlar Bayra\u011f\u0131 g\u00fcn\u00fc il\u0259 ba\u011fl\u0131 fl\u0259\u015fmob ke\u00e7irib. ARANTV.AZ\u00a0\u00a0x\u0259b\u0259r verir ki, fl\u0259\u015fmob Yeni Az\u0259rbaycan Partiyas\u0131 (YAP) Nizami rayon t\u0259\u015fkilat\u0131 G\u0259ncl\u0259r Birliyi v\u0259 \u201cQay\u011f\u0131 \u2013 Sa\u011flam N\u0259sil Namin\u0259\u201d \u0130ctimai Birliyinin birg\u0259 d\u0259st\u0259yi il\u0259 h\u0259yata ke\u00e7irilib. Az\u0259rbaycan Respublikas\u0131n\u0131n D\u00f6vl\u0259t Bayra\u011f\u0131 g\u00fcn\u00fcn\u0259 h\u0259sr olunmu\u015f fl\u0259\u015fmob \u201cG\u0259nclik\u201d Mall AVM-d\u0259 ke\u00e7irilib. Fl\u0259\u015fmobda Daun sindromlu v\u0259 serebral&hellip;","_links":{"self":[{"href":"https:\/\/arantv.az\/index.php?rest_route=\/wp\/v2\/posts\/94280"}],"collection":[{"href":"https:\/\/arantv.az\/index.php?rest_route=\/wp\/v2\/posts"}],"about":[{"href":"https:\/\/arantv.az\/index.php?rest_route=\/wp\/v2\/types\/post"}],"author":[{"embeddable":true,"href":"https:\/\/arantv.az\/index.php?rest_route=\/wp\/v2\/users\/2"}],"replies":[{"embeddable":true,"href":"https:\/\/arantv.az\/index.php?rest_route=%2Fwp%2Fv2%2Fcomments&post=94280"}],"version-history":[{"count":0,"href":"https:\/\/arantv.az\/index.php?rest_route=\/wp\/v2\/posts\/94280\/revisions"}],"wp:featuredmedia":[{"embeddable":true,"href":"https:\/\/arantv.az\/index.php?rest_route=\/wp\/v2\/media\/94281"}],"wp:attachment":[{"href":"https:\/\/arantv.az\/index.php?rest_route=%2Fwp%2Fv2%2Fmedia&parent=94280"}],"wp:term":[{"taxonomy":"category","embeddable":true,"href":"https:\/\/arantv.az\/index.php?rest_route=%2Fwp%2Fv2%2Fcategories&post=94280"},{"taxonomy":"post_tag","embeddable":true,"href":"https:\/\/arantv.az\/index.php?rest_route=%2Fwp%2Fv2%2Ftags&post=94280"}],"curies":[{"name":"wp","href":"https:\/\/api.w.org\/{rel}","templated":true}]}}