{"id":94284,"date":"2019-11-09T09:53:04","date_gmt":"2019-11-09T06:53:04","guid":{"rendered":"http:\/\/arantv.az\/?p=94284"},"modified":"2019-11-09T09:53:04","modified_gmt":"2019-11-09T06:53:04","slug":"f%c9%99rhad-abdullayev-islahatlar-%c9%99dal%c9%99t-muhakim%c9%99sinin-s%c9%99m%c9%99r%c9%99liliyinin-daha-da-artirilmasini-labud-edir","status":"publish","type":"post","link":"https:\/\/arantv.az\/?p=94284","title":{"rendered":"F\u0259rhad Abdullayev: &#8220;\u0130slahatlar \u0259dal\u0259t m\u00fchakim\u0259sinin s\u0259m\u0259r\u0259liliyinin daha da art\u0131r\u0131lmas\u0131n\u0131 lab\u00fcd edir&#8221;"},"content":{"rendered":"<p>F\u0259aliyy\u0259t\u0259 ba\u015flad\u0131\u011f\u0131 d\u00f6vrd\u0259n bu g\u00fcn\u0259 q\u0259d\u0259r Konstitusiya M\u0259hk\u0259m\u0259sinin Plenumu t\u0259r\u0259find\u0259n \u00fcmumilikd\u0259 405 q\u0259rar v\u0259 111 q\u0259rardad q\u0259bul olunub.<\/p>\n<p><strong>ARANTV.AZ<\/strong>\u00a0<a href=\"https:\/\/az.trend.az\/\" target=\"_blank\" rel=\"noopener\">Trend<\/a>-\u0259 istinad\u0259n x\u0259b\u0259r verir ki, bunu Az\u0259rbaycan Konstitusiya M\u0259hk\u0259m\u0259sinin s\u0259dri F\u0259rhad Abdullayev deyib.<\/p>\n<p>Onun s\u00f6zl\u0259rin\u0259 g\u00f6r\u0259, bu q\u0259rarlar v\u0259 onlarda formala\u015fd\u0131r\u0131lm\u0131\u015f h\u00fcquqi m\u00f6vqel\u0259r Konstitusiyan\u0131n aliliyinin t\u0259min olunmas\u0131na, \u018fsas Qanunda t\u0259sbit edilmi\u015f insan h\u00fcquq v\u0259 azadl\u0131qlar\u0131n\u0131n qorunmas\u0131na xidm\u0259t edir.\u00d6lk\u0259 Konstitusiyas\u0131 m\u00fcst\u0259qil d\u00f6vl\u0259timizin inki\u015faf\u0131n\u0131n \u0259sas istiqam\u0259tl\u0259rini v\u0259 prinsipl\u0259rini \u00f6z\u00fcnd\u0259 ehtiva ed\u0259n h\u00fcquqi s\u0259n\u0259d kimi d\u00f6vl\u0259t idar\u0259etm\u0259 mexanizminin t\u0259m\u0259lin\u0259 \u00e7evril\u0259r\u0259k Az\u0259rbaycan xalq\u0131n\u0131n rifah\u0131na xidm\u0259t g\u00f6st\u0259rir.<\/p>\n<p>F.Abdullayev bildirib ki, bu g\u00fcn m\u0259hk\u0259m\u0259 sistemi v\u0259t\u0259nda\u015f c\u0259miyy\u0259tinin v\u0259 bel\u0259likl\u0259 d\u0259, h\u00fcquqi d\u00f6vl\u0259tin inki\u015faf\u0131nda \u00f6z\u00fcn\u0259m\u0259xsus v\u0259 \u0259v\u0259zedilm\u0259z rol oynay\u0131r. M\u0259hk\u0259m\u0259l\u0259rin \u00fcz\u0259rin\u0259 d\u00fc\u015f\u0259n v\u0259zif\u0259l\u0259rin qanunvericilikl\u0259 m\u00fc\u0259yy\u0259n edilmi\u015f qaydada effektiv \u015f\u0259kild\u0259 h\u0259yata ke\u00e7irilm\u0259si son n\u0259tic\u0259d\u0259 d\u00f6vl\u0259tin ad\u0131ndan q\u0259bul edil\u0259n m\u0259hk\u0259m\u0259 aktlar\u0131na c\u0259miyy\u0259tin etimad\u0131n\u0131n g\u00fccl\u0259ndirilm\u0259si \u00fc\u00e7\u00fcn x\u00fcsusi z\u0259min yarad\u0131r. H\u0259yata ke\u00e7iril\u0259n d\u00f6vl\u0259t idar\u0259etm\u0259 sisteminin t\u0259kmill\u0259\u015fdirilm\u0259si, iqtisadiyyat\u0131n m\u00fcxt\u0259lif sah\u0259l\u0259rinin inki\u015faf\u0131na, ki\u00e7ik v\u0259 orta sahibkarl\u0131\u011f\u0131n d\u0259st\u0259kl\u0259nm\u0259sin\u0259 y\u00f6n\u0259lmi\u015f islahatlar inzibati v\u0259 iqtisadi sah\u0259l\u0259rd\u0259 \u0259dal\u0259t m\u00fchakim\u0259sinin s\u0259m\u0259r\u0259liliyinin daha da art\u0131r\u0131lmas\u0131n\u0131 lab\u00fcd edir.<\/p>\n","protected":false},"excerpt":{"rendered":"<p>F\u0259aliyy\u0259t\u0259 ba\u015flad\u0131\u011f\u0131 d\u00f6vrd\u0259n bu g\u00fcn\u0259 q\u0259d\u0259r Konstitusiya M\u0259hk\u0259m\u0259sinin Plenumu t\u0259r\u0259find\u0259n \u00fcmumilikd\u0259 405 q\u0259rar v\u0259 111 q\u0259rardad q\u0259bul olunub. ARANTV.AZ\u00a0Trend-\u0259 istinad\u0259n x\u0259b\u0259r verir ki, bunu Az\u0259rbaycan Konstitusiya M\u0259hk\u0259m\u0259sinin s\u0259dri F\u0259rhad Abdullayev deyib. Onun s\u00f6zl\u0259rin\u0259 g\u00f6r\u0259, bu q\u0259rarlar v\u0259 onlarda formala\u015fd\u0131r\u0131lm\u0131\u015f h\u00fcquqi m\u00f6vqel\u0259r Konstitusiyan\u0131n aliliyinin t\u0259min olunmas\u0131na, \u018fsas Qanunda t\u0259sbit edilmi\u015f insan h\u00fcquq v\u0259 azadl\u0131qlar\u0131n\u0131n qorunmas\u0131na xidm\u0259t edir.\u00d6lk\u0259 Konstitusiyas\u0131 m\u00fcst\u0259qil d\u00f6vl\u0259timizin inki\u015faf\u0131n\u0131n \u0259sas istiqam\u0259tl\u0259rini v\u0259 prinsipl\u0259rini \u00f6z\u00fcnd\u0259 ehtiva ed\u0259n h\u00fcquqi s\u0259n\u0259d kimi d\u00f6vl\u0259t idar\u0259etm\u0259 mexanizminin t\u0259m\u0259lin\u0259 \u00e7evril\u0259r\u0259k Az\u0259rbaycan xalq\u0131n\u0131n rifah\u0131na xidm\u0259t g\u00f6st\u0259rir. F.Abdullayev bildirib ki, bu g\u00fcn m\u0259hk\u0259m\u0259 sistemi v\u0259t\u0259nda\u015f c\u0259miyy\u0259tinin v\u0259&hellip;<\/p>\n","protected":false},"author":2,"featured_media":94285,"comment_status":"closed","ping_status":"closed","sticky":false,"template":"","format":"standard","meta":{"om_disable_all_campaigns":false,"_monsterinsights_skip_tracking":false,"_monsterinsights_sitenote_active":false,"_monsterinsights_sitenote_note":"","_monsterinsights_sitenote_category":0},"categories":[4],"tags":[],"aioseo_notices":[],"gutentor_comment":0,"rttpg_featured_image_url":{"full":["https:\/\/arantv.az\/wp-content\/uploads\/2019\/11\/800959.jpg",800,600,false],"landscape":["https:\/\/arantv.az\/wp-content\/uploads\/2019\/11\/800959.jpg",800,600,false],"portraits":["https:\/\/arantv.az\/wp-content\/uploads\/2019\/11\/800959.jpg",800,600,false],"thumbnail":["https:\/\/arantv.az\/wp-content\/uploads\/2019\/11\/800959-150x150.jpg",150,150,true],"medium":["https:\/\/arantv.az\/wp-content\/uploads\/2019\/11\/800959-300x225.jpg",300,225,true],"large":["https:\/\/arantv.az\/wp-content\/uploads\/2019\/11\/800959.jpg",640,480,false],"1536x1536":["https:\/\/arantv.az\/wp-content\/uploads\/2019\/11\/800959.jpg",800,600,false],"2048x2048":["https:\/\/arantv.az\/wp-content\/uploads\/2019\/11\/800959.jpg",800,600,false],"post-thumbnail":["https:\/\/arantv.az\/wp-content\/uploads\/2019\/11\/800959-240x172.jpg",240,172,true],"advps-thumb-one":["https:\/\/arantv.az\/wp-content\/uploads\/2019\/11\/800959.jpg",800,600,false]},"rttpg_author":{"display_name":"V\u00fcsal Rafiqo\u011flu","author_link":"https:\/\/arantv.az\/?author=2"},"rttpg_comment":0,"rttpg_category":"<a href=\"https:\/\/arantv.az\/?cat=4\" rel=\"category\">Siyas\u0259t<\/a>","rttpg_excerpt":"F\u0259aliyy\u0259t\u0259 ba\u015flad\u0131\u011f\u0131 d\u00f6vrd\u0259n bu g\u00fcn\u0259 q\u0259d\u0259r Konstitusiya M\u0259hk\u0259m\u0259sinin Plenumu t\u0259r\u0259find\u0259n \u00fcmumilikd\u0259 405 q\u0259rar v\u0259 111 q\u0259rardad q\u0259bul olunub. ARANTV.AZ\u00a0Trend-\u0259 istinad\u0259n x\u0259b\u0259r verir ki, bunu Az\u0259rbaycan Konstitusiya M\u0259hk\u0259m\u0259sinin s\u0259dri F\u0259rhad Abdullayev deyib. Onun s\u00f6zl\u0259rin\u0259 g\u00f6r\u0259, bu q\u0259rarlar v\u0259 onlarda formala\u015fd\u0131r\u0131lm\u0131\u015f h\u00fcquqi m\u00f6vqel\u0259r Konstitusiyan\u0131n aliliyinin t\u0259min olunmas\u0131na, \u018fsas Qanunda t\u0259sbit edilmi\u015f insan h\u00fcquq v\u0259 azadl\u0131qlar\u0131n\u0131n qorunmas\u0131na xidm\u0259t&hellip;","_links":{"self":[{"href":"https:\/\/arantv.az\/index.php?rest_route=\/wp\/v2\/posts\/94284"}],"collection":[{"href":"https:\/\/arantv.az\/index.php?rest_route=\/wp\/v2\/posts"}],"about":[{"href":"https:\/\/arantv.az\/index.php?rest_route=\/wp\/v2\/types\/post"}],"author":[{"embeddable":true,"href":"https:\/\/arantv.az\/index.php?rest_route=\/wp\/v2\/users\/2"}],"replies":[{"embeddable":true,"href":"https:\/\/arantv.az\/index.php?rest_route=%2Fwp%2Fv2%2Fcomments&post=94284"}],"version-history":[{"count":0,"href":"https:\/\/arantv.az\/index.php?rest_route=\/wp\/v2\/posts\/94284\/revisions"}],"wp:featuredmedia":[{"embeddable":true,"href":"https:\/\/arantv.az\/index.php?rest_route=\/wp\/v2\/media\/94285"}],"wp:attachment":[{"href":"https:\/\/arantv.az\/index.php?rest_route=%2Fwp%2Fv2%2Fmedia&parent=94284"}],"wp:term":[{"taxonomy":"category","embeddable":true,"href":"https:\/\/arantv.az\/index.php?rest_route=%2Fwp%2Fv2%2Fcategories&post=94284"},{"taxonomy":"post_tag","embeddable":true,"href":"https:\/\/arantv.az\/index.php?rest_route=%2Fwp%2Fv2%2Ftags&post=94284"}],"curies":[{"name":"wp","href":"https:\/\/api.w.org\/{rel}","templated":true}]}}