{"id":94308,"date":"2019-11-09T10:26:38","date_gmt":"2019-11-09T07:26:38","guid":{"rendered":"http:\/\/arantv.az\/?p=94308"},"modified":"2019-11-09T10:26:38","modified_gmt":"2019-11-09T07:26:38","slug":"228-illik-q%c9%99zali-abid%c9%99-t%c9%99mir-edil%c9%99c%c9%99k-foto","status":"publish","type":"post","link":"https:\/\/arantv.az\/?p=94308","title":{"rendered":"228 illik q\u0259zal\u0131 abid\u0259 t\u0259mir edil\u0259c\u0259k &#8211; FOTO"},"content":{"rendered":"<p>Lah\u0131cdak\u0131 ac\u0131nacaql\u0131 v\u0259ziyy\u0259td\u0259 olan B\u0259d\u00f6y\u00fcn m\u0259scidinin \u0259sasl\u0131 t\u0259mirin\u0259 q\u0259rar verilib.<\/p>\n<p><strong>ARANTV.AZ\u00a0\u00a0<\/strong>x\u0259b\u0259r verir ki, bu bar\u0259d\u0259 AMEA Arxeologiya v\u0259 Etnoqrafiya \u0130nstitutu m\u0259lumat yay\u0131b.<\/p>\n<p>Oktyabr ay\u0131n\u0131n 3-d\u0259 Az\u0259rbaycan Respublikas\u0131n\u0131n Birinci vitse-prezidenti, Heyd\u0259r \u018fliyev Fondunun prezidenti Mehriban \u018fliyeva Lah\u0131ca s\u0259f\u0259r edib. Lah\u0131cl\u0131larla g\u00f6r\u00fc\u015f zaman\u0131 q\u0259s\u0259b\u0259nin a\u011fbir\u00e7\u0259k sakini P\u00fcst\u0259 \u018fliyeva Mehriban xan\u0131ma B\u0259d\u00f6y\u00fcn m\u0259scidinin ac\u0131nacaql\u0131 v\u0259ziyy\u0259td\u0259 olmas\u0131 haqq\u0131nda m\u0259lumat verib.<\/p>\n<p>S\u00f6z\u00fcged\u0259n m\u0259scidi ziyar\u0259t ed\u0259n Birinci xan\u0131m abid\u0259nin d\u0259rhal t\u0259mir edilm\u0259si haqq\u0131nda tap\u015f\u0131r\u0131q verib.<\/p>\n<p>Tap\u015f\u0131r\u0131q \u0259sas\u0131nda noyabr ay\u0131n\u0131n 1-d\u0259 Az\u0259rbaycan Respublikas\u0131n\u0131n D\u00f6vl\u0259t Turizm Agentliyinin maliyy\u0259 d\u0259st\u0259yi il\u0259 AMEA Arxeologiya v\u0259 Etnoqrafiya \u0130nstitutunun Lah\u0131c arxeoloji ekspedisiyas\u0131 Lah\u0131c qoru\u011fu \u0259razisind\u0259, B\u0259d\u00f6y\u00fcn m\u0259sc\u0131dind\u0259 arxeoloji t\u0259dqiqat i\u015fl\u0259rin\u0259 ba\u015flay\u0131b.<\/p>\n<p>Az\u0259rbaycan Respublikas\u0131n\u0131n D\u00f6vl\u0259t Turizm A\u011fentliyi v\u0259 AMEA Arxeologiya v\u0259 Etnoqrafiya \u0130nstitutu aras\u0131nda imzalanm\u0131\u015f memoranduma \u0259sas\u0259n, abid\u0259d\u0259 t\u0259mir i\u015fl\u0259rin\u0259 ba\u015flamazdan \u0259vv\u0259l arxeoloji t\u0259dqiqat i\u015fl\u0259ri apar\u0131lmal\u0131d\u0131r.<\/p>\n<p>AMEA Arxeologiya v\u0259 Etnoqrafiya \u0130nstitutunun Lah\u0131c arxeoloji ekspedisiyas\u0131n\u0131n r\u0259isi t.\u00fc.f.d. Akif Quliyevin m\u0259lumat\u0131na g\u00f6r\u0259, B\u0259d\u00f6y\u00fcn m\u0259scidind\u0259 apar\u0131lan ara\u015fd\u0131rmalar abid\u0259nin tikilm\u0259 tarixi, ilkin memarl\u0131\u011f\u0131 kimi\u00a0m\u0259s\u0259l\u0259l\u0259r\u0259 ayd\u0131nl\u0131q g\u0259tir\u0259c\u0259k.<\/p>\n<p>Qeyd ed\u0259k ki, abid\u0259 1791-ci ild\u0259 in\u015fa edilib. Abid\u0259nin \u00fcz\u0259rind\u0259 s\u0259kkiz\u00a0kitab\u0259 var. Bunlar\u0131n yeddisi \u0259r\u0259b dilind\u0259, biri is\u0259 \u0259r\u0259b qrafikas\u0131 il\u0259 Az\u0259rbaycan dilind\u0259dir. \u0130ki kitab\u0259d\u0259 \u0259ks olunmu\u015f dini h\u0259dis m\u0259tnl\u0259rind\u0259n sonra, hicri 1295-ci il (1878-ci il) v\u0259 hicri 1323-ci (1905-ci il) tarixl\u0259ri qeyd edilib.oxu.az<\/p>\n<div class=\"gallery\">\n<div class=\"gallery-i\"><img src=\"https:\/\/assets.oxu.az\/uploads\/W1siZiIsIjIwMTkvMTEvMDkvMDkvNTYvMzkvYjk1YTBkNjYtZGM4OC00NjNkLWI5NzMtNjExMWFmODA3MmZmLzEgKDQpLkpQRyJdLFsicCIsImVuY29kZSIsImpwZyIsIi1xdWFsaXR5IDgwIl0sWyJwIiwidGh1bWIiLCI1OTB4NTkwXHUwMDNlIl1d?sha=d521a157070173e6\" alt=\"\" \/><\/p>\n<div class=\"gallery-i-caption\"><\/div>\n<\/div>\n<div class=\"gallery-i\"><img src=\"https:\/\/assets.oxu.az\/uploads\/W1siZiIsIjIwMTkvMTEvMDkvMDkvNTYvNTYvYmJmYzM5MTYtNTQzYS00OTNjLTgyODctMmUwOGZjMDM0OGQxLzMgKDMpLkpQRyJdLFsicCIsImVuY29kZSIsImpwZyIsIi1xdWFsaXR5IDgwIl0sWyJwIiwidGh1bWIiLCI1OTB4NTkwXHUwMDNlIl1d?sha=701bb2478b2b64ae\" alt=\"\" \/><\/p>\n<div class=\"gallery-i-caption\"><\/div>\n<\/div>\n<div class=\"gallery-i\"><img src=\"https:\/\/assets.oxu.az\/uploads\/W1siZiIsIjIwMTkvMTEvMDkvMDkvNTYvNTYvNTkxNTBjZjgtMjg0NS00ZGY1LWI2ZGUtOTlmNDlmODFjNWZmLzcgKDEpLkpQRyJdLFsicCIsImVuY29kZSIsImpwZyIsIi1xdWFsaXR5IDgwIl0sWyJwIiwidGh1bWIiLCI1OTB4NTkwXHUwMDNlIl1d?sha=c92b8e8da0b4f092\" alt=\"\" \/><\/p>\n<div class=\"gallery-i-caption\"><\/div>\n<\/div>\n<div class=\"gallery-i\"><img src=\"https:\/\/assets.oxu.az\/uploads\/W1siZiIsIjIwMTkvMTEvMDkvMDkvNTYvNTYvNDZhYzljMmYtYWIxZC00NWNhLTkzZGItYzI4MTJhNjkwOGU2LzIgKDMpLmpwZyJdLFsicCIsImVuY29kZSIsImpwZyIsIi1xdWFsaXR5IDgwIl0sWyJwIiwidGh1bWIiLCI1OTB4NTkwXHUwMDNlIl1d?sha=1445d3cb482f9dbe\" alt=\"\" \/><\/p>\n<div class=\"gallery-i-caption\"><\/div>\n<\/div>\n<div class=\"gallery-i\"><img src=\"https:\/\/assets.oxu.az\/uploads\/W1siZiIsIjIwMTkvMTEvMDkvMDkvNTYvNTYvYmFkMWU4ZDYtODZhMy00ZDIwLTg5MWQtMDkxZTVhYTgyZTJmLzYgKDEpLkpQRyJdLFsicCIsImVuY29kZSIsImpwZyIsIi1xdWFsaXR5IDgwIl0sWyJwIiwidGh1bWIiLCI1OTB4NTkwXHUwMDNlIl1d?sha=9e3529e83e53a27a\" alt=\"\" \/><\/p>\n<div class=\"gallery-i-caption\"><\/div>\n<\/div>\n<div class=\"gallery-i\"><img src=\"https:\/\/assets.oxu.az\/uploads\/W1siZiIsIjIwMTkvMTEvMDkvMDkvNTYvNTYvMDQzODFhYjAtNjU1Zi00ZDI1LWE5NWQtZGY2YjRkZjcyOTc5LzUgKDIpLkpQRyJdLFsicCIsImVuY29kZSIsImpwZyIsIi1xdWFsaXR5IDgwIl0sWyJwIiwidGh1bWIiLCI1OTB4NTkwXHUwMDNlIl1d?sha=8ddcfaf042f383c0\" alt=\"\" \/><\/p>\n<div class=\"gallery-i-caption\"><\/div>\n<\/div>\n<div class=\"gallery-i\"><img src=\"https:\/\/assets.oxu.az\/uploads\/W1siZiIsIjIwMTkvMTEvMDkvMDkvNTcvMjEvZDI2NmI5NWEtYmZmMC00OGM0LWExNGEtYzk2M2E2OTVhNzU0LzQgKDQpLmpwZyJdLFsicCIsImVuY29kZSIsImpwZyIsIi1xdWFsaXR5IDgwIl0sWyJwIiwidGh1bWIiLCI1OTB4NTkwXHUwMDNlIl1d?sha=ef2bc471125edc7c\" alt=\"\" \/><\/div>\n<\/div>\n","protected":false},"excerpt":{"rendered":"<p>Lah\u0131cdak\u0131 ac\u0131nacaql\u0131 v\u0259ziyy\u0259td\u0259 olan B\u0259d\u00f6y\u00fcn m\u0259scidinin \u0259sasl\u0131 t\u0259mirin\u0259 q\u0259rar verilib. ARANTV.AZ\u00a0\u00a0x\u0259b\u0259r verir ki, bu bar\u0259d\u0259 AMEA Arxeologiya v\u0259 Etnoqrafiya \u0130nstitutu m\u0259lumat yay\u0131b. Oktyabr ay\u0131n\u0131n 3-d\u0259 Az\u0259rbaycan Respublikas\u0131n\u0131n Birinci vitse-prezidenti, Heyd\u0259r \u018fliyev Fondunun prezidenti Mehriban \u018fliyeva Lah\u0131ca s\u0259f\u0259r edib. Lah\u0131cl\u0131larla g\u00f6r\u00fc\u015f zaman\u0131 q\u0259s\u0259b\u0259nin a\u011fbir\u00e7\u0259k sakini P\u00fcst\u0259 \u018fliyeva Mehriban xan\u0131ma B\u0259d\u00f6y\u00fcn m\u0259scidinin ac\u0131nacaql\u0131 v\u0259ziyy\u0259td\u0259 olmas\u0131 haqq\u0131nda m\u0259lumat verib. S\u00f6z\u00fcged\u0259n m\u0259scidi ziyar\u0259t ed\u0259n Birinci xan\u0131m abid\u0259nin d\u0259rhal t\u0259mir edilm\u0259si haqq\u0131nda tap\u015f\u0131r\u0131q verib. Tap\u015f\u0131r\u0131q \u0259sas\u0131nda noyabr ay\u0131n\u0131n 1-d\u0259 Az\u0259rbaycan Respublikas\u0131n\u0131n D\u00f6vl\u0259t Turizm Agentliyinin maliyy\u0259 d\u0259st\u0259yi il\u0259 AMEA Arxeologiya v\u0259 Etnoqrafiya \u0130nstitutunun Lah\u0131c arxeoloji ekspedisiyas\u0131&hellip;<\/p>\n","protected":false},"author":2,"featured_media":94309,"comment_status":"closed","ping_status":"closed","sticky":false,"template":"","format":"standard","meta":{"om_disable_all_campaigns":false,"_monsterinsights_skip_tracking":false,"_monsterinsights_sitenote_active":false,"_monsterinsights_sitenote_note":"","_monsterinsights_sitenote_category":0},"categories":[1],"tags":[],"aioseo_notices":[],"gutentor_comment":0,"rttpg_featured_image_url":{"full":["https:\/\/arantv.az\/wp-content\/uploads\/2019\/11\/1-4.jpg",620,413,false],"landscape":["https:\/\/arantv.az\/wp-content\/uploads\/2019\/11\/1-4.jpg",620,413,false],"portraits":["https:\/\/arantv.az\/wp-content\/uploads\/2019\/11\/1-4.jpg",620,413,false],"thumbnail":["https:\/\/arantv.az\/wp-content\/uploads\/2019\/11\/1-4-150x150.jpg",150,150,true],"medium":["https:\/\/arantv.az\/wp-content\/uploads\/2019\/11\/1-4-300x200.jpg",300,200,true],"large":["https:\/\/arantv.az\/wp-content\/uploads\/2019\/11\/1-4.jpg",620,413,false],"1536x1536":["https:\/\/arantv.az\/wp-content\/uploads\/2019\/11\/1-4.jpg",620,413,false],"2048x2048":["https:\/\/arantv.az\/wp-content\/uploads\/2019\/11\/1-4.jpg",620,413,false],"post-thumbnail":["https:\/\/arantv.az\/wp-content\/uploads\/2019\/11\/1-4-240x172.jpg",240,172,true],"advps-thumb-one":["https:\/\/arantv.az\/wp-content\/uploads\/2019\/11\/1-4.jpg",620,413,false]},"rttpg_author":{"display_name":"V\u00fcsal Rafiqo\u011flu","author_link":"https:\/\/arantv.az\/?author=2"},"rttpg_comment":0,"rttpg_category":"<a href=\"https:\/\/arantv.az\/?cat=1\" rel=\"category\">C\u0259miyy\u0259t<\/a>","rttpg_excerpt":"Lah\u0131cdak\u0131 ac\u0131nacaql\u0131 v\u0259ziyy\u0259td\u0259 olan B\u0259d\u00f6y\u00fcn m\u0259scidinin \u0259sasl\u0131 t\u0259mirin\u0259 q\u0259rar verilib. ARANTV.AZ\u00a0\u00a0x\u0259b\u0259r verir ki, bu bar\u0259d\u0259 AMEA Arxeologiya v\u0259 Etnoqrafiya \u0130nstitutu m\u0259lumat yay\u0131b. Oktyabr ay\u0131n\u0131n 3-d\u0259 Az\u0259rbaycan Respublikas\u0131n\u0131n Birinci vitse-prezidenti, Heyd\u0259r \u018fliyev Fondunun prezidenti Mehriban \u018fliyeva Lah\u0131ca s\u0259f\u0259r edib. Lah\u0131cl\u0131larla g\u00f6r\u00fc\u015f zaman\u0131 q\u0259s\u0259b\u0259nin a\u011fbir\u00e7\u0259k sakini P\u00fcst\u0259 \u018fliyeva Mehriban xan\u0131ma B\u0259d\u00f6y\u00fcn m\u0259scidinin ac\u0131nacaql\u0131 v\u0259ziyy\u0259td\u0259 olmas\u0131 haqq\u0131nda m\u0259lumat&hellip;","_links":{"self":[{"href":"https:\/\/arantv.az\/index.php?rest_route=\/wp\/v2\/posts\/94308"}],"collection":[{"href":"https:\/\/arantv.az\/index.php?rest_route=\/wp\/v2\/posts"}],"about":[{"href":"https:\/\/arantv.az\/index.php?rest_route=\/wp\/v2\/types\/post"}],"author":[{"embeddable":true,"href":"https:\/\/arantv.az\/index.php?rest_route=\/wp\/v2\/users\/2"}],"replies":[{"embeddable":true,"href":"https:\/\/arantv.az\/index.php?rest_route=%2Fwp%2Fv2%2Fcomments&post=94308"}],"version-history":[{"count":0,"href":"https:\/\/arantv.az\/index.php?rest_route=\/wp\/v2\/posts\/94308\/revisions"}],"wp:featuredmedia":[{"embeddable":true,"href":"https:\/\/arantv.az\/index.php?rest_route=\/wp\/v2\/media\/94309"}],"wp:attachment":[{"href":"https:\/\/arantv.az\/index.php?rest_route=%2Fwp%2Fv2%2Fmedia&parent=94308"}],"wp:term":[{"taxonomy":"category","embeddable":true,"href":"https:\/\/arantv.az\/index.php?rest_route=%2Fwp%2Fv2%2Fcategories&post=94308"},{"taxonomy":"post_tag","embeddable":true,"href":"https:\/\/arantv.az\/index.php?rest_route=%2Fwp%2Fv2%2Ftags&post=94308"}],"curies":[{"name":"wp","href":"https:\/\/api.w.org\/{rel}","templated":true}]}}