{"id":94312,"date":"2019-11-09T10:29:21","date_gmt":"2019-11-09T07:29:21","guid":{"rendered":"http:\/\/arantv.az\/?p=94312"},"modified":"2019-11-09T10:29:21","modified_gmt":"2019-11-09T07:29:21","slug":"korogludan-g%c9%99lib-ged%c9%99nl%c9%99rin-n%c9%99z%c9%99rin%c9%99","status":"publish","type":"post","link":"https:\/\/arantv.az\/?p=94312","title":{"rendered":"&#8220;Koro\u011flu&#8221;dan g\u0259lib-ged\u0259nl\u0259rin n\u0259z\u0259rin\u0259!"},"content":{"rendered":"<p>Bu g\u00fcnd\u0259n Bak\u0131 k\u0259ndl\u0259ri v\u0259 \u0259traf q\u0259s\u0259b\u0259l\u0259rd\u0259n &#8220;Koro\u011flu&#8221; istiqam\u0259tind\u0259 i\u015fl\u0259y\u0259n mar\u015frut avtobuslar\u0131n\u0131n dayanaca\u011f\u0131 d\u0259yi\u015fib.<\/p>\n<p><b>ARANTV.AZ<\/b>\u00a0bildirir ki, s\u0259h\u0259r saatlar\u0131ndan etibar\u0259n &#8220;Koro\u011flu&#8221; N\u0259qliyyat M\u00fcbadil\u0259 M\u0259rk\u0259zi s\u0259rni\u015finl\u0259rin istifad\u0259sin\u0259 verilib.<\/p>\n<p>Bundan sonra s\u00f6z\u00fcged\u0259n avtobuslar Qara Qarayev metrosu istiqam\u0259tind\u0259n yox, birba\u015fa Atletl\u0259r k\u0259ndi yax\u0131nl\u0131\u011f\u0131ndan h\u0259r\u0259k\u0259t ed\u0259r\u0259k yeni qurulan m\u0259rk\u0259zd\u0259 dayanacaqlar.Sonxeber.az<\/p>\n","protected":false},"excerpt":{"rendered":"<p>Bu g\u00fcnd\u0259n Bak\u0131 k\u0259ndl\u0259ri v\u0259 \u0259traf q\u0259s\u0259b\u0259l\u0259rd\u0259n &#8220;Koro\u011flu&#8221; istiqam\u0259tind\u0259 i\u015fl\u0259y\u0259n mar\u015frut avtobuslar\u0131n\u0131n dayanaca\u011f\u0131 d\u0259yi\u015fib. ARANTV.AZ\u00a0bildirir ki, s\u0259h\u0259r saatlar\u0131ndan etibar\u0259n &#8220;Koro\u011flu&#8221; N\u0259qliyyat M\u00fcbadil\u0259 M\u0259rk\u0259zi s\u0259rni\u015finl\u0259rin istifad\u0259sin\u0259 verilib. Bundan sonra s\u00f6z\u00fcged\u0259n avtobuslar Qara Qarayev metrosu istiqam\u0259tind\u0259n yox, birba\u015fa Atletl\u0259r k\u0259ndi yax\u0131nl\u0131\u011f\u0131ndan h\u0259r\u0259k\u0259t ed\u0259r\u0259k yeni qurulan m\u0259rk\u0259zd\u0259 dayanacaqlar.Sonxeber.az<\/p>\n","protected":false},"author":2,"featured_media":94313,"comment_status":"closed","ping_status":"closed","sticky":false,"template":"","format":"standard","meta":{"om_disable_all_campaigns":false,"_monsterinsights_skip_tracking":false,"_monsterinsights_sitenote_active":false,"_monsterinsights_sitenote_note":"","_monsterinsights_sitenote_category":0},"categories":[1],"tags":[],"aioseo_notices":[],"gutentor_comment":0,"rttpg_featured_image_url":{"full":["https:\/\/arantv.az\/wp-content\/uploads\/2019\/11\/1573284009413658774.jpg",549,297,false],"landscape":["https:\/\/arantv.az\/wp-content\/uploads\/2019\/11\/1573284009413658774.jpg",549,297,false],"portraits":["https:\/\/arantv.az\/wp-content\/uploads\/2019\/11\/1573284009413658774.jpg",549,297,false],"thumbnail":["https:\/\/arantv.az\/wp-content\/uploads\/2019\/11\/1573284009413658774-150x150.jpg",150,150,true],"medium":["https:\/\/arantv.az\/wp-content\/uploads\/2019\/11\/1573284009413658774-300x162.jpg",300,162,true],"large":["https:\/\/arantv.az\/wp-content\/uploads\/2019\/11\/1573284009413658774.jpg",549,297,false],"1536x1536":["https:\/\/arantv.az\/wp-content\/uploads\/2019\/11\/1573284009413658774.jpg",549,297,false],"2048x2048":["https:\/\/arantv.az\/wp-content\/uploads\/2019\/11\/1573284009413658774.jpg",549,297,false],"post-thumbnail":["https:\/\/arantv.az\/wp-content\/uploads\/2019\/11\/1573284009413658774-240x172.jpg",240,172,true],"advps-thumb-one":["https:\/\/arantv.az\/wp-content\/uploads\/2019\/11\/1573284009413658774.jpg",549,297,false]},"rttpg_author":{"display_name":"V\u00fcsal Rafiqo\u011flu","author_link":"https:\/\/arantv.az\/?author=2"},"rttpg_comment":0,"rttpg_category":"<a href=\"https:\/\/arantv.az\/?cat=1\" rel=\"category\">C\u0259miyy\u0259t<\/a>","rttpg_excerpt":"Bu g\u00fcnd\u0259n Bak\u0131 k\u0259ndl\u0259ri v\u0259 \u0259traf q\u0259s\u0259b\u0259l\u0259rd\u0259n &#8220;Koro\u011flu&#8221; istiqam\u0259tind\u0259 i\u015fl\u0259y\u0259n mar\u015frut avtobuslar\u0131n\u0131n dayanaca\u011f\u0131 d\u0259yi\u015fib. ARANTV.AZ\u00a0bildirir ki, s\u0259h\u0259r saatlar\u0131ndan etibar\u0259n &#8220;Koro\u011flu&#8221; N\u0259qliyyat M\u00fcbadil\u0259 M\u0259rk\u0259zi s\u0259rni\u015finl\u0259rin istifad\u0259sin\u0259 verilib. Bundan sonra s\u00f6z\u00fcged\u0259n avtobuslar Qara Qarayev metrosu istiqam\u0259tind\u0259n yox, birba\u015fa Atletl\u0259r k\u0259ndi yax\u0131nl\u0131\u011f\u0131ndan h\u0259r\u0259k\u0259t ed\u0259r\u0259k yeni qurulan m\u0259rk\u0259zd\u0259 dayanacaqlar.Sonxeber.az","_links":{"self":[{"href":"https:\/\/arantv.az\/index.php?rest_route=\/wp\/v2\/posts\/94312"}],"collection":[{"href":"https:\/\/arantv.az\/index.php?rest_route=\/wp\/v2\/posts"}],"about":[{"href":"https:\/\/arantv.az\/index.php?rest_route=\/wp\/v2\/types\/post"}],"author":[{"embeddable":true,"href":"https:\/\/arantv.az\/index.php?rest_route=\/wp\/v2\/users\/2"}],"replies":[{"embeddable":true,"href":"https:\/\/arantv.az\/index.php?rest_route=%2Fwp%2Fv2%2Fcomments&post=94312"}],"version-history":[{"count":0,"href":"https:\/\/arantv.az\/index.php?rest_route=\/wp\/v2\/posts\/94312\/revisions"}],"wp:featuredmedia":[{"embeddable":true,"href":"https:\/\/arantv.az\/index.php?rest_route=\/wp\/v2\/media\/94313"}],"wp:attachment":[{"href":"https:\/\/arantv.az\/index.php?rest_route=%2Fwp%2Fv2%2Fmedia&parent=94312"}],"wp:term":[{"taxonomy":"category","embeddable":true,"href":"https:\/\/arantv.az\/index.php?rest_route=%2Fwp%2Fv2%2Fcategories&post=94312"},{"taxonomy":"post_tag","embeddable":true,"href":"https:\/\/arantv.az\/index.php?rest_route=%2Fwp%2Fv2%2Ftags&post=94312"}],"curies":[{"name":"wp","href":"https:\/\/api.w.org\/{rel}","templated":true}]}}