{"id":94337,"date":"2019-11-09T11:01:12","date_gmt":"2019-11-09T08:01:12","guid":{"rendered":"http:\/\/arantv.az\/?p=94337"},"modified":"2019-11-09T11:01:12","modified_gmt":"2019-11-09T08:01:12","slug":"ayagi-qoparilmis-pisikl%c9%99rl%c9%99-bagli-mu%c9%99mmanin-ustu-acildi","status":"publish","type":"post","link":"https:\/\/arantv.az\/?p=94337","title":{"rendered":"Aya\u011f\u0131 qopar\u0131lm\u0131\u015f pi\u015fikl\u0259rl\u0259 ba\u011fl\u0131 m\u00fc\u0259mman\u0131n \u00fcst\u00fc a\u00e7\u0131ld\u0131"},"content":{"rendered":"<p>T\u00fcrkiy\u0259nin Bolu vilay\u0259tind\u0259 ayaqlar\u0131 qopar\u0131lm\u0131\u015f\u00a0alt\u0131 pi\u015fik c\u0259s\u0259di tap\u0131l\u0131b.<\/p>\n<p>Eyni hadis\u0259nin bir ne\u00e7\u0259 b\u00f6lg\u0259d\u0259 ba\u015f verm\u0259si insanlar aras\u0131nda narahatl\u0131q yarad\u0131b.<\/p>\n<p>H\u0259tta yerli mediyada bunun \u201ccadu\u201d m\u0259qs\u0259dil\u0259 ba\u015f verdiyi haqq\u0131nda fikirl\u0259r s\u0259sl\u0259nib.<\/p>\n<p>N\u0259zar\u0259t kameralar\u0131ndan al\u0131nan g\u00f6r\u00fcnt\u00fcl\u0259rd\u0259n \u0259ld\u0259 edil\u0259n m\u0259lumata g\u00f6r\u0259, bu hadis\u0259nin itl\u0259r t\u0259r\u0259find\u0259n t\u00f6r\u0259dildiyi m\u0259lum olub.<\/p>\n<p>Bununla \u0259laq\u0259dar, Bolu Valiliyind\u0259n Bolu B\u0259l\u0259diy\u0259sin\u0259 k\u00fc\u00e7\u0259 itl\u0259ri il\u0259 ba\u011fl\u0131 t\u0259dbir g\u00f6rm\u0259l\u0259rin\u0259 dair g\u00f6st\u0259ri\u015f\u00a0<a href=\"https:\/\/www.cnnturk.com\/turkiye\/boluyu-ayaga-kaldiran-kedi-olumlerini-cinayet-buro-cozdu\" target=\"_blank\" rel=\"noopener\">verilib<\/a>.<\/p>\n","protected":false},"excerpt":{"rendered":"<p>T\u00fcrkiy\u0259nin Bolu vilay\u0259tind\u0259 ayaqlar\u0131 qopar\u0131lm\u0131\u015f\u00a0alt\u0131 pi\u015fik c\u0259s\u0259di tap\u0131l\u0131b. Eyni hadis\u0259nin bir ne\u00e7\u0259 b\u00f6lg\u0259d\u0259 ba\u015f verm\u0259si insanlar aras\u0131nda narahatl\u0131q yarad\u0131b. H\u0259tta yerli mediyada bunun \u201ccadu\u201d m\u0259qs\u0259dil\u0259 ba\u015f verdiyi haqq\u0131nda fikirl\u0259r s\u0259sl\u0259nib. N\u0259zar\u0259t kameralar\u0131ndan al\u0131nan g\u00f6r\u00fcnt\u00fcl\u0259rd\u0259n \u0259ld\u0259 edil\u0259n m\u0259lumata g\u00f6r\u0259, bu hadis\u0259nin itl\u0259r t\u0259r\u0259find\u0259n t\u00f6r\u0259dildiyi m\u0259lum olub. Bununla \u0259laq\u0259dar, Bolu Valiliyind\u0259n Bolu B\u0259l\u0259diy\u0259sin\u0259 k\u00fc\u00e7\u0259 itl\u0259ri il\u0259 ba\u011fl\u0131 t\u0259dbir g\u00f6rm\u0259l\u0259rin\u0259 dair g\u00f6st\u0259ri\u015f\u00a0verilib.<\/p>\n","protected":false},"author":2,"featured_media":94338,"comment_status":"closed","ping_status":"closed","sticky":false,"template":"","format":"standard","meta":{"om_disable_all_campaigns":false,"_monsterinsights_skip_tracking":false,"_monsterinsights_sitenote_active":false,"_monsterinsights_sitenote_note":"","_monsterinsights_sitenote_category":0},"categories":[7],"tags":[],"aioseo_notices":[],"gutentor_comment":0,"rttpg_featured_image_url":{"full":["https:\/\/arantv.az\/wp-content\/uploads\/2019\/11\/400653-728xauto.jpg",615,410,false],"landscape":["https:\/\/arantv.az\/wp-content\/uploads\/2019\/11\/400653-728xauto.jpg",615,410,false],"portraits":["https:\/\/arantv.az\/wp-content\/uploads\/2019\/11\/400653-728xauto.jpg",615,410,false],"thumbnail":["https:\/\/arantv.az\/wp-content\/uploads\/2019\/11\/400653-728xauto-150x150.jpg",150,150,true],"medium":["https:\/\/arantv.az\/wp-content\/uploads\/2019\/11\/400653-728xauto-300x200.jpg",300,200,true],"large":["https:\/\/arantv.az\/wp-content\/uploads\/2019\/11\/400653-728xauto.jpg",615,410,false],"1536x1536":["https:\/\/arantv.az\/wp-content\/uploads\/2019\/11\/400653-728xauto.jpg",615,410,false],"2048x2048":["https:\/\/arantv.az\/wp-content\/uploads\/2019\/11\/400653-728xauto.jpg",615,410,false],"post-thumbnail":["https:\/\/arantv.az\/wp-content\/uploads\/2019\/11\/400653-728xauto-240x172.jpg",240,172,true],"advps-thumb-one":["https:\/\/arantv.az\/wp-content\/uploads\/2019\/11\/400653-728xauto.jpg",615,410,false]},"rttpg_author":{"display_name":"V\u00fcsal Rafiqo\u011flu","author_link":"https:\/\/arantv.az\/?author=2"},"rttpg_comment":0,"rttpg_category":"<a href=\"https:\/\/arantv.az\/?cat=7\" rel=\"category\">D\u00fcnya<\/a>","rttpg_excerpt":"T\u00fcrkiy\u0259nin Bolu vilay\u0259tind\u0259 ayaqlar\u0131 qopar\u0131lm\u0131\u015f\u00a0alt\u0131 pi\u015fik c\u0259s\u0259di tap\u0131l\u0131b. Eyni hadis\u0259nin bir ne\u00e7\u0259 b\u00f6lg\u0259d\u0259 ba\u015f verm\u0259si insanlar aras\u0131nda narahatl\u0131q yarad\u0131b. H\u0259tta yerli mediyada bunun \u201ccadu\u201d m\u0259qs\u0259dil\u0259 ba\u015f verdiyi haqq\u0131nda fikirl\u0259r s\u0259sl\u0259nib. N\u0259zar\u0259t kameralar\u0131ndan al\u0131nan g\u00f6r\u00fcnt\u00fcl\u0259rd\u0259n \u0259ld\u0259 edil\u0259n m\u0259lumata g\u00f6r\u0259, bu hadis\u0259nin itl\u0259r t\u0259r\u0259find\u0259n t\u00f6r\u0259dildiyi m\u0259lum olub. Bununla \u0259laq\u0259dar, Bolu Valiliyind\u0259n Bolu B\u0259l\u0259diy\u0259sin\u0259 k\u00fc\u00e7\u0259 itl\u0259ri il\u0259 ba\u011fl\u0131&hellip;","_links":{"self":[{"href":"https:\/\/arantv.az\/index.php?rest_route=\/wp\/v2\/posts\/94337"}],"collection":[{"href":"https:\/\/arantv.az\/index.php?rest_route=\/wp\/v2\/posts"}],"about":[{"href":"https:\/\/arantv.az\/index.php?rest_route=\/wp\/v2\/types\/post"}],"author":[{"embeddable":true,"href":"https:\/\/arantv.az\/index.php?rest_route=\/wp\/v2\/users\/2"}],"replies":[{"embeddable":true,"href":"https:\/\/arantv.az\/index.php?rest_route=%2Fwp%2Fv2%2Fcomments&post=94337"}],"version-history":[{"count":0,"href":"https:\/\/arantv.az\/index.php?rest_route=\/wp\/v2\/posts\/94337\/revisions"}],"wp:featuredmedia":[{"embeddable":true,"href":"https:\/\/arantv.az\/index.php?rest_route=\/wp\/v2\/media\/94338"}],"wp:attachment":[{"href":"https:\/\/arantv.az\/index.php?rest_route=%2Fwp%2Fv2%2Fmedia&parent=94337"}],"wp:term":[{"taxonomy":"category","embeddable":true,"href":"https:\/\/arantv.az\/index.php?rest_route=%2Fwp%2Fv2%2Fcategories&post=94337"},{"taxonomy":"post_tag","embeddable":true,"href":"https:\/\/arantv.az\/index.php?rest_route=%2Fwp%2Fv2%2Ftags&post=94337"}],"curies":[{"name":"wp","href":"https:\/\/api.w.org\/{rel}","templated":true}]}}