{"id":94353,"date":"2019-11-09T11:30:09","date_gmt":"2019-11-09T08:30:09","guid":{"rendered":"http:\/\/arantv.az\/?p=94353"},"modified":"2019-11-09T11:30:09","modified_gmt":"2019-11-09T08:30:09","slug":"bayraq-gunun%c9%99-h%c9%99sr-olunmus-videocarx-hazirlandi-video","status":"publish","type":"post","link":"https:\/\/arantv.az\/?p=94353","title":{"rendered":"Bayraq G\u00fcn\u00fcn\u0259 h\u0259sr olunmu\u015f video\u00e7arx haz\u0131rland\u0131 &#8211; V\u0130DEO"},"content":{"rendered":"<p>Bu g\u00fcn Az\u0259rbaycan D\u00f6vl\u0259t Bayra\u011f\u0131 G\u00fcn\u00fcd\u00fcr.<\/p>\n<p><a href=\"http:\/\/baku.tv\/az\/cemiyyet\/10993\/?fbclid=IwAR2yHCLTyODPxlENDqYCZuS9oI4annbIpksrCYyAkOmHWGY0JwK-YZs7eFk\" target=\"_blank\" rel=\"noopener\">Baku TV<\/a>\u00a0bununla ba\u011fl\u0131 \u201cAd\u0131m\u0131z, And\u0131m\u0131z, Q\u00fcrurumuz\u201d adl\u0131 video\u00e7arx haz\u0131rlay\u0131b.<\/p>\n<p>Video\u00e7arxda\u00a0Az\u0259rbaycan tarixinin ke\u00e7diyi qanl\u0131-qadal\u0131, \u0259zabl\u0131 yollara i\u015f\u0131q sal\u0131n\u0131b, istiqlal\u0131m\u0131z \u00fc\u00e7\u00fcn veril\u0259n qurbanlara ehtiram ifad\u0259 olunub.<\/p>\n<p>1918-ci ilin 28 May\u0131nda do\u011fan azadl\u0131q g\u00fcn\u0259\u015find\u0259n sonra h\u0259min ilin noyabr\u0131n 9-da q\u0259bul olunan, \u00f6z\u00fcnd\u0259 t\u00fcrkl\u00fcy\u00fcn simvolu olan ayd\u0131n s\u0259ma kimi mavini, qan-qadalardan xali olmadan qazan\u0131lan \u00e7a\u011fda\u015fl\u0131\u011f\u0131n q\u0131rm\u0131z\u0131s\u0131n\u0131, y\u00fczill\u0259rl\u0259 co\u011frafiyam\u0131zda h\u00f6km s\u00fcr\u0259n islami d\u0259y\u0259rl\u0259rin geni\u015f \u00e7\u00f6ll\u0259r kimi ya\u015f\u0131l\u0131n\u0131 \u00f6z\u00fcnd\u0259 birl\u0259\u015fdir\u0259n 101 ya\u015fl\u0131 Az\u0259rbaycan Bayra\u011f\u0131n\u0131n ke\u00e7diyi tarix video\u00e7arx\u0131n \u0259sas leytmotivini t\u0259\u015fkil edib.<\/p>\n<div><iframe loading=\"lazy\" src=\"https:\/\/baku.tv\/embed\/10993?\" width=\"560\" height=\"315\" frameborder=\"0\" allowfullscreen=\"allowfullscreen\" data-mce-fragment=\"1\"><\/iframe><\/div>\n<p>Qeyd ed\u0259k ki, Az\u0259rbaycan\u0131n \u00fc\u00e7r\u0259ngli bayra\u011f\u0131 d\u00f6vl\u0259t r\u0259mzi olaraq Az\u0259rbaycan Xalq C\u00fcmhuriyy\u0259ti (AXC) H\u00f6kum\u0259tinin 1918-ci il 9 noyabr tarixli iclas\u0131nda q\u0259bul olunub.<\/p>\n<p>1920-ci il aprelin 27-d\u0259 bol\u015fevik i\u015f\u011fal\u0131ndan sonra AXC-nin bayra\u011f\u0131 Az\u0259rbaycan SSR-in q\u0131rm\u0131z\u0131 r\u0259ngli oraq-\u00e7\u0259kicli bayra\u011f\u0131 il\u0259 \u0259v\u0259zl\u0259nib. 1990-c\u0131 il noyabr\u0131n 17-d\u0259 Nax\u00e7\u0131van MR Ali M\u0259clisinin q\u0259rar\u0131 il\u0259 b\u0259rpa olunaraq muxtar respublikan\u0131n d\u00f6vl\u0259t bayra\u011f\u0131 kimi q\u0259bul olunub. 1991-ci il fevral\u0131n 5-d\u0259 Az\u0259rbaycan Ali Sovetinin q\u0259rar\u0131 il\u0259 haz\u0131rk\u0131 \u00fc\u00e7r\u0259ngli v\u0259 ay-ulduzlu bayraq m\u00fcst\u0259qil respublikan\u0131n d\u00f6vl\u0259t bayra\u011f\u0131 elan edilib.<\/p>\n<p>Az\u0259rbaycan Prezidenti \u0130lham \u018fliyevin 2009-cu il noyabr\u0131n 18-d\u0259 imzalad\u0131\u011f\u0131 s\u0259r\u0259ncamla 9 noyabr tarixi D\u00f6vl\u0259t Bayra\u011f\u0131 g\u00fcn\u00fc kimi qeyd olunur.<\/p>\n","protected":false},"excerpt":{"rendered":"<p>Bu g\u00fcn Az\u0259rbaycan D\u00f6vl\u0259t Bayra\u011f\u0131 G\u00fcn\u00fcd\u00fcr. Baku TV\u00a0bununla ba\u011fl\u0131 \u201cAd\u0131m\u0131z, And\u0131m\u0131z, Q\u00fcrurumuz\u201d adl\u0131 video\u00e7arx haz\u0131rlay\u0131b. Video\u00e7arxda\u00a0Az\u0259rbaycan tarixinin ke\u00e7diyi qanl\u0131-qadal\u0131, \u0259zabl\u0131 yollara i\u015f\u0131q sal\u0131n\u0131b, istiqlal\u0131m\u0131z \u00fc\u00e7\u00fcn veril\u0259n qurbanlara ehtiram ifad\u0259 olunub. 1918-ci ilin 28 May\u0131nda do\u011fan azadl\u0131q g\u00fcn\u0259\u015find\u0259n sonra h\u0259min ilin noyabr\u0131n 9-da q\u0259bul olunan, \u00f6z\u00fcnd\u0259 t\u00fcrkl\u00fcy\u00fcn simvolu olan ayd\u0131n s\u0259ma kimi mavini, qan-qadalardan xali olmadan qazan\u0131lan \u00e7a\u011fda\u015fl\u0131\u011f\u0131n q\u0131rm\u0131z\u0131s\u0131n\u0131, y\u00fczill\u0259rl\u0259 co\u011frafiyam\u0131zda h\u00f6km s\u00fcr\u0259n islami d\u0259y\u0259rl\u0259rin geni\u015f \u00e7\u00f6ll\u0259r kimi ya\u015f\u0131l\u0131n\u0131 \u00f6z\u00fcnd\u0259 birl\u0259\u015fdir\u0259n 101 ya\u015fl\u0131 Az\u0259rbaycan Bayra\u011f\u0131n\u0131n ke\u00e7diyi tarix video\u00e7arx\u0131n \u0259sas leytmotivini t\u0259\u015fkil edib. Qeyd ed\u0259k ki, Az\u0259rbaycan\u0131n \u00fc\u00e7r\u0259ngli bayra\u011f\u0131 d\u00f6vl\u0259t r\u0259mzi olaraq&hellip;<\/p>\n","protected":false},"author":2,"featured_media":94355,"comment_status":"closed","ping_status":"closed","sticky":false,"template":"","format":"standard","meta":{"om_disable_all_campaigns":false,"_monsterinsights_skip_tracking":false,"_monsterinsights_sitenote_active":false,"_monsterinsights_sitenote_note":"","_monsterinsights_sitenote_category":0},"categories":[1],"tags":[],"aioseo_notices":[],"gutentor_comment":0,"rttpg_featured_image_url":{"full":["https:\/\/arantv.az\/wp-content\/uploads\/2019\/11\/76607538_489826368542869_7228923987781222400_n.jpg",620,375,false],"landscape":["https:\/\/arantv.az\/wp-content\/uploads\/2019\/11\/76607538_489826368542869_7228923987781222400_n.jpg",620,375,false],"portraits":["https:\/\/arantv.az\/wp-content\/uploads\/2019\/11\/76607538_489826368542869_7228923987781222400_n.jpg",620,375,false],"thumbnail":["https:\/\/arantv.az\/wp-content\/uploads\/2019\/11\/76607538_489826368542869_7228923987781222400_n-150x150.jpg",150,150,true],"medium":["https:\/\/arantv.az\/wp-content\/uploads\/2019\/11\/76607538_489826368542869_7228923987781222400_n-300x181.jpg",300,181,true],"large":["https:\/\/arantv.az\/wp-content\/uploads\/2019\/11\/76607538_489826368542869_7228923987781222400_n.jpg",620,375,false],"1536x1536":["https:\/\/arantv.az\/wp-content\/uploads\/2019\/11\/76607538_489826368542869_7228923987781222400_n.jpg",620,375,false],"2048x2048":["https:\/\/arantv.az\/wp-content\/uploads\/2019\/11\/76607538_489826368542869_7228923987781222400_n.jpg",620,375,false],"post-thumbnail":["https:\/\/arantv.az\/wp-content\/uploads\/2019\/11\/76607538_489826368542869_7228923987781222400_n-240x172.jpg",240,172,true],"advps-thumb-one":["https:\/\/arantv.az\/wp-content\/uploads\/2019\/11\/76607538_489826368542869_7228923987781222400_n.jpg",620,375,false]},"rttpg_author":{"display_name":"V\u00fcsal Rafiqo\u011flu","author_link":"https:\/\/arantv.az\/?author=2"},"rttpg_comment":0,"rttpg_category":"<a href=\"https:\/\/arantv.az\/?cat=1\" rel=\"category\">C\u0259miyy\u0259t<\/a>","rttpg_excerpt":"Bu g\u00fcn Az\u0259rbaycan D\u00f6vl\u0259t Bayra\u011f\u0131 G\u00fcn\u00fcd\u00fcr. Baku TV\u00a0bununla ba\u011fl\u0131 \u201cAd\u0131m\u0131z, And\u0131m\u0131z, Q\u00fcrurumuz\u201d adl\u0131 video\u00e7arx haz\u0131rlay\u0131b. Video\u00e7arxda\u00a0Az\u0259rbaycan tarixinin ke\u00e7diyi qanl\u0131-qadal\u0131, \u0259zabl\u0131 yollara i\u015f\u0131q sal\u0131n\u0131b, istiqlal\u0131m\u0131z \u00fc\u00e7\u00fcn veril\u0259n qurbanlara ehtiram ifad\u0259 olunub. 1918-ci ilin 28 May\u0131nda do\u011fan azadl\u0131q g\u00fcn\u0259\u015find\u0259n sonra h\u0259min ilin noyabr\u0131n 9-da q\u0259bul olunan, \u00f6z\u00fcnd\u0259 t\u00fcrkl\u00fcy\u00fcn simvolu olan ayd\u0131n s\u0259ma kimi mavini, qan-qadalardan xali olmadan&hellip;","_links":{"self":[{"href":"https:\/\/arantv.az\/index.php?rest_route=\/wp\/v2\/posts\/94353"}],"collection":[{"href":"https:\/\/arantv.az\/index.php?rest_route=\/wp\/v2\/posts"}],"about":[{"href":"https:\/\/arantv.az\/index.php?rest_route=\/wp\/v2\/types\/post"}],"author":[{"embeddable":true,"href":"https:\/\/arantv.az\/index.php?rest_route=\/wp\/v2\/users\/2"}],"replies":[{"embeddable":true,"href":"https:\/\/arantv.az\/index.php?rest_route=%2Fwp%2Fv2%2Fcomments&post=94353"}],"version-history":[{"count":0,"href":"https:\/\/arantv.az\/index.php?rest_route=\/wp\/v2\/posts\/94353\/revisions"}],"wp:featuredmedia":[{"embeddable":true,"href":"https:\/\/arantv.az\/index.php?rest_route=\/wp\/v2\/media\/94355"}],"wp:attachment":[{"href":"https:\/\/arantv.az\/index.php?rest_route=%2Fwp%2Fv2%2Fmedia&parent=94353"}],"wp:term":[{"taxonomy":"category","embeddable":true,"href":"https:\/\/arantv.az\/index.php?rest_route=%2Fwp%2Fv2%2Fcategories&post=94353"},{"taxonomy":"post_tag","embeddable":true,"href":"https:\/\/arantv.az\/index.php?rest_route=%2Fwp%2Fv2%2Ftags&post=94353"}],"curies":[{"name":"wp","href":"https:\/\/api.w.org\/{rel}","templated":true}]}}