{"id":94362,"date":"2019-11-09T11:32:56","date_gmt":"2019-11-09T08:32:56","guid":{"rendered":"http:\/\/arantv.az\/?p=94362"},"modified":"2019-11-09T11:32:56","modified_gmt":"2019-11-09T08:32:56","slug":"az%c9%99rbaycanda-10-yasli-qiz-d%c9%99rmandan-z%c9%99h%c9%99rl%c9%99ndi","status":"publish","type":"post","link":"https:\/\/arantv.az\/?p=94362","title":{"rendered":"Az\u0259rbaycanda 10 ya\u015fl\u0131 q\u0131z d\u0259rmandan z\u0259h\u0259rl\u0259ndi"},"content":{"rendered":"<p>Bak\u0131da 10 ya\u015fl\u0131 q\u0131z d\u0259rmandan z\u0259h\u0259rl\u0259nib.<\/p>\n<p><b>ARANTV.AZ\u00a0<\/b> x\u0259b\u0259r verir ki, hadis\u0259 paytaxt\u0131n X\u0259z\u0259r rayonu, Buzovna q\u0259s\u0259b\u0259sind\u0259 ba\u015f verib.<\/p>\n<div><\/div>\n<p>Bel\u0259 ki, 10 ya\u015fl\u0131 A.\u018flizad\u0259 evd\u0259 soyuqd\u0259ym\u0259 \u0259leyhin\u0259 d\u0259rman q\u0259bul ed\u0259nd\u0259n sonra z\u0259h\u0259rl\u0259nib v\u0259 x\u0259st\u0259xanaya yerl\u0259\u015fdirilib. Onun v\u0259ziyy\u0259tinin orta-a\u011f\u0131r oldu\u011fu bildirilir.<\/p>\n<p>Faktla ba\u011fl\u0131 X\u0259z\u0259r Rayon Prokurorlu\u011funda ara\u015fd\u0131rma apar\u0131l\u0131r.Sonxeber.az<\/p>\n","protected":false},"excerpt":{"rendered":"<p>Bak\u0131da 10 ya\u015fl\u0131 q\u0131z d\u0259rmandan z\u0259h\u0259rl\u0259nib. ARANTV.AZ\u00a0 x\u0259b\u0259r verir ki, hadis\u0259 paytaxt\u0131n X\u0259z\u0259r rayonu, Buzovna q\u0259s\u0259b\u0259sind\u0259 ba\u015f verib. Bel\u0259 ki, 10 ya\u015fl\u0131 A.\u018flizad\u0259 evd\u0259 soyuqd\u0259ym\u0259 \u0259leyhin\u0259 d\u0259rman q\u0259bul ed\u0259nd\u0259n sonra z\u0259h\u0259rl\u0259nib v\u0259 x\u0259st\u0259xanaya yerl\u0259\u015fdirilib. Onun v\u0259ziyy\u0259tinin orta-a\u011f\u0131r oldu\u011fu bildirilir. Faktla ba\u011fl\u0131 X\u0259z\u0259r Rayon Prokurorlu\u011funda ara\u015fd\u0131rma apar\u0131l\u0131r.Sonxeber.az<\/p>\n","protected":false},"author":2,"featured_media":94363,"comment_status":"closed","ping_status":"closed","sticky":false,"template":"","format":"standard","meta":{"om_disable_all_campaigns":false,"_monsterinsights_skip_tracking":false,"_monsterinsights_sitenote_active":false,"_monsterinsights_sitenote_note":"","_monsterinsights_sitenote_category":0},"categories":[5],"tags":[],"aioseo_notices":[],"gutentor_comment":0,"rttpg_featured_image_url":{"full":["https:\/\/arantv.az\/wp-content\/uploads\/2019\/11\/gida_zehirlenmesinden_3_cocuk_oldu_h18371.jpg",549,301,false],"landscape":["https:\/\/arantv.az\/wp-content\/uploads\/2019\/11\/gida_zehirlenmesinden_3_cocuk_oldu_h18371.jpg",549,301,false],"portraits":["https:\/\/arantv.az\/wp-content\/uploads\/2019\/11\/gida_zehirlenmesinden_3_cocuk_oldu_h18371.jpg",549,301,false],"thumbnail":["https:\/\/arantv.az\/wp-content\/uploads\/2019\/11\/gida_zehirlenmesinden_3_cocuk_oldu_h18371-150x150.jpg",150,150,true],"medium":["https:\/\/arantv.az\/wp-content\/uploads\/2019\/11\/gida_zehirlenmesinden_3_cocuk_oldu_h18371-300x164.jpg",300,164,true],"large":["https:\/\/arantv.az\/wp-content\/uploads\/2019\/11\/gida_zehirlenmesinden_3_cocuk_oldu_h18371.jpg",549,301,false],"1536x1536":["https:\/\/arantv.az\/wp-content\/uploads\/2019\/11\/gida_zehirlenmesinden_3_cocuk_oldu_h18371.jpg",549,301,false],"2048x2048":["https:\/\/arantv.az\/wp-content\/uploads\/2019\/11\/gida_zehirlenmesinden_3_cocuk_oldu_h18371.jpg",549,301,false],"post-thumbnail":["https:\/\/arantv.az\/wp-content\/uploads\/2019\/11\/gida_zehirlenmesinden_3_cocuk_oldu_h18371-240x172.jpg",240,172,true],"advps-thumb-one":["https:\/\/arantv.az\/wp-content\/uploads\/2019\/11\/gida_zehirlenmesinden_3_cocuk_oldu_h18371.jpg",549,301,false]},"rttpg_author":{"display_name":"V\u00fcsal Rafiqo\u011flu","author_link":"https:\/\/arantv.az\/?author=2"},"rttpg_comment":0,"rttpg_category":"<a href=\"https:\/\/arantv.az\/?cat=5\" rel=\"category\">Hadis\u0259<\/a>","rttpg_excerpt":"Bak\u0131da 10 ya\u015fl\u0131 q\u0131z d\u0259rmandan z\u0259h\u0259rl\u0259nib. ARANTV.AZ\u00a0 x\u0259b\u0259r verir ki, hadis\u0259 paytaxt\u0131n X\u0259z\u0259r rayonu, Buzovna q\u0259s\u0259b\u0259sind\u0259 ba\u015f verib. Bel\u0259 ki, 10 ya\u015fl\u0131 A.\u018flizad\u0259 evd\u0259 soyuqd\u0259ym\u0259 \u0259leyhin\u0259 d\u0259rman q\u0259bul ed\u0259nd\u0259n sonra z\u0259h\u0259rl\u0259nib v\u0259 x\u0259st\u0259xanaya yerl\u0259\u015fdirilib. Onun v\u0259ziyy\u0259tinin orta-a\u011f\u0131r oldu\u011fu bildirilir. Faktla ba\u011fl\u0131 X\u0259z\u0259r Rayon Prokurorlu\u011funda ara\u015fd\u0131rma apar\u0131l\u0131r.Sonxeber.az","_links":{"self":[{"href":"https:\/\/arantv.az\/index.php?rest_route=\/wp\/v2\/posts\/94362"}],"collection":[{"href":"https:\/\/arantv.az\/index.php?rest_route=\/wp\/v2\/posts"}],"about":[{"href":"https:\/\/arantv.az\/index.php?rest_route=\/wp\/v2\/types\/post"}],"author":[{"embeddable":true,"href":"https:\/\/arantv.az\/index.php?rest_route=\/wp\/v2\/users\/2"}],"replies":[{"embeddable":true,"href":"https:\/\/arantv.az\/index.php?rest_route=%2Fwp%2Fv2%2Fcomments&post=94362"}],"version-history":[{"count":0,"href":"https:\/\/arantv.az\/index.php?rest_route=\/wp\/v2\/posts\/94362\/revisions"}],"wp:featuredmedia":[{"embeddable":true,"href":"https:\/\/arantv.az\/index.php?rest_route=\/wp\/v2\/media\/94363"}],"wp:attachment":[{"href":"https:\/\/arantv.az\/index.php?rest_route=%2Fwp%2Fv2%2Fmedia&parent=94362"}],"wp:term":[{"taxonomy":"category","embeddable":true,"href":"https:\/\/arantv.az\/index.php?rest_route=%2Fwp%2Fv2%2Fcategories&post=94362"},{"taxonomy":"post_tag","embeddable":true,"href":"https:\/\/arantv.az\/index.php?rest_route=%2Fwp%2Fv2%2Ftags&post=94362"}],"curies":[{"name":"wp","href":"https:\/\/api.w.org\/{rel}","templated":true}]}}