{"id":94379,"date":"2019-11-09T12:46:10","date_gmt":"2019-11-09T09:46:10","guid":{"rendered":"http:\/\/arantv.az\/?p=94379"},"modified":"2019-11-09T12:46:10","modified_gmt":"2019-11-09T09:46:10","slug":"turkiy%c9%99-xin-r%c9%99hb%c9%99ri-az%c9%99rbaycan-xalqini-t%c9%99brik-edib-video","status":"publish","type":"post","link":"https:\/\/arantv.az\/?p=94379","title":{"rendered":"T\u00fcrkiy\u0259 X\u0130N r\u0259hb\u0259ri Az\u0259rbaycan xalq\u0131n\u0131 t\u0259brik edib &#8211; V\u0130DEO"},"content":{"rendered":"<div class=\"article_text\">\n<p><strong>T\u00fcrkiy\u0259nin Xarici \u0130\u015fl\u0259r naziri M\u00f6vl\u00fcd \u00c7avu\u015fo\u011flu Az\u0259rbaycan xalq\u0131n\u0131 9 noyabr &#8211; D\u00f6vl\u0259t Bayra\u011f\u0131 G\u00fcn\u00fc m\u00fcnasib\u0259til\u0259 t\u0259brik edib.<\/strong><\/p>\n<p><strong>ARANTV.AZ<\/strong>\u00a0\u00a0<a href=\"https:\/\/az.trend.az\/\" target=\"_blank\" rel=\"noopener\">Trend<\/a>-\u0259 istinad\u0259n x\u0259b\u0259r verir ki, bu bar\u0259d\u0259 M.\u00c7avu\u015fo\u011flu \u00f6z r\u0259smi &#8220;Twitter&#8221; hesab\u0131nda payla\u015fd\u0131\u011f\u0131 videoda bildirib.<\/p>\n<p>Xarici \u0130\u015fl\u0259r naziri t\u0259brikind\u0259 deyib: &#8220;Bir mill\u0259t, iki d\u00f6vl\u0259t!&#8221; ifad\u0259si il\u0259 g\u00fccl\u0259n\u0259n qarda\u015fl\u0131\u011f\u0131m\u0131z\u0131 daha y\u00fcks\u0259k s\u0259viyy\u0259l\u0259r\u0259 \u00e7\u0131xarmaq h\u0259m ortaq miras\u0131m\u0131z, h\u0259m d\u0259 h\u0259m d\u0259 g\u0259l\u0259c\u0259k n\u0259sill\u0259r\u0259 olan borcumuzdur. T\u00fcrkiy\u0259 Az\u0259rbaycand\u0131r, Az\u0259rbaycan T\u00fcrkiy\u0259dir! Azadl\u0131\u011f\u0131m\u0131z, g\u0259l\u0259c\u0259yimiz, \u0259min-amanl\u0131\u011f\u0131m\u0131z bir-birin\u0259 ba\u011fl\u0131d\u0131r.&#8221;<\/p>\n<p>Qeyd ed\u0259k ki, bu g\u00fcn Az\u0259rbaycanda D\u00f6vl\u0259t Bayra\u011f\u0131 G\u00fcn\u00fcd\u00fcr.<\/p>\n<p>2009-cu il noyabr\u0131n 17-d\u0259 Az\u0259rbaycan Prezidenti \u0130lham \u018fliyevin D\u00f6vl\u0259t Bayra\u011f\u0131 G\u00fcn\u00fcn\u00fcn t\u0259sis edilm\u0259si haqq\u0131nda imzalad\u0131\u011f\u0131 s\u0259r\u0259ncama \u0259sas\u0259n, h\u0259r il noyabr\u0131n 9-u Az\u0259rbaycan Respublikas\u0131n\u0131n D\u00f6vl\u0259t Bayra\u011f\u0131 G\u00fcn\u00fc qeyd olunur.<\/p>\n<p>&nbsp;<\/p>\n<p><iframe loading=\"lazy\" src=\"https:\/\/daytube.az\/az\/embed\/89447\" width=\"670\" height=\"400\" frameborder=\"0\" allowfullscreen=\"allowfullscreen\" data-mce-fragment=\"1\"><\/iframe><\/div>\n","protected":false},"excerpt":{"rendered":"<p>T\u00fcrkiy\u0259nin Xarici \u0130\u015fl\u0259r naziri M\u00f6vl\u00fcd \u00c7avu\u015fo\u011flu Az\u0259rbaycan xalq\u0131n\u0131 9 noyabr &#8211; D\u00f6vl\u0259t Bayra\u011f\u0131 G\u00fcn\u00fc m\u00fcnasib\u0259til\u0259 t\u0259brik edib. ARANTV.AZ\u00a0\u00a0Trend-\u0259 istinad\u0259n x\u0259b\u0259r verir ki, bu bar\u0259d\u0259 M.\u00c7avu\u015fo\u011flu \u00f6z r\u0259smi &#8220;Twitter&#8221; hesab\u0131nda payla\u015fd\u0131\u011f\u0131 videoda bildirib. Xarici \u0130\u015fl\u0259r naziri t\u0259brikind\u0259 deyib: &#8220;Bir mill\u0259t, iki d\u00f6vl\u0259t!&#8221; ifad\u0259si il\u0259 g\u00fccl\u0259n\u0259n qarda\u015fl\u0131\u011f\u0131m\u0131z\u0131 daha y\u00fcks\u0259k s\u0259viyy\u0259l\u0259r\u0259 \u00e7\u0131xarmaq h\u0259m ortaq miras\u0131m\u0131z, h\u0259m d\u0259 h\u0259m d\u0259 g\u0259l\u0259c\u0259k n\u0259sill\u0259r\u0259 olan borcumuzdur. T\u00fcrkiy\u0259 Az\u0259rbaycand\u0131r, Az\u0259rbaycan T\u00fcrkiy\u0259dir! Azadl\u0131\u011f\u0131m\u0131z, g\u0259l\u0259c\u0259yimiz, \u0259min-amanl\u0131\u011f\u0131m\u0131z bir-birin\u0259 ba\u011fl\u0131d\u0131r.&#8221; Qeyd ed\u0259k ki, bu g\u00fcn Az\u0259rbaycanda D\u00f6vl\u0259t Bayra\u011f\u0131 G\u00fcn\u00fcd\u00fcr. 2009-cu il noyabr\u0131n 17-d\u0259 Az\u0259rbaycan Prezidenti \u0130lham \u018fliyevin D\u00f6vl\u0259t Bayra\u011f\u0131 G\u00fcn\u00fcn\u00fcn t\u0259sis&hellip;<\/p>\n","protected":false},"author":2,"featured_media":94380,"comment_status":"closed","ping_status":"closed","sticky":false,"template":"","format":"standard","meta":{"om_disable_all_campaigns":false,"_monsterinsights_skip_tracking":false,"_monsterinsights_sitenote_active":false,"_monsterinsights_sitenote_note":"","_monsterinsights_sitenote_category":0},"categories":[4],"tags":[],"aioseo_notices":[],"gutentor_comment":0,"rttpg_featured_image_url":{"full":["https:\/\/arantv.az\/wp-content\/uploads\/2019\/11\/801065.jpg",800,600,false],"landscape":["https:\/\/arantv.az\/wp-content\/uploads\/2019\/11\/801065.jpg",800,600,false],"portraits":["https:\/\/arantv.az\/wp-content\/uploads\/2019\/11\/801065.jpg",800,600,false],"thumbnail":["https:\/\/arantv.az\/wp-content\/uploads\/2019\/11\/801065-150x150.jpg",150,150,true],"medium":["https:\/\/arantv.az\/wp-content\/uploads\/2019\/11\/801065-300x225.jpg",300,225,true],"large":["https:\/\/arantv.az\/wp-content\/uploads\/2019\/11\/801065.jpg",640,480,false],"1536x1536":["https:\/\/arantv.az\/wp-content\/uploads\/2019\/11\/801065.jpg",800,600,false],"2048x2048":["https:\/\/arantv.az\/wp-content\/uploads\/2019\/11\/801065.jpg",800,600,false],"post-thumbnail":["https:\/\/arantv.az\/wp-content\/uploads\/2019\/11\/801065-240x172.jpg",240,172,true],"advps-thumb-one":["https:\/\/arantv.az\/wp-content\/uploads\/2019\/11\/801065.jpg",800,600,false]},"rttpg_author":{"display_name":"V\u00fcsal Rafiqo\u011flu","author_link":"https:\/\/arantv.az\/?author=2"},"rttpg_comment":0,"rttpg_category":"<a href=\"https:\/\/arantv.az\/?cat=4\" rel=\"category\">Siyas\u0259t<\/a>","rttpg_excerpt":"T\u00fcrkiy\u0259nin Xarici \u0130\u015fl\u0259r naziri M\u00f6vl\u00fcd \u00c7avu\u015fo\u011flu Az\u0259rbaycan xalq\u0131n\u0131 9 noyabr &#8211; D\u00f6vl\u0259t Bayra\u011f\u0131 G\u00fcn\u00fc m\u00fcnasib\u0259til\u0259 t\u0259brik edib. ARANTV.AZ\u00a0\u00a0Trend-\u0259 istinad\u0259n x\u0259b\u0259r verir ki, bu bar\u0259d\u0259 M.\u00c7avu\u015fo\u011flu \u00f6z r\u0259smi &#8220;Twitter&#8221; hesab\u0131nda payla\u015fd\u0131\u011f\u0131 videoda bildirib. Xarici \u0130\u015fl\u0259r naziri t\u0259brikind\u0259 deyib: &#8220;Bir mill\u0259t, iki d\u00f6vl\u0259t!&#8221; ifad\u0259si il\u0259 g\u00fccl\u0259n\u0259n qarda\u015fl\u0131\u011f\u0131m\u0131z\u0131 daha y\u00fcks\u0259k s\u0259viyy\u0259l\u0259r\u0259 \u00e7\u0131xarmaq h\u0259m ortaq miras\u0131m\u0131z, h\u0259m d\u0259 h\u0259m&hellip;","_links":{"self":[{"href":"https:\/\/arantv.az\/index.php?rest_route=\/wp\/v2\/posts\/94379"}],"collection":[{"href":"https:\/\/arantv.az\/index.php?rest_route=\/wp\/v2\/posts"}],"about":[{"href":"https:\/\/arantv.az\/index.php?rest_route=\/wp\/v2\/types\/post"}],"author":[{"embeddable":true,"href":"https:\/\/arantv.az\/index.php?rest_route=\/wp\/v2\/users\/2"}],"replies":[{"embeddable":true,"href":"https:\/\/arantv.az\/index.php?rest_route=%2Fwp%2Fv2%2Fcomments&post=94379"}],"version-history":[{"count":0,"href":"https:\/\/arantv.az\/index.php?rest_route=\/wp\/v2\/posts\/94379\/revisions"}],"wp:featuredmedia":[{"embeddable":true,"href":"https:\/\/arantv.az\/index.php?rest_route=\/wp\/v2\/media\/94380"}],"wp:attachment":[{"href":"https:\/\/arantv.az\/index.php?rest_route=%2Fwp%2Fv2%2Fmedia&parent=94379"}],"wp:term":[{"taxonomy":"category","embeddable":true,"href":"https:\/\/arantv.az\/index.php?rest_route=%2Fwp%2Fv2%2Fcategories&post=94379"},{"taxonomy":"post_tag","embeddable":true,"href":"https:\/\/arantv.az\/index.php?rest_route=%2Fwp%2Fv2%2Ftags&post=94379"}],"curies":[{"name":"wp","href":"https:\/\/api.w.org\/{rel}","templated":true}]}}