{"id":94383,"date":"2019-11-09T12:46:59","date_gmt":"2019-11-09T09:46:59","guid":{"rendered":"http:\/\/arantv.az\/?p=94383"},"modified":"2019-11-09T12:46:59","modified_gmt":"2019-11-09T09:46:59","slug":"bir-k%c9%99m%c9%99r-bir-yol-ticar%c9%99t-layih%c9%99sind%c9%99-az%c9%99rbaycanin-oynadigi-rol-artiq-ozunu-gost%c9%99rm%c9%99y%c9%99-baslayib-deputat","status":"publish","type":"post","link":"https:\/\/arantv.az\/?p=94383","title":{"rendered":"\u201cBir k\u0259m\u0259r, bir yol&#8221; ticar\u0259t layih\u0259sind\u0259 Az\u0259rbaycan\u0131n oynad\u0131\u011f\u0131 rol art\u0131q \u00f6z\u00fcn\u00fc g\u00f6st\u0259rm\u0259y\u0259 ba\u015flay\u0131b &#8211; Deputat"},"content":{"rendered":"<p>&#8220;\u00c7inin qlobal \u0259h\u0259miyy\u0259tli &#8220;Bir k\u0259m\u0259r, bir yol&#8221; ticar\u0259t layih\u0259sind\u0259 Az\u0259rbaycan\u0131n oynad\u0131\u011f\u0131 rol, Az\u0259rbaycan-\u00c7in m\u00fcnasib\u0259tl\u0259rind\u0259 art\u0131q \u00f6z \u0259h\u0259miyy\u0259tini g\u00f6st\u0259rm\u0259y\u0259 ba\u015flay\u0131b&#8221;.<\/p>\n<p><strong>ARANTV.AZ<\/strong>\u00a0 x\u0259b\u0259r verir ki, bunu\u00a0<a href=\"https:\/\/az.trend.az\/\" target=\"_blank\" rel=\"noopener\">Trend<\/a>-\u0259 Milli M\u0259clisin deputat\u0131 B\u0259xtiyar \u018fliyev deyib.<\/p>\n<p>Co\u011frafi m\u00f6vqeyin\u0259 g\u00f6r\u0259 Az\u0259rbaycan\u0131n Qafqazda \u00c7inin etibarl\u0131 partnyoruna \u00e7evrildiyini vur\u011fulayan Milli M\u0259clis \u00fczv\u00fcn\u00fcn s\u00f6zl\u0259rin\u0259 g\u00f6r\u0259, \u00c7in 2013-c\u00fc ild\u0259 &#8220;K\u0259m\u0259r v\u0259 Yol Layih\u0259si&#8221;ni (KYL) t\u0259klif etdikd\u0259n sonra onun iqtisadi v\u0259 siyasi m\u00fcnasib\u0259tl\u0259rinin miqyas\u0131 b\u00f6y\u00fcm\u0259y\u0259 ba\u015flay\u0131b.<\/p>\n<p>O hesab edir ki, Avrasiya m\u0259kan\u0131nda m\u00fcxt\u0259lif \u00f6lk\u0259l\u0259rl\u0259 \u0259laq\u0259l\u0259rini inki\u015faf etdir\u0259n \u00c7inin C\u0259nubi Qafqaz regionuna da mara\u011f\u0131 art\u0131b. Cari ilin aprel ay\u0131nda Prezident \u0130lham \u018fliyevin C\u0259nubi Qafqazda &#8220;Bir k\u0259m\u0259r, Bir yol&#8221; layih\u0259si il\u0259 ba\u011fl\u0131 t\u0259\u015fkil edil\u0259n foruma d\u0259v\u0259t alan yegan\u0259 lider olmas\u0131, r\u0259smi Pekinin, \u00f6lk\u0259mizi regionda \u0259sas siyasi v\u0259 iqtisadi t\u0259r\u0259fda\u015f\u0131 hesab etdiyini g\u00f6st\u0259rir.<\/p>\n<p>Deputat\u0131n fikrinc\u0259, &#8220;Bir k\u0259m\u0259r, bir yol&#8221; t\u0259\u015f\u0259bb\u00fcs\u00fc ticar\u0259t, turizm, n\u0259qliyyatda yeni imkanlar\u0131n yarad\u0131lmas\u0131na, xalqlararas\u0131 m\u00fcnasib\u0259tl\u0259rin qurulmas\u0131na, Avrasiya m\u0259kan\u0131nda sabitlik, t\u0259hl\u00fck\u0259sizlik v\u0259 s\u00fclh\u00fcn b\u0259rq\u0259rar olmas\u0131na xidm\u0259t edir: &#8220;Az\u0259rbaycan il\u0259 \u00c7in aras\u0131nda t\u0259hl\u00fck\u0259sizlik sah\u0259sind\u0259 \u0259m\u0259kda\u015fl\u0131q region \u00fc\u00e7\u00fcn \u00e7ox b\u00f6y\u00fck rol oynayacaq. \u015e\u0259rq-Q\u0259rb v\u0259 \u015eimal-C\u0259nub n\u0259qliyyat d\u0259hlizind\u0259 yerl\u0259\u015f\u0259n \u00f6lk\u0259l\u0259r \u00f6z mallar\u0131n\u0131 n\u0259ql etm\u0259k \u00fc\u00e7\u00fcn Az\u0259rbaycan \u0259razisind\u0259n istifad\u0259 ed\u0259 bil\u0259c\u0259kl\u0259r. Bu yol Asiya il\u0259 Avropan\u0131 birl\u0259\u015fdir\u0259n n\u0259qliyyat d\u0259hlizidir&#8221;.<\/p>\n<p>B.\u018fliyev qeyd edib ki, Az\u0259rbaycan-\u00c7in \u0259m\u0259kda\u015fl\u0131\u011f\u0131n\u0131n inki\u015faf\u0131 iki \u00f6lk\u0259 aras\u0131nda iqtisadi m\u00fcnasib\u0259tl\u0259ri daha da d\u0259rinl\u0259\u015fdirib: &#8220;\u00c7in Xalq Respublikas\u0131 \u00f6lk\u0259miz\u0259 s\u0259rmay\u0259 qoyma\u011fa s\u0259y g\u00f6st\u0259rdi v\u0259 bunu reall\u0131\u011fa \u00e7evirdi. Bu g\u00fcn \u00c7inin n\u0259h\u0259ng \u015firk\u0259tl\u0259ri \u00f6lk\u0259mizin k\u0259nd t\u0259s\u0259rr\u00fcfat\u0131na v\u0259 dig\u0259r sah\u0259l\u0259r\u0259 b\u00f6y\u00fck s\u0259rmay\u0259l\u0259r yat\u0131rmaqla iki \u00f6lk\u0259nin iqtisadiyyat\u0131n\u0131n inki\u015faf\u0131na t\u0259kan verir. Az\u0259rbaycan Prezidenti \u0130lham \u018fliyev \u00f6lk\u0259mizin \u00c7inl\u0259 m\u00fcnasib\u0259tl\u0259rinin daha da ink\u015faf etdirilm\u0259sini x\u00fcsusi diqq\u0259td\u0259 saxlay\u0131r&#8221;.<\/p>\n<p>Qeyd ed\u0259k ki, \u00c7ind\u0259n Avropaya Bak\u0131-Tbilisi-Qars d\u0259mir yolu vasit\u0259sil\u0259 h\u0259r\u0259k\u0259t ed\u0259n &#8220;China Railway Express&#8221; y\u00fck qatar\u0131 art\u0131q \u0130stanbulu da ke\u00e7\u0259r\u0259k Marmara tuneli vasit\u0259sil\u0259 Avropa h\u0259r\u0259k\u0259t etm\u0259kd\u0259dir.<\/p>\n","protected":false},"excerpt":{"rendered":"<p>&#8220;\u00c7inin qlobal \u0259h\u0259miyy\u0259tli &#8220;Bir k\u0259m\u0259r, bir yol&#8221; ticar\u0259t layih\u0259sind\u0259 Az\u0259rbaycan\u0131n oynad\u0131\u011f\u0131 rol, Az\u0259rbaycan-\u00c7in m\u00fcnasib\u0259tl\u0259rind\u0259 art\u0131q \u00f6z \u0259h\u0259miyy\u0259tini g\u00f6st\u0259rm\u0259y\u0259 ba\u015flay\u0131b&#8221;. ARANTV.AZ\u00a0 x\u0259b\u0259r verir ki, bunu\u00a0Trend-\u0259 Milli M\u0259clisin deputat\u0131 B\u0259xtiyar \u018fliyev deyib. Co\u011frafi m\u00f6vqeyin\u0259 g\u00f6r\u0259 Az\u0259rbaycan\u0131n Qafqazda \u00c7inin etibarl\u0131 partnyoruna \u00e7evrildiyini vur\u011fulayan Milli M\u0259clis \u00fczv\u00fcn\u00fcn s\u00f6zl\u0259rin\u0259 g\u00f6r\u0259, \u00c7in 2013-c\u00fc ild\u0259 &#8220;K\u0259m\u0259r v\u0259 Yol Layih\u0259si&#8221;ni (KYL) t\u0259klif etdikd\u0259n sonra onun iqtisadi v\u0259 siyasi m\u00fcnasib\u0259tl\u0259rinin miqyas\u0131 b\u00f6y\u00fcm\u0259y\u0259 ba\u015flay\u0131b. O hesab edir ki, Avrasiya m\u0259kan\u0131nda m\u00fcxt\u0259lif \u00f6lk\u0259l\u0259rl\u0259 \u0259laq\u0259l\u0259rini inki\u015faf etdir\u0259n \u00c7inin C\u0259nubi Qafqaz regionuna da mara\u011f\u0131 art\u0131b. Cari ilin aprel ay\u0131nda Prezident \u0130lham \u018fliyevin C\u0259nubi&hellip;<\/p>\n","protected":false},"author":2,"featured_media":94384,"comment_status":"closed","ping_status":"closed","sticky":false,"template":"","format":"standard","meta":{"om_disable_all_campaigns":false,"_monsterinsights_skip_tracking":false,"_monsterinsights_sitenote_active":false,"_monsterinsights_sitenote_note":"","_monsterinsights_sitenote_category":0},"categories":[4],"tags":[],"aioseo_notices":[],"gutentor_comment":0,"rttpg_featured_image_url":{"full":["https:\/\/arantv.az\/wp-content\/uploads\/2019\/11\/801068.jpg",800,600,false],"landscape":["https:\/\/arantv.az\/wp-content\/uploads\/2019\/11\/801068.jpg",800,600,false],"portraits":["https:\/\/arantv.az\/wp-content\/uploads\/2019\/11\/801068.jpg",800,600,false],"thumbnail":["https:\/\/arantv.az\/wp-content\/uploads\/2019\/11\/801068-150x150.jpg",150,150,true],"medium":["https:\/\/arantv.az\/wp-content\/uploads\/2019\/11\/801068-300x225.jpg",300,225,true],"large":["https:\/\/arantv.az\/wp-content\/uploads\/2019\/11\/801068.jpg",640,480,false],"1536x1536":["https:\/\/arantv.az\/wp-content\/uploads\/2019\/11\/801068.jpg",800,600,false],"2048x2048":["https:\/\/arantv.az\/wp-content\/uploads\/2019\/11\/801068.jpg",800,600,false],"post-thumbnail":["https:\/\/arantv.az\/wp-content\/uploads\/2019\/11\/801068-240x172.jpg",240,172,true],"advps-thumb-one":["https:\/\/arantv.az\/wp-content\/uploads\/2019\/11\/801068.jpg",800,600,false]},"rttpg_author":{"display_name":"V\u00fcsal Rafiqo\u011flu","author_link":"https:\/\/arantv.az\/?author=2"},"rttpg_comment":0,"rttpg_category":"<a href=\"https:\/\/arantv.az\/?cat=4\" rel=\"category\">Siyas\u0259t<\/a>","rttpg_excerpt":"&#8220;\u00c7inin qlobal \u0259h\u0259miyy\u0259tli &#8220;Bir k\u0259m\u0259r, bir yol&#8221; ticar\u0259t layih\u0259sind\u0259 Az\u0259rbaycan\u0131n oynad\u0131\u011f\u0131 rol, Az\u0259rbaycan-\u00c7in m\u00fcnasib\u0259tl\u0259rind\u0259 art\u0131q \u00f6z \u0259h\u0259miyy\u0259tini g\u00f6st\u0259rm\u0259y\u0259 ba\u015flay\u0131b&#8221;. ARANTV.AZ\u00a0 x\u0259b\u0259r verir ki, bunu\u00a0Trend-\u0259 Milli M\u0259clisin deputat\u0131 B\u0259xtiyar \u018fliyev deyib. Co\u011frafi m\u00f6vqeyin\u0259 g\u00f6r\u0259 Az\u0259rbaycan\u0131n Qafqazda \u00c7inin etibarl\u0131 partnyoruna \u00e7evrildiyini vur\u011fulayan Milli M\u0259clis \u00fczv\u00fcn\u00fcn s\u00f6zl\u0259rin\u0259 g\u00f6r\u0259, \u00c7in 2013-c\u00fc ild\u0259 &#8220;K\u0259m\u0259r v\u0259 Yol Layih\u0259si&#8221;ni (KYL) t\u0259klif etdikd\u0259n&hellip;","_links":{"self":[{"href":"https:\/\/arantv.az\/index.php?rest_route=\/wp\/v2\/posts\/94383"}],"collection":[{"href":"https:\/\/arantv.az\/index.php?rest_route=\/wp\/v2\/posts"}],"about":[{"href":"https:\/\/arantv.az\/index.php?rest_route=\/wp\/v2\/types\/post"}],"author":[{"embeddable":true,"href":"https:\/\/arantv.az\/index.php?rest_route=\/wp\/v2\/users\/2"}],"replies":[{"embeddable":true,"href":"https:\/\/arantv.az\/index.php?rest_route=%2Fwp%2Fv2%2Fcomments&post=94383"}],"version-history":[{"count":0,"href":"https:\/\/arantv.az\/index.php?rest_route=\/wp\/v2\/posts\/94383\/revisions"}],"wp:featuredmedia":[{"embeddable":true,"href":"https:\/\/arantv.az\/index.php?rest_route=\/wp\/v2\/media\/94384"}],"wp:attachment":[{"href":"https:\/\/arantv.az\/index.php?rest_route=%2Fwp%2Fv2%2Fmedia&parent=94383"}],"wp:term":[{"taxonomy":"category","embeddable":true,"href":"https:\/\/arantv.az\/index.php?rest_route=%2Fwp%2Fv2%2Fcategories&post=94383"},{"taxonomy":"post_tag","embeddable":true,"href":"https:\/\/arantv.az\/index.php?rest_route=%2Fwp%2Fv2%2Ftags&post=94383"}],"curies":[{"name":"wp","href":"https:\/\/api.w.org\/{rel}","templated":true}]}}