{"id":94407,"date":"2019-11-09T12:57:48","date_gmt":"2019-11-09T09:57:48","guid":{"rendered":"http:\/\/arantv.az\/?p=94407"},"modified":"2019-11-09T12:57:48","modified_gmt":"2019-11-09T09:57:48","slug":"mill%c9%99t-v%c9%99kilind%c9%99n-t%c9%99sirli-paylasim-foto","status":"publish","type":"post","link":"https:\/\/arantv.az\/?p=94407","title":{"rendered":"Mill\u0259t v\u0259kilind\u0259n t\u0259sirli payla\u015f\u0131m &#8211; FOTO"},"content":{"rendered":"<p>Milli M\u0259clisin deputat\u0131 Ayd\u0131n Mirz\u0259zad\u0259\u00a0\u201cFacebook\u201d s\u0259hif\u0259sind\u0259 t\u0259sirli payla\u015f\u0131m edib.<\/p>\n<p>Mill\u0259t v\u0259kili payla\u015f\u0131m\u0131nda qeyd edib ki, Az\u0259rbaycan radiosunda D\u00f6vl\u0259t Bayra\u011f\u0131 G\u00fcn\u00fc m\u00fcnasib\u0259til\u0259 verili\u015f\u0259 d\u0259v\u0259t edilib. Verili\u015f\u0259 t\u0259sirli \u015f\u0259kil v\u0259 m\u0259tn g\u00f6nd\u0259rilib.<\/p>\n<p>M\u0259tnd\u0259 is\u0259 bu s\u00f6zl\u0259r yaz\u0131l\u0131b:<\/p>\n<p>\u201cBu a\u011flayan m\u0259nim \u015fagirdimdir. \u015e\u0259hid R\u0259\u015fad Ataki\u015fiyevin qarda\u015f\u0131 o\u011fludur. D\u00fcn\u0259n d\u0259rsd\u0259 v\u0259t\u0259n, \u015f\u0259hidl\u0259r m\u00f6vzusunda s\u00f6hb\u0259timiz \u0259snas\u0131nda g\u00f6rd\u00fcm, a\u011flay\u0131r. Dedi, \u0259mim yad\u0131ma d\u00fc\u015fd\u00fc, m\u00fc\u0259llim. X\u0259tai rayonu, 191 n\u00f6mr\u0259li m\u0259kt\u0259b\u201d.<\/p>\n<p>Xat\u0131rladaq ki, iyulun 24-d\u0259 saat 22 rad\u0259l\u0259rind\u0259 plana uy\u011fun olaraq gec\u0259 vaxt\u0131 t\u0259lim-m\u0259\u015fq u\u00e7u\u015flar\u0131 ke\u00e7ir\u0259n HHQ-nin \u201cMiQ-29\u201d t\u0259yyar\u0259si il\u0259 q\u0259fl\u0259t\u0259n rabit\u0259 \u0259laq\u0259si k\u0259silib v\u0259 aviasiya vasit\u0259si radarlardan itib. \u0130lkin ehtimala g\u00f6r\u0259, aviasiya q\u0259zas\u0131 n\u0259tic\u0259sind\u0259 h\u0259rbi t\u0259yyar\u0259 X\u0259z\u0259r d\u0259nizin\u0259 d\u00fc\u015f\u00fcb.<\/p>\n<p>Q\u0259za n\u0259tic\u0259sind\u0259 \u201cMiQ-29\u201d t\u0259yyar\u0259sinin pilotu polkovnik-leytenant R\u0259\u015fad Ataki\u015fiyev itkin d\u00fc\u015f\u00fcb. Avqustun 19-da h\u0259rbi t\u0259yyar\u0259nin \u201cqara qutu\u201dsu, d\u00fcn\u0259n is\u0259 pilotun meyiti d\u0259nizd\u0259n tap\u0131laraq \u00e7\u0131xar\u0131l\u0131b.<\/p>\n<p>R.Ataki\u015fiyev avqustun 21-1 II F\u0259xri xiyabanda torpa\u011fa tap\u015f\u0131r\u0131l\u0131b.<\/p>\n<div class=\"gallery\">\n<div class=\"gallery-i\"><img src=\"https:\/\/assets.oxu.az\/uploads\/W1siZiIsIjIwMTkvMTEvMDkvMTMvNTEvMzMvMTBlZmMyNzctNmU3YS00MzhkLWEwOWYtZGFlNzdiOGZmYmJiLzc1MjYyMDk2XzE0NjA0MzM2MTQxMTIzODJfNDAwNTM3MjgzMzk0MDExMTM2MF9uLmpwZyJdLFsicCIsImVuY29kZSIsImpwZyIsIi1xdWFsaXR5IDgwIl0sWyJwIiwidGh1bWIiLCI1OTB4NTkwXHUwMDNlIl1d?sha=bed12a3152d82b3c\" alt=\"\" \/><\/p>\n<div class=\"gallery-i-caption\"><\/div>\n<\/div>\n<div class=\"gallery-i\"><img src=\"https:\/\/assets.oxu.az\/uploads\/W1siZiIsIjIwMTkvMTEvMDkvMTMvNTEvMzMvNzZiNTE5ZTAtMDAxMy00OGJhLWEyZGMtMDQ4NWY4NjU1N2YwL3Jlc2hhZF9hdGFraXNoaXlldi5qcGciXSxbInAiLCJlbmNvZGUiLCJqcGciLCItcXVhbGl0eSA4MCJdLFsicCIsInRodW1iIiwiNTkweDU5MFx1MDAzZSJdXQ?sha=2c5b0af443d4cc62\" alt=\"\" \/><\/div>\n<\/div>\n","protected":false},"excerpt":{"rendered":"<p>Milli M\u0259clisin deputat\u0131 Ayd\u0131n Mirz\u0259zad\u0259\u00a0\u201cFacebook\u201d s\u0259hif\u0259sind\u0259 t\u0259sirli payla\u015f\u0131m edib. Mill\u0259t v\u0259kili payla\u015f\u0131m\u0131nda qeyd edib ki, Az\u0259rbaycan radiosunda D\u00f6vl\u0259t Bayra\u011f\u0131 G\u00fcn\u00fc m\u00fcnasib\u0259til\u0259 verili\u015f\u0259 d\u0259v\u0259t edilib. Verili\u015f\u0259 t\u0259sirli \u015f\u0259kil v\u0259 m\u0259tn g\u00f6nd\u0259rilib. M\u0259tnd\u0259 is\u0259 bu s\u00f6zl\u0259r yaz\u0131l\u0131b: \u201cBu a\u011flayan m\u0259nim \u015fagirdimdir. \u015e\u0259hid R\u0259\u015fad Ataki\u015fiyevin qarda\u015f\u0131 o\u011fludur. D\u00fcn\u0259n d\u0259rsd\u0259 v\u0259t\u0259n, \u015f\u0259hidl\u0259r m\u00f6vzusunda s\u00f6hb\u0259timiz \u0259snas\u0131nda g\u00f6rd\u00fcm, a\u011flay\u0131r. Dedi, \u0259mim yad\u0131ma d\u00fc\u015fd\u00fc, m\u00fc\u0259llim. X\u0259tai rayonu, 191 n\u00f6mr\u0259li m\u0259kt\u0259b\u201d. Xat\u0131rladaq ki, iyulun 24-d\u0259 saat 22 rad\u0259l\u0259rind\u0259 plana uy\u011fun olaraq gec\u0259 vaxt\u0131 t\u0259lim-m\u0259\u015fq u\u00e7u\u015flar\u0131 ke\u00e7ir\u0259n HHQ-nin \u201cMiQ-29\u201d t\u0259yyar\u0259si il\u0259 q\u0259fl\u0259t\u0259n rabit\u0259 \u0259laq\u0259si k\u0259silib v\u0259 aviasiya vasit\u0259si radarlardan&hellip;<\/p>\n","protected":false},"author":2,"featured_media":94408,"comment_status":"closed","ping_status":"closed","sticky":false,"template":"","format":"standard","meta":{"om_disable_all_campaigns":false,"_monsterinsights_skip_tracking":false,"_monsterinsights_sitenote_active":false,"_monsterinsights_sitenote_note":"","_monsterinsights_sitenote_category":0},"categories":[1],"tags":[],"aioseo_notices":[],"gutentor_comment":0,"rttpg_featured_image_url":{"full":["https:\/\/arantv.az\/wp-content\/uploads\/2019\/11\/FotoJet-13.jpg",620,435,false],"landscape":["https:\/\/arantv.az\/wp-content\/uploads\/2019\/11\/FotoJet-13.jpg",620,435,false],"portraits":["https:\/\/arantv.az\/wp-content\/uploads\/2019\/11\/FotoJet-13.jpg",620,435,false],"thumbnail":["https:\/\/arantv.az\/wp-content\/uploads\/2019\/11\/FotoJet-13-150x150.jpg",150,150,true],"medium":["https:\/\/arantv.az\/wp-content\/uploads\/2019\/11\/FotoJet-13-300x210.jpg",300,210,true],"large":["https:\/\/arantv.az\/wp-content\/uploads\/2019\/11\/FotoJet-13.jpg",620,435,false],"1536x1536":["https:\/\/arantv.az\/wp-content\/uploads\/2019\/11\/FotoJet-13.jpg",620,435,false],"2048x2048":["https:\/\/arantv.az\/wp-content\/uploads\/2019\/11\/FotoJet-13.jpg",620,435,false],"post-thumbnail":["https:\/\/arantv.az\/wp-content\/uploads\/2019\/11\/FotoJet-13-240x172.jpg",240,172,true],"advps-thumb-one":["https:\/\/arantv.az\/wp-content\/uploads\/2019\/11\/FotoJet-13.jpg",620,435,false]},"rttpg_author":{"display_name":"V\u00fcsal Rafiqo\u011flu","author_link":"https:\/\/arantv.az\/?author=2"},"rttpg_comment":0,"rttpg_category":"<a href=\"https:\/\/arantv.az\/?cat=1\" rel=\"category\">C\u0259miyy\u0259t<\/a>","rttpg_excerpt":"Milli M\u0259clisin deputat\u0131 Ayd\u0131n Mirz\u0259zad\u0259\u00a0\u201cFacebook\u201d s\u0259hif\u0259sind\u0259 t\u0259sirli payla\u015f\u0131m edib. Mill\u0259t v\u0259kili payla\u015f\u0131m\u0131nda qeyd edib ki, Az\u0259rbaycan radiosunda D\u00f6vl\u0259t Bayra\u011f\u0131 G\u00fcn\u00fc m\u00fcnasib\u0259til\u0259 verili\u015f\u0259 d\u0259v\u0259t edilib. Verili\u015f\u0259 t\u0259sirli \u015f\u0259kil v\u0259 m\u0259tn g\u00f6nd\u0259rilib. M\u0259tnd\u0259 is\u0259 bu s\u00f6zl\u0259r yaz\u0131l\u0131b: \u201cBu a\u011flayan m\u0259nim \u015fagirdimdir. \u015e\u0259hid R\u0259\u015fad Ataki\u015fiyevin qarda\u015f\u0131 o\u011fludur. D\u00fcn\u0259n d\u0259rsd\u0259 v\u0259t\u0259n, \u015f\u0259hidl\u0259r m\u00f6vzusunda s\u00f6hb\u0259timiz \u0259snas\u0131nda g\u00f6rd\u00fcm, a\u011flay\u0131r. Dedi, \u0259mim&hellip;","_links":{"self":[{"href":"https:\/\/arantv.az\/index.php?rest_route=\/wp\/v2\/posts\/94407"}],"collection":[{"href":"https:\/\/arantv.az\/index.php?rest_route=\/wp\/v2\/posts"}],"about":[{"href":"https:\/\/arantv.az\/index.php?rest_route=\/wp\/v2\/types\/post"}],"author":[{"embeddable":true,"href":"https:\/\/arantv.az\/index.php?rest_route=\/wp\/v2\/users\/2"}],"replies":[{"embeddable":true,"href":"https:\/\/arantv.az\/index.php?rest_route=%2Fwp%2Fv2%2Fcomments&post=94407"}],"version-history":[{"count":0,"href":"https:\/\/arantv.az\/index.php?rest_route=\/wp\/v2\/posts\/94407\/revisions"}],"wp:featuredmedia":[{"embeddable":true,"href":"https:\/\/arantv.az\/index.php?rest_route=\/wp\/v2\/media\/94408"}],"wp:attachment":[{"href":"https:\/\/arantv.az\/index.php?rest_route=%2Fwp%2Fv2%2Fmedia&parent=94407"}],"wp:term":[{"taxonomy":"category","embeddable":true,"href":"https:\/\/arantv.az\/index.php?rest_route=%2Fwp%2Fv2%2Fcategories&post=94407"},{"taxonomy":"post_tag","embeddable":true,"href":"https:\/\/arantv.az\/index.php?rest_route=%2Fwp%2Fv2%2Ftags&post=94407"}],"curies":[{"name":"wp","href":"https:\/\/api.w.org\/{rel}","templated":true}]}}