{"id":94411,"date":"2019-11-09T13:27:14","date_gmt":"2019-11-09T10:27:14","guid":{"rendered":"http:\/\/arantv.az\/?p=94411"},"modified":"2019-11-09T13:27:14","modified_gmt":"2019-11-09T10:27:14","slug":"rusiya-xin-d%c9%99n-az%c9%99rbaycanin-notasi-il%c9%99-bagli-b%c9%99yanat","status":"publish","type":"post","link":"https:\/\/arantv.az\/?p=94411","title":{"rendered":"Rusiya X\u0130N-d\u0259n Az\u0259rbaycan\u0131n notas\u0131 il\u0259 ba\u011fl\u0131 &#8211; B\u018fYANAT"},"content":{"rendered":"<p>Rusiya Xarici \u0130\u015fl\u0259r Nazirliyi, Az\u0259rbaycan\u0131n Erm\u0259nistan t\u0259r\u0259find\u0259n i\u015fgal olunan Da\u011fl\u0131q Qaraba\u011f \u0259razisind\u0259 yarad\u0131lan qondarma qurum \u201ct\u0259msil\u00e7il\u0259ri\u201d Masis Mayilyan v\u0259 Lernik Hovhannisyan\u0131n Rusiyaya s\u0259f\u0259rin\u0259 etiraz notas\u0131 il\u0259 ba\u011fl\u0131 b\u0259yanat yay\u0131b.<\/p>\n<p>B\u0259yanatda qeyd olunur ki, bu \u015f\u0259xsl\u0259rin s\u0259f\u0259ri \u015f\u0259xsi xarakter da\u015f\u0131y\u0131b.<\/p>\n<p>Bu hadis\u0259nin\u00a0Rusiya qanunvericiliyin\u0259,\u00a0beyn\u0259lxalq m\u00fcqavil\u0259l\u0259r\u0259 v\u0259\u00a0Rusiyan\u0131n Da\u011fl\u0131q Qaraba\u011fla ba\u011fl\u0131 m\u0259s\u0259l\u0259nin t\u0259nziml\u0259nm\u0259sind\u0259\u00a0vasit\u0259\u00e7ilik missiyas\u0131na zidd olmad\u0131\u011f\u0131 bildirilib.<\/p>\n<p>Rusiya Xarici \u0130\u015fl\u0259r Nazirliyi, eyni zamanda, AT\u018fT-in Minsk qrupu h\u0259ms\u0259dri kimi Da\u011fl\u0131q Qaraba\u011f m\u00fcnaqi\u015f\u0259sinin h\u0259llind\u0259 \u00f6z d\u0259st\u0259yini \u0259sirg\u0259m\u0259y\u0259c\u0259yini bildirib.<\/p>\n","protected":false},"excerpt":{"rendered":"<p>Rusiya Xarici \u0130\u015fl\u0259r Nazirliyi, Az\u0259rbaycan\u0131n Erm\u0259nistan t\u0259r\u0259find\u0259n i\u015fgal olunan Da\u011fl\u0131q Qaraba\u011f \u0259razisind\u0259 yarad\u0131lan qondarma qurum \u201ct\u0259msil\u00e7il\u0259ri\u201d Masis Mayilyan v\u0259 Lernik Hovhannisyan\u0131n Rusiyaya s\u0259f\u0259rin\u0259 etiraz notas\u0131 il\u0259 ba\u011fl\u0131 b\u0259yanat yay\u0131b. B\u0259yanatda qeyd olunur ki, bu \u015f\u0259xsl\u0259rin s\u0259f\u0259ri \u015f\u0259xsi xarakter da\u015f\u0131y\u0131b. Bu hadis\u0259nin\u00a0Rusiya qanunvericiliyin\u0259,\u00a0beyn\u0259lxalq m\u00fcqavil\u0259l\u0259r\u0259 v\u0259\u00a0Rusiyan\u0131n Da\u011fl\u0131q Qaraba\u011fla ba\u011fl\u0131 m\u0259s\u0259l\u0259nin t\u0259nziml\u0259nm\u0259sind\u0259\u00a0vasit\u0259\u00e7ilik missiyas\u0131na zidd olmad\u0131\u011f\u0131 bildirilib. Rusiya Xarici \u0130\u015fl\u0259r Nazirliyi, eyni zamanda, AT\u018fT-in Minsk qrupu h\u0259ms\u0259dri kimi Da\u011fl\u0131q Qaraba\u011f m\u00fcnaqi\u015f\u0259sinin h\u0259llind\u0259 \u00f6z d\u0259st\u0259yini \u0259sirg\u0259m\u0259y\u0259c\u0259yini bildirib.<\/p>\n","protected":false},"author":2,"featured_media":94412,"comment_status":"closed","ping_status":"closed","sticky":false,"template":"","format":"standard","meta":{"om_disable_all_campaigns":false,"_monsterinsights_skip_tracking":false,"_monsterinsights_sitenote_active":false,"_monsterinsights_sitenote_note":"","_monsterinsights_sitenote_category":0},"categories":[1],"tags":[],"aioseo_notices":[],"gutentor_comment":0,"rttpg_featured_image_url":{"full":["https:\/\/arantv.az\/wp-content\/uploads\/2019\/11\/lavrov-1.jpg",620,414,false],"landscape":["https:\/\/arantv.az\/wp-content\/uploads\/2019\/11\/lavrov-1.jpg",620,414,false],"portraits":["https:\/\/arantv.az\/wp-content\/uploads\/2019\/11\/lavrov-1.jpg",620,414,false],"thumbnail":["https:\/\/arantv.az\/wp-content\/uploads\/2019\/11\/lavrov-1-150x150.jpg",150,150,true],"medium":["https:\/\/arantv.az\/wp-content\/uploads\/2019\/11\/lavrov-1-300x200.jpg",300,200,true],"large":["https:\/\/arantv.az\/wp-content\/uploads\/2019\/11\/lavrov-1.jpg",620,414,false],"1536x1536":["https:\/\/arantv.az\/wp-content\/uploads\/2019\/11\/lavrov-1.jpg",620,414,false],"2048x2048":["https:\/\/arantv.az\/wp-content\/uploads\/2019\/11\/lavrov-1.jpg",620,414,false],"post-thumbnail":["https:\/\/arantv.az\/wp-content\/uploads\/2019\/11\/lavrov-1-240x172.jpg",240,172,true],"advps-thumb-one":["https:\/\/arantv.az\/wp-content\/uploads\/2019\/11\/lavrov-1.jpg",620,414,false]},"rttpg_author":{"display_name":"V\u00fcsal Rafiqo\u011flu","author_link":"https:\/\/arantv.az\/?author=2"},"rttpg_comment":0,"rttpg_category":"<a href=\"https:\/\/arantv.az\/?cat=1\" rel=\"category\">C\u0259miyy\u0259t<\/a>","rttpg_excerpt":"Rusiya Xarici \u0130\u015fl\u0259r Nazirliyi, Az\u0259rbaycan\u0131n Erm\u0259nistan t\u0259r\u0259find\u0259n i\u015fgal olunan Da\u011fl\u0131q Qaraba\u011f \u0259razisind\u0259 yarad\u0131lan qondarma qurum \u201ct\u0259msil\u00e7il\u0259ri\u201d Masis Mayilyan v\u0259 Lernik Hovhannisyan\u0131n Rusiyaya s\u0259f\u0259rin\u0259 etiraz notas\u0131 il\u0259 ba\u011fl\u0131 b\u0259yanat yay\u0131b. B\u0259yanatda qeyd olunur ki, bu \u015f\u0259xsl\u0259rin s\u0259f\u0259ri \u015f\u0259xsi xarakter da\u015f\u0131y\u0131b. Bu hadis\u0259nin\u00a0Rusiya qanunvericiliyin\u0259,\u00a0beyn\u0259lxalq m\u00fcqavil\u0259l\u0259r\u0259 v\u0259\u00a0Rusiyan\u0131n Da\u011fl\u0131q Qaraba\u011fla ba\u011fl\u0131 m\u0259s\u0259l\u0259nin t\u0259nziml\u0259nm\u0259sind\u0259\u00a0vasit\u0259\u00e7ilik missiyas\u0131na zidd olmad\u0131\u011f\u0131 bildirilib. Rusiya Xarici&hellip;","_links":{"self":[{"href":"https:\/\/arantv.az\/index.php?rest_route=\/wp\/v2\/posts\/94411"}],"collection":[{"href":"https:\/\/arantv.az\/index.php?rest_route=\/wp\/v2\/posts"}],"about":[{"href":"https:\/\/arantv.az\/index.php?rest_route=\/wp\/v2\/types\/post"}],"author":[{"embeddable":true,"href":"https:\/\/arantv.az\/index.php?rest_route=\/wp\/v2\/users\/2"}],"replies":[{"embeddable":true,"href":"https:\/\/arantv.az\/index.php?rest_route=%2Fwp%2Fv2%2Fcomments&post=94411"}],"version-history":[{"count":0,"href":"https:\/\/arantv.az\/index.php?rest_route=\/wp\/v2\/posts\/94411\/revisions"}],"wp:featuredmedia":[{"embeddable":true,"href":"https:\/\/arantv.az\/index.php?rest_route=\/wp\/v2\/media\/94412"}],"wp:attachment":[{"href":"https:\/\/arantv.az\/index.php?rest_route=%2Fwp%2Fv2%2Fmedia&parent=94411"}],"wp:term":[{"taxonomy":"category","embeddable":true,"href":"https:\/\/arantv.az\/index.php?rest_route=%2Fwp%2Fv2%2Fcategories&post=94411"},{"taxonomy":"post_tag","embeddable":true,"href":"https:\/\/arantv.az\/index.php?rest_route=%2Fwp%2Fv2%2Ftags&post=94411"}],"curies":[{"name":"wp","href":"https:\/\/api.w.org\/{rel}","templated":true}]}}